{"id":8591,"date":"2025-01-01T13:43:23","date_gmt":"2025-01-01T16:43:23","guid":{"rendered":"https:\/\/www1.unicap.br\/observatorio2\/?p=8591"},"modified":"2025-09-05T10:39:21","modified_gmt":"2025-09-05T13:39:21","slug":"partilha-da-humanidade","status":"publish","type":"post","link":"https:\/\/www1.unicap.br\/observatorio2\/?p=8591","title":{"rendered":"PARTILHA DA HUMANIDADE"},"content":{"rendered":"\n<p>Resultado da parceria com companheiros latino-americanos que fomentam a uni\u00e3o de f\u00e9 e direitos, surgiu o <a href=\"https:\/\/creocomunidad.org\/\" target=\"_blank\" rel=\"noreferrer noopener\">projeto &#8220;Creo&#8221;<\/a> (Creio), uma comunidade virtual que busca potencializar a comunica\u00e7\u00e3o de organiza\u00e7\u00f5es religiosas, l\u00edderes e ativistas que promovem os direitos humanos entre e atrav\u00e9s das religi\u00f5es e espiritualidades. Pelo nosso <a href=\"https:\/\/www1.unicap.br\/observatorio2\/\" target=\"_blank\" rel=\"noreferrer noopener\">Observat\u00f3rio Transdisciplinar das Religi\u00f5es no Recife<\/a>, a pesquisadora <a href=\"https:\/\/www1.unicap.br\/observatorio2\/?p=7143\" target=\"_blank\" rel=\"noreferrer noopener\">Rayane Marinho<\/a> (foto abaixo) tem colaborado ativamente nessa comunidade, inclusive produzindo uma s\u00e9rie de programas sobre desafios dos direitos emergentes para o di\u00e1logo entre religi\u00f5es, na <a href=\"https:\/\/www1.unicap.br\/observatorio2\/?p=6673\" target=\"_blank\" rel=\"noreferrer noopener\">s\u00e9rie &#8220;Tucrepodcast&#8221;<\/a>.<\/p>\n\n\n<div class=\"wp-block-image\">\n<figure class=\"alignright size-large is-resized\"><img loading=\"lazy\" decoding=\"async\" width=\"610\" height=\"1024\" src=\"https:\/\/www1.unicap.br\/observatorio2\/wp-content\/uploads\/2025\/01\/410866115_3744341025852826_8380578893747072012_n-610x1024.jpg\" alt=\"\" class=\"wp-image-8594\" style=\"width:196px;height:auto\" srcset=\"https:\/\/www1.unicap.br\/observatorio2\/wp-content\/uploads\/2025\/01\/410866115_3744341025852826_8380578893747072012_n-610x1024.jpg 610w, https:\/\/www1.unicap.br\/observatorio2\/wp-content\/uploads\/2025\/01\/410866115_3744341025852826_8380578893747072012_n-179x300.jpg 179w, https:\/\/www1.unicap.br\/observatorio2\/wp-content\/uploads\/2025\/01\/410866115_3744341025852826_8380578893747072012_n.jpg 750w\" sizes=\"auto, (max-width: 610px) 100vw, 610px\" \/><\/figure>\n<\/div>\n\n\n<p>Agora, Rayane est\u00e1 organizando, com o nosso engajamento e em parceria com o <a href=\"https:\/\/www.instagram.com\/oforumdialogos\/\" target=\"_blank\" rel=\"noreferrer noopener\">F\u00f3rum Di\u00e1logos<\/a>, que anima o respeito \u00e0 diversidade religiosa em Pernambuco, uma interven\u00e7\u00e3o pedag\u00f3gica chamada &#8220;Di\u00e1logos na Mesa&#8221;, relacionada \u00e0 forma como as diferentes religi\u00f5es e religiosidades observam a rela\u00e7\u00e3o com a comida (basicamente, a gente \u00e9 o que come!) e como a partilha do alimento \u00e9 um ensinamento presente nos caminhos espirituais: o bem comum que passa pela sacralidade do comer compartilhado. Com efeito, as religi\u00f5es pregam que, em vez da avidez insaci\u00e1vel por dinheiro, prest\u00edgio e consumo, o sentido de modera\u00e7\u00e3o, mod\u00e9stia e partilha deve reinar entre n\u00f3s: pois na avidez os humanos perdem as suas almas, liberdade interior e, portanto, aquilo que os faz humanos.<\/p>\n\n\n\n<p>O objetivo final dessa nova temporada de comunica\u00e7\u00f5es educativas que Ray est\u00e1 preparando para a rede &#8220;Creo&#8221; \u00e9 ter um impacto positivo na sociedade, reunindo diferentes religi\u00f5es na mesma mesa para compartilhar comida com pessoas empobrecidas, para participar de campanhas contra a fome e se engajar em projetos de inclus\u00e3o. E mostrar como a justi\u00e7a social na luta por seguran\u00e7a alimentar e bem viver \u00e9 uma causa viva em todos os princ\u00edpios religiosos. A iniciativa envolve a produ\u00e7\u00e3o de audiovisuais com v\u00e1rias lideran\u00e7as espirituais, que ser\u00e3o divulgados nas redes sociais, bem como momentos de conviv\u00eancia e partilha: como o Caf\u00e9 da Coexist\u00eancia Espiritual que vai acontecer na Casa do P\u00e3o do Recife no pr\u00f3ximo 25 de janeiro, celebrando o Dia Nacional de Combate \u00e0 Intoler\u00e2ncia Religiosa. Que venham tempos novos, mais compartilhados e humanos e, portanto, mais divinos!<\/p>\n\n\n\n<figure class=\"wp-block-image size-large is-resized\"><img loading=\"lazy\" decoding=\"async\" width=\"1024\" height=\"534\" src=\"https:\/\/www1.unicap.br\/observatorio2\/wp-content\/uploads\/2025\/01\/image-1024x534.png\" alt=\"\" class=\"wp-image-8592\" style=\"width:526px;height:auto\" srcset=\"https:\/\/www1.unicap.br\/observatorio2\/wp-content\/uploads\/2025\/01\/image-1024x534.png 1024w, https:\/\/www1.unicap.br\/observatorio2\/wp-content\/uploads\/2025\/01\/image-300x157.png 300w, https:\/\/www1.unicap.br\/observatorio2\/wp-content\/uploads\/2025\/01\/image-575x300.png 575w, https:\/\/www1.unicap.br\/observatorio2\/wp-content\/uploads\/2025\/01\/image.png 1495w\" sizes=\"auto, (max-width: 1024px) 100vw, 1024px\" \/><\/figure>\n\n\n\n<p id=\"tw-target-text\"><\/p>\n\n\n\n<figure class=\"wp-block-image size-large is-resized\"><img loading=\"lazy\" decoding=\"async\" width=\"1024\" height=\"549\" src=\"https:\/\/www1.unicap.br\/observatorio2\/wp-content\/uploads\/2025\/01\/image-2-1024x549.png\" alt=\"\" class=\"wp-image-8643\" style=\"width:530px;height:auto\" srcset=\"https:\/\/www1.unicap.br\/observatorio2\/wp-content\/uploads\/2025\/01\/image-2-1024x549.png 1024w, https:\/\/www1.unicap.br\/observatorio2\/wp-content\/uploads\/2025\/01\/image-2-300x161.png 300w, https:\/\/www1.unicap.br\/observatorio2\/wp-content\/uploads\/2025\/01\/image-2-1536x823.png 1536w, https:\/\/www1.unicap.br\/observatorio2\/wp-content\/uploads\/2025\/01\/image-2-560x300.png 560w, https:\/\/www1.unicap.br\/observatorio2\/wp-content\/uploads\/2025\/01\/image-2.png 2048w\" sizes=\"auto, (max-width: 1024px) 100vw, 1024px\" \/><\/figure>\n\n\n\n<p><\/p>\n\n\n\n<figure class=\"wp-block-image size-full\"><img loading=\"lazy\" decoding=\"async\" width=\"526\" height=\"526\" src=\"https:\/\/www1.unicap.br\/observatorio2\/wp-content\/uploads\/2025\/01\/image-1.png\" alt=\"\" class=\"wp-image-8613\" srcset=\"https:\/\/www1.unicap.br\/observatorio2\/wp-content\/uploads\/2025\/01\/image-1.png 526w, https:\/\/www1.unicap.br\/observatorio2\/wp-content\/uploads\/2025\/01\/image-1-300x300.png 300w, https:\/\/www1.unicap.br\/observatorio2\/wp-content\/uploads\/2025\/01\/image-1-150x150.png 150w\" sizes=\"auto, (max-width: 526px) 100vw, 526px\" \/><\/figure>\n\n\n\n<p id=\"tw-target-text\"><br><br><\/p>\n","protected":false},"excerpt":{"rendered":"<p>Resultado da parceria com companheiros latino-americanos que fomentam a uni\u00e3o de f\u00e9 e direitos, surgiu o projeto &#8220;Creo&#8221; (Creio), uma comunidade virtual que busca potencializar a comunica\u00e7\u00e3o de organiza\u00e7\u00f5es religiosas, l\u00edderes e ativistas que promovem os direitos humanos entre e atrav\u00e9s das religi\u00f5es e espiritualidades. Pelo nosso Observat\u00f3rio Transdisciplinar das Religi\u00f5es no Recife, a pesquisadora&#8230; <\/p>\n<div class=\"link-more\"><a href=\"https:\/\/www1.unicap.br\/observatorio2\/?p=8591\">Leia mais<\/a><\/div>\n","protected":false},"author":2,"featured_media":8595,"comment_status":"open","ping_status":"open","sticky":false,"template":"","format":"standard","meta":{"footnotes":""},"categories":[4],"tags":[],"class_list":["post-8591","post","type-post","status-publish","format-standard","has-post-thumbnail","hentry","category-noticias"],"_links":{"self":[{"href":"https:\/\/www1.unicap.br\/observatorio2\/index.php?rest_route=\/wp\/v2\/posts\/8591","targetHints":{"allow":["GET"]}}],"collection":[{"href":"https:\/\/www1.unicap.br\/observatorio2\/index.php?rest_route=\/wp\/v2\/posts"}],"about":[{"href":"https:\/\/www1.unicap.br\/observatorio2\/index.php?rest_route=\/wp\/v2\/types\/post"}],"author":[{"embeddable":true,"href":"https:\/\/www1.unicap.br\/observatorio2\/index.php?rest_route=\/wp\/v2\/users\/2"}],"replies":[{"embeddable":true,"href":"https:\/\/www1.unicap.br\/observatorio2\/index.php?rest_route=%2Fwp%2Fv2%2Fcomments&post=8591"}],"version-history":[{"count":11,"href":"https:\/\/www1.unicap.br\/observatorio2\/index.php?rest_route=\/wp\/v2\/posts\/8591\/revisions"}],"predecessor-version":[{"id":8905,"href":"https:\/\/www1.unicap.br\/observatorio2\/index.php?rest_route=\/wp\/v2\/posts\/8591\/revisions\/8905"}],"wp:featuredmedia":[{"embeddable":true,"href":"https:\/\/www1.unicap.br\/observatorio2\/index.php?rest_route=\/wp\/v2\/media\/8595"}],"wp:attachment":[{"href":"https:\/\/www1.unicap.br\/observatorio2\/index.php?rest_route=%2Fwp%2Fv2%2Fmedia&parent=8591"}],"wp:term":[{"taxonomy":"category","embeddable":true,"href":"https:\/\/www1.unicap.br\/observatorio2\/index.php?rest_route=%2Fwp%2Fv2%2Fcategories&post=8591"},{"taxonomy":"post_tag","embeddable":true,"href":"https:\/\/www1.unicap.br\/observatorio2\/index.php?rest_route=%2Fwp%2Fv2%2Ftags&post=8591"}],"curies":[{"name":"wp","href":"https:\/\/api.w.org\/{rel}","templated":true}]}}