{"id":7084,"date":"2022-08-21T20:13:45","date_gmt":"2022-08-21T23:13:45","guid":{"rendered":"https:\/\/www1.unicap.br\/observatorio2\/?p=7084"},"modified":"2024-09-18T12:43:34","modified_gmt":"2024-09-18T15:43:34","slug":"tesouro-dos-velhos","status":"publish","type":"post","link":"https:\/\/www1.unicap.br\/observatorio2\/?p=7084","title":{"rendered":"TESOURO D@S MAIS VELH@S"},"content":{"rendered":"<div class=\"wp-block-image\">\n<figure class=\"alignleft size-full is-resized\"><img loading=\"lazy\" decoding=\"async\" width=\"662\" height=\"960\" src=\"https:\/\/www1.unicap.br\/observatorio2\/wp-content\/uploads\/2022\/08\/21557945_10212356105731162_4778366193177115598_n.jpg\" alt=\"\" class=\"wp-image-7089\" style=\"width:208px;height:301px\" srcset=\"https:\/\/www1.unicap.br\/observatorio2\/wp-content\/uploads\/2022\/08\/21557945_10212356105731162_4778366193177115598_n.jpg 662w, https:\/\/www1.unicap.br\/observatorio2\/wp-content\/uploads\/2022\/08\/21557945_10212356105731162_4778366193177115598_n-207x300.jpg 207w\" sizes=\"auto, (max-width: 662px) 100vw, 662px\" \/><\/figure>\n<\/div>\n\n\n<p>No \u00faltimo 16 de agosto, v\u00edtima de c\u00e2ncer aos 85 anos, Ad\u00e9lia partiu. Ela participava assiduamente do grupo de estudo do nosso Observat\u00f3rio das Religi\u00f5es nas quartas-feiras: vinha de \u00f4nibus e sempre trazia suco (das frutas que pegava do vizinho) e biscoitos (do refeit\u00f3rio do convento) pra partilhar com os estudantes famintos no final da tarde. <\/p>\n\n\n\n<p>Ad\u00e9lia Carvalho era mission\u00e1ria salesiana mas tamb\u00e9m artista pl\u00e1stica: transmitia espiritualidade pela arte e pintava a sua vida religiosa com a maior beleza. Ad\u00e9lia era Artista da Caminhada, retratava em seus quadros engajados a vida sofrida das nossas Severinas e Severinos, mas sobretudo simbolizava a esperan\u00e7a do povo afrolat\u00edndio de alcan\u00e7ar justi\u00e7a socioambiental, em uma sociedade de Bem Viver (sua pintura Amer\u00edndia foi capa do segundo livro da nossa s\u00e9rie sobre &#8220;<a rel=\"noreferrer noopener\" href=\"https:\/\/www1.unicap.br\/observatorio2\/wp-content\/uploads\/2018\/08\/E-book-Espiritualidades-transdisciplinaridade-e-di%C3%A1logo-2_Observat%C3%B3rio-das-Religi%C3%B5es-no-Recife-1.pdf\" target=\"_blank\">Espiritualidades, transdisciplinaridade e di\u00e1logo<\/a>&#8220;). <\/p>\n\n\n\n<figure class=\"wp-block-gallery has-nested-images columns-default is-cropped wp-block-gallery-1 is-layout-flex wp-block-gallery-is-layout-flex\">\n<figure class=\"wp-block-image size-large\"><img loading=\"lazy\" decoding=\"async\" width=\"1024\" height=\"768\" data-id=\"7091\" src=\"https:\/\/www1.unicap.br\/observatorio2\/wp-content\/uploads\/2022\/08\/70904961_2512021669084774_8551133797318393856_n-1024x768.jpg\" alt=\"\" class=\"wp-image-7091\" srcset=\"https:\/\/www1.unicap.br\/observatorio2\/wp-content\/uploads\/2022\/08\/70904961_2512021669084774_8551133797318393856_n-1024x768.jpg 1024w, https:\/\/www1.unicap.br\/observatorio2\/wp-content\/uploads\/2022\/08\/70904961_2512021669084774_8551133797318393856_n-300x225.jpg 300w, https:\/\/www1.unicap.br\/observatorio2\/wp-content\/uploads\/2022\/08\/70904961_2512021669084774_8551133797318393856_n-400x300.jpg 400w, https:\/\/www1.unicap.br\/observatorio2\/wp-content\/uploads\/2022\/08\/70904961_2512021669084774_8551133797318393856_n.jpg 1080w\" sizes=\"auto, (max-width: 1024px) 100vw, 1024px\" \/><\/figure>\n\n\n\n<figure class=\"wp-block-image size-large\"><img loading=\"lazy\" decoding=\"async\" width=\"909\" height=\"694\" data-id=\"7095\" src=\"https:\/\/www1.unicap.br\/observatorio2\/wp-content\/uploads\/2022\/08\/36454287_10214511182086724_4371335851792138240_n.jpg\" alt=\"\" class=\"wp-image-7095\" srcset=\"https:\/\/www1.unicap.br\/observatorio2\/wp-content\/uploads\/2022\/08\/36454287_10214511182086724_4371335851792138240_n.jpg 909w, https:\/\/www1.unicap.br\/observatorio2\/wp-content\/uploads\/2022\/08\/36454287_10214511182086724_4371335851792138240_n-300x229.jpg 300w, https:\/\/www1.unicap.br\/observatorio2\/wp-content\/uploads\/2022\/08\/36454287_10214511182086724_4371335851792138240_n-393x300.jpg 393w\" sizes=\"auto, (max-width: 909px) 100vw, 909px\" \/><\/figure>\n<\/figure>\n\n\n\n<p><\/p>\n\n\n\n<p>A irm\u00e3 era tamb\u00e9m animadora de Comunidades Crist\u00e3s de Base e facilitadora do Centro Ecum\u00eanico de Estudos B\u00edblicos, onde desenvolveu aprendizagens l\u00fadicas pra sermos mais descentrados e cuidadosos com os outros. Seus quadros, como os dos textos sagrados bem interpretados, destacam as figuras humanas (e perif\u00e9ricas, sempre com olhos amendoados): pra revelar que ali na esquina est\u00e1 o divino e nos olha, naquela pris\u00e3o, hospital ou favela. Onde a carne sofre, a\u00ed est\u00e1 Jesus, crucificado; onde a carne ama, cuida e se relaciona, a\u00ed est\u00e1 o Cristo, glorificado. <\/p>\n\n\n\n<p>Ad\u00e9lia era uma pessoa \u00edntegra, de gestos ternos e tra\u00e7os que encantavam. Ensaiava a est\u00e9tica de um outro mundo poss\u00edvel, onde a pr\u00f3pria espiritualidade crist\u00e3 transborda e se torna relacional e inclusiva, rompendo fronteiras entre sagrado e profano, criando pontes alterativas entre identidades que se estranham. Suas figuras t\u00e3o humanas, que s\u00f3 podem ser divinas, vivem fazendo roda e dan\u00e7ando ciranda, criando nas telas um vazio entre diferentes culturas e religi\u00f5es. A pintura de Ad\u00e9lia sugere sempre espa\u00e7o para um misterioso \u201cterceiro\u201d, entre e al\u00e9m. E por isso desperta para a mais aut\u00eantica m\u00edstica. <\/p>\n\n\n\n<figure class=\"wp-block-image size-large\"><img loading=\"lazy\" decoding=\"async\" width=\"1024\" height=\"734\" src=\"https:\/\/www1.unicap.br\/observatorio2\/wp-content\/uploads\/2022\/08\/78277074_10218323940483301_3057638933723611136_n-1024x734.jpg\" alt=\"\" class=\"wp-image-7098\" srcset=\"https:\/\/www1.unicap.br\/observatorio2\/wp-content\/uploads\/2022\/08\/78277074_10218323940483301_3057638933723611136_n-1024x734.jpg 1024w, https:\/\/www1.unicap.br\/observatorio2\/wp-content\/uploads\/2022\/08\/78277074_10218323940483301_3057638933723611136_n-300x215.jpg 300w, https:\/\/www1.unicap.br\/observatorio2\/wp-content\/uploads\/2022\/08\/78277074_10218323940483301_3057638933723611136_n-419x300.jpg 419w, https:\/\/www1.unicap.br\/observatorio2\/wp-content\/uploads\/2022\/08\/78277074_10218323940483301_3057638933723611136_n.jpg 1080w\" sizes=\"auto, (max-width: 1024px) 100vw, 1024px\" \/><\/figure>\n\n\n\n<p><\/p>\n\n\n\n<p>A Irm\u00e3 Ad\u00e9lia ajudou a gente a entrecruzar caminhos entre e para al\u00e9m das religi\u00f5es formais. Pois, afinal, os templos apontam para o c\u00e9u: se ficarmos apenas olhando os templos, perderemos o c\u00e9u estrelado e o seu reflexo: em nosso interior, na natureza e na hist\u00f3ria, nos olhos do outro. <\/p>\n\n\n\n<p>Obrigado, Ad\u00e9lia, por desenhar caminhos de alteridade pra gente: j\u00e1 era assim quando trabalhou conosco fazendo cartilhas nos tempos de Dom Helder (cujo Encontro de Irm\u00e3os foi protagonista na <a rel=\"noreferrer noopener\" href=\"https:\/\/www.facebook.com\/gilbraz.aragao\/posts\/pfbid02Ezyeg3D2qugNKzXKyzWdnKvUvKdAmikHyT26g4oQA7LYbDRTQ9weTdpeFBmfF14vl\" target=\"_blank\">hist\u00f3ria do M\u00eas da B\u00edblia no Brasil<\/a>). E faz uns dez anos ela apareceu em nosso grupo na UNICAP, j\u00e1 reconhecida no mundo das artes, com uma express\u00e3o mais apurada e o esp\u00edrito de sempre: aberto, atento, art\u00edstico e educativo. <\/p>\n\n\n<div class=\"wp-block-image\">\n<figure class=\"alignright size-full is-resized\"><img loading=\"lazy\" decoding=\"async\" width=\"415\" height=\"586\" src=\"https:\/\/www1.unicap.br\/observatorio2\/wp-content\/uploads\/2022\/08\/Captura-de-tela-2022-08-21-190512-1.jpg\" alt=\"\" class=\"wp-image-7123\" style=\"width:210px;height:295px\" srcset=\"https:\/\/www1.unicap.br\/observatorio2\/wp-content\/uploads\/2022\/08\/Captura-de-tela-2022-08-21-190512-1.jpg 415w, https:\/\/www1.unicap.br\/observatorio2\/wp-content\/uploads\/2022\/08\/Captura-de-tela-2022-08-21-190512-1-212x300.jpg 212w\" sizes=\"auto, (max-width: 415px) 100vw, 415px\" \/><\/figure>\n<\/div>\n\n\n<p>Por isso, em sua homenagem e como presente para as novas gera\u00e7\u00f5es, o Observat\u00f3rio digitalizou e reeditou o livrinho &#8220;O tesouro dos mais velhos&#8221;, sobre a experi\u00eancia de Deus do povo da B\u00edblia ou de nossos irm\u00e3os mais velhos na f\u00e9, que ela produziu com o professor Gilbraz e o padre Cl\u00e1udio Sartori e fez sucesso anos atr\u00e1s. O texto tem por base as pesquisas &#8220;<a href=\"https:\/\/edisciplinas.usp.br\/pluginfile.php\/7947980\/mod_folder\/content\/0\/BRIGHT%2C%20John.%20Hist%C3%B3ria%20de%20Israel.pdf\" target=\"_blank\" rel=\"noreferrer noopener\">Hist\u00f3ria de Israel<\/a>&#8220;, &#8220;<a href=\"https:\/\/edisciplinas.usp.br\/pluginfile.php\/7947980\/mod_folder\/content\/0\/GOTTWALD%2C%20Norman.%20Introdu%C3%A7%C3%A3o%20socioliter%C3%A1ria%20%C3%A0%20B%C3%ADblia%20Hebraica.pdf\" target=\"_blank\" rel=\"noreferrer noopener\">Introdu\u00e7\u00e3o socioliter\u00e1ria \u00e0 B\u00edblia hebraica<\/a>&#8221; e &#8220;<a href=\"https:\/\/www.amazon.com.br\/As-Tribos-Iahweh-Norman-Gottwald\/dp\/8534922330\" target=\"_blank\" rel=\"noreferrer noopener\">As Tribos de Iahweh<\/a>&#8220;.<\/p>\n\n\n\n<p>Quem era o Deus no qual acreditava o povo de Jesus? Qual a rela\u00e7\u00e3o dessa \u201cimagem\u201d de Deus com a hist\u00f3ria do povo? Que inspira\u00e7\u00e3o essa experi\u00eancia pode trazer para as comunidades crist\u00e3s de hoje? Esse livrinho, ricamente ilustrado por Ad\u00e9lia, quer ajudar a responder a essas quest\u00f5es, quer ajudar na atualiza\u00e7\u00e3o da mensagem do Antigo Testamento &#8211; que \u00e9 refer\u00eancia tanto para os seguidores de Jesus Cristo, como tamb\u00e9m para o seu povo judeu e os irm\u00e3os mu\u00e7ulmanos.<\/p>\n\n\n\n<p><\/p>\n\n\n\n<p class=\"has-text-align-right\"><strong>Baixe o livrinho de Ad\u00e9lia <a href=\"https:\/\/www1.unicap.br\/observatorio2\/wp-content\/uploads\/2022\/08\/livrinho-Adelia.pdf\" target=\"_blank\" rel=\"noreferrer noopener\">aqui<\/a>.<\/strong><\/p>\n","protected":false},"excerpt":{"rendered":"<p>No \u00faltimo 16 de agosto, v\u00edtima de c\u00e2ncer aos 85 anos, Ad\u00e9lia partiu. Ela participava assiduamente do grupo de estudo do nosso Observat\u00f3rio das Religi\u00f5es nas quartas-feiras: vinha de \u00f4nibus e sempre trazia suco (das frutas que pegava do vizinho) e biscoitos (do refeit\u00f3rio do convento) pra partilhar com os estudantes famintos no final da&#8230; <\/p>\n<div class=\"link-more\"><a href=\"https:\/\/www1.unicap.br\/observatorio2\/?p=7084\">Leia mais<\/a><\/div>\n","protected":false},"author":2,"featured_media":7088,"comment_status":"open","ping_status":"open","sticky":false,"template":"","format":"standard","meta":{"footnotes":""},"categories":[4],"tags":[],"class_list":["post-7084","post","type-post","status-publish","format-standard","has-post-thumbnail","hentry","category-noticias"],"_links":{"self":[{"href":"https:\/\/www1.unicap.br\/observatorio2\/index.php?rest_route=\/wp\/v2\/posts\/7084","targetHints":{"allow":["GET"]}}],"collection":[{"href":"https:\/\/www1.unicap.br\/observatorio2\/index.php?rest_route=\/wp\/v2\/posts"}],"about":[{"href":"https:\/\/www1.unicap.br\/observatorio2\/index.php?rest_route=\/wp\/v2\/types\/post"}],"author":[{"embeddable":true,"href":"https:\/\/www1.unicap.br\/observatorio2\/index.php?rest_route=\/wp\/v2\/users\/2"}],"replies":[{"embeddable":true,"href":"https:\/\/www1.unicap.br\/observatorio2\/index.php?rest_route=%2Fwp%2Fv2%2Fcomments&post=7084"}],"version-history":[{"count":22,"href":"https:\/\/www1.unicap.br\/observatorio2\/index.php?rest_route=\/wp\/v2\/posts\/7084\/revisions"}],"predecessor-version":[{"id":8321,"href":"https:\/\/www1.unicap.br\/observatorio2\/index.php?rest_route=\/wp\/v2\/posts\/7084\/revisions\/8321"}],"wp:featuredmedia":[{"embeddable":true,"href":"https:\/\/www1.unicap.br\/observatorio2\/index.php?rest_route=\/wp\/v2\/media\/7088"}],"wp:attachment":[{"href":"https:\/\/www1.unicap.br\/observatorio2\/index.php?rest_route=%2Fwp%2Fv2%2Fmedia&parent=7084"}],"wp:term":[{"taxonomy":"category","embeddable":true,"href":"https:\/\/www1.unicap.br\/observatorio2\/index.php?rest_route=%2Fwp%2Fv2%2Fcategories&post=7084"},{"taxonomy":"post_tag","embeddable":true,"href":"https:\/\/www1.unicap.br\/observatorio2\/index.php?rest_route=%2Fwp%2Fv2%2Ftags&post=7084"}],"curies":[{"name":"wp","href":"https:\/\/api.w.org\/{rel}","templated":true}]}}