{"id":5234,"date":"2019-12-28T11:20:19","date_gmt":"2019-12-28T14:20:19","guid":{"rendered":"https:\/\/www1.unicap.br\/observatorio2\/?p=5234"},"modified":"2020-01-24T14:23:37","modified_gmt":"2020-01-24T17:23:37","slug":"recife-desponta-como-polo-de-dialogo","status":"publish","type":"post","link":"https:\/\/www1.unicap.br\/observatorio2\/?p=5234","title":{"rendered":"RECIFE DESPONTA COMO POLO DE DI\u00c1LOGO"},"content":{"rendered":"\n<div class=\"wp-block-image\"><figure class=\"alignright size-large is-resized\"><img loading=\"lazy\" decoding=\"async\" src=\"https:\/\/www1.unicap.br\/observatorio2\/wp-content\/uploads\/2019\/12\/78687417_10218279158123770_881572080800235520_n.jpg\" alt=\"\" class=\"wp-image-5235\" width=\"290\" height=\"387\" srcset=\"https:\/\/www1.unicap.br\/observatorio2\/wp-content\/uploads\/2019\/12\/78687417_10218279158123770_881572080800235520_n.jpg 720w, https:\/\/www1.unicap.br\/observatorio2\/wp-content\/uploads\/2019\/12\/78687417_10218279158123770_881572080800235520_n-225x300.jpg 225w, https:\/\/www1.unicap.br\/observatorio2\/wp-content\/uploads\/2019\/12\/78687417_10218279158123770_881572080800235520_n-630x840.jpg 630w\" sizes=\"auto, (max-width: 290px) 100vw, 290px\" \/><\/figure><\/div>\n\n\n\n<p>Este ano a Festa do Morro da Concei\u00e7\u00e3o, maior festival religioso do Recife e arredores, teve uma novidade (que resgatou antiga tradi\u00e7\u00e3o dessa festividade): na semana pr\u00e9via, no s\u00e1bado 23 de novembro, aconteceu uma celebra\u00e7\u00e3o inter-religiosa aos p\u00e9s da imagem da santa, na Pra\u00e7a do Morro. Al\u00e9m dos representantes de v\u00e1rias religi\u00f5es, mais de quarenta terreiros de xang\u00f4, jurema e umbanda participaram, haja vista a afinidade da sua Iemanj\u00e1 com a Concei\u00e7\u00e3o cat\u00f3lica (saiba mais por <a aria-label=\"aqui (abre numa nova aba)\" href=\"https:\/\/jconline.ne10.uol.com.br\/canal\/cidades\/geral\/noticia\/2019\/12\/07\/morro-da-conceicao-abraca-todas-as-religioes-sob-os-pes-de-nossa-senhora-394369.php\" target=\"_blank\" rel=\"noreferrer noopener\">aqui<\/a>). O reitor do Santu\u00e1rio do Morro, Mailson Reges, defendeu a import\u00e2ncia da mensagem que o culto macro ecum\u00eanico transmite nessa festa tradicional de Pernambuco: &#8220;Queremos dar um grito do Morro contra o \u00f3dio e a intoler\u00e2ncia. Estamos dando as m\u00e3os em uma mensagem de paz. O caminho \u00e9 o di\u00e1logo inter-religioso, que \u00e9 um pedido do Papa Francisco. Estamos pedindo um basta porque muitos terreiros est\u00e3o sendo agredidos, muitas igrejas s\u00e3o invadidas. As nossas diferen\u00e7as n\u00e3o podem ser motivo de guerra&#8221;. <\/p>\n\n\n\n<p>De fato, o Brasil, varrido por uma onda de conservadorismo pol\u00edtico e cultural, tem enfrentado aumento dos casos de intoler\u00e2ncia religiosa, em que crist\u00e3os fundamentalistas unem-se contra o ecumenismo e o di\u00e1logo, sobretudo contra as religi\u00f5es afro-ind\u00edgenas, contra imigrantes e especialmente os mu\u00e7ulmanos, unem-se pela catequese nas escolas e contra o \u201censino religioso\u201d laico e republicano, pela \u201cliberdade religiosa\u201d entendida como direito ao proselitismo intolerante e em favor da ocupa\u00e7\u00e3o do espa\u00e7o p\u00fablico pela \u201cb\u00edblia\u201d. Mas, no Recife e regi\u00e3o, cultiva-se uma hist\u00f3ria muito forte e cosmopolita de rela\u00e7\u00f5es interculturais e de abertura para o di\u00e1logo. J\u00e1 Dom Helder dizia que os templos apontam para o al\u00e9m e, se ficarmos apenas olhando as igrejas, perderemos o c\u00e9u estrelado e o seu reflexo em nosso interior, na natureza e na hist\u00f3ria, nos olhos dos outros. Nessa linha, muitos grupos de buscadores do di\u00e1logo surgiram em Pernambuco (como demonstrou <a aria-label=\"aqui (abre numa nova aba)\" rel=\"noreferrer noopener\" href=\"https:\/\/www1.unicap.br\/observatorio2\/?p=5139\" target=\"_blank\">aqui<\/a> o F\u00f3rum Di\u00e1logos): suas rodas e col\u00f3quios inter-religiosos exercitam a \u00e9tica do amor, que pode religar crentes antag\u00f4nicos em uma f\u00e9 trans-religiosa que se faz sil\u00eancio m\u00edstico ou atitude de cuidado comum pelos outros empobrecidos e necessitados e pelo nosso meio ambiente. &nbsp;<\/p>\n\n\n\n<div class=\"wp-block-image\"><figure class=\"alignleft size-large is-resized\"><img loading=\"lazy\" decoding=\"async\" src=\"https:\/\/www1.unicap.br\/observatorio2\/wp-content\/uploads\/2019\/12\/Anota\u00e7\u00e3o-2019-12-28-111453.png\" alt=\"\" class=\"wp-image-5236\" width=\"321\" height=\"453\" srcset=\"https:\/\/www1.unicap.br\/observatorio2\/wp-content\/uploads\/2019\/12\/Anota\u00e7\u00e3o-2019-12-28-111453.png 422w, https:\/\/www1.unicap.br\/observatorio2\/wp-content\/uploads\/2019\/12\/Anota\u00e7\u00e3o-2019-12-28-111453-213x300.png 213w\" sizes=\"auto, (max-width: 321px) 100vw, 321px\" \/><\/figure><\/div>\n\n\n\n<p>O atual arcebispo da Arquidiocese de Olinda e Recife, Dom Fernando Saburido, acaba de ser eleito para presidir a Comiss\u00e3o Pastoral para o Ecumenismo e o Di\u00e1logo Inter-religioso do Regional NE 2 da CNBB e j\u00e1 anunciou um grande encontro sobre o tema e a cria\u00e7\u00e3o de comiss\u00f5es diocesanas de di\u00e1logo em todo o territ\u00f3rio (saiba mais <a aria-label=\"aqui (abre numa nova aba)\" href=\"https:\/\/www.facebook.com\/CNBBNordeste2\/posts\/2694273103956402\" target=\"_blank\" rel=\"noreferrer noopener\">aqui<\/a>). Assim, nos dias 20, 21 e 22 de mar\u00e7o de 2020, no Convento de S\u00e3o Francisco, em Olinda, acontecer\u00e1 um Encontro de Forma\u00e7\u00e3o para o qual s\u00e3o convidados padres e leigos, que est\u00e3o envolvidos ou pretendem se envolver com iniciativas e equipes de promo\u00e7\u00e3o do ecumenismo e di\u00e1logo, de todas as dioceses do Rio Grande do norte, Para\u00edba, Pernambuco e Alagoas. O evento, que contar\u00e1 com a participa\u00e7\u00e3o de Dom Fernando e a assessoria de F\u00e1bio Potiguar e Marcelo Barros, Gilbraz Arag\u00e3o e Margarida Mendon\u00e7a, tratar\u00e1 dos grandes documentos e encontros, bem como das organiza\u00e7\u00f5es e movimentos ecum\u00eanicos e macro ecum\u00eanicos, apresentar\u00e1 as grandes religi\u00f5es e a diversidade religiosa no Nordeste, al\u00e9m dos eixos e formas para se fomentar o di\u00e1logo e o ecumenismo. Inscri\u00e7\u00f5es e mais informa\u00e7\u00f5es podem ser obtidas atrav\u00e9s do telefone (81)3421-6075 ou pelo e-mail: codeirnordeste2@gmail.com.<\/p>\n\n\n\n<p>Tamb\u00e9m em 2020, de 22 a 24 de abril, a Universidade Cat\u00f3lica de Pernambuco vai receber meia centena de animadores e pesquisadores do ecumenismo e di\u00e1logo inter-religioso de todo o pa\u00eds, para o III Semin\u00e1rio \u201cEspiritualidades Contempor\u00e2neas, Pluralidade Religiosa e Di\u00e1logo\u201d, que vai aprofundar especialmente os \u201cDesafios dos Fundamentalismos\u201d. O objetivo \u00e9 contextualizar a onda de religiosidade reacion\u00e1ria e sect\u00e1ria, buscando aprofundar o seu significado e apontar pistas para a sua terapeutiza\u00e7\u00e3o, desde um princ\u00edpio teol\u00f3gico pluralista, inclusivo e aberto a todas as tradi\u00e7\u00f5es espirituais, religiosas e n\u00e3o ou p\u00f3s-religiosas. Confirma-se assim a trajet\u00f3ria de promo\u00e7\u00e3o do di\u00e1logo que os jesu\u00edtas desenvolvem na UNICAP, sobremodo atrav\u00e9s do seu Observat\u00f3rio das Religi\u00f5es, que articula f\u00f3runs inter-religiosos com n\u00facleos de estudos afro-brasileiros e ind\u00edgenas, acreditando que o di\u00e1logo inter-religioso e intercultural \u00e9 chamado a criar ambi\u00eancia m\u00edstica de compromisso, entre e para al\u00e9m das tradi\u00e7\u00f5es de f\u00e9, com a frente ecum\u00eanica e ecol\u00f3gica do cuidado com a Casa Comum. Mais informa\u00e7\u00f5es sobre o Semin\u00e1rio est\u00e3o dispon\u00edveis <a aria-label=\"aqui (abre numa nova aba)\" rel=\"noreferrer noopener\" href=\"https:\/\/www1.unicap.br\/observatorio2\/?page_id=5006\" target=\"_blank\">aqui<\/a> no site. <\/p>\n\n\n\n<p><\/p>\n\n\n\n<p class=\"has-text-align-right\"><strong>Veja por <a rel=\"noreferrer noopener\" aria-label=\"aqui (abre numa nova aba)\" href=\"http:\/\/www.osservatoreromano.va\/it\/news\/vincere-lintolleranza-sulle-orme-di-helder-camara\" target=\"_blank\">aqui<\/a> a repercuss\u00e3o dessa hist\u00f3ria no jornal L&#8217;Osservatore Romano.<\/strong><br> <br> <\/p>\n","protected":false},"excerpt":{"rendered":"<p>Este ano a Festa do Morro da Concei\u00e7\u00e3o, maior festival religioso do Recife e arredores, teve uma novidade (que resgatou antiga tradi\u00e7\u00e3o dessa festividade): na semana pr\u00e9via, no s\u00e1bado 23 de novembro, aconteceu uma celebra\u00e7\u00e3o inter-religiosa aos p\u00e9s da imagem da santa, na Pra\u00e7a do Morro. Al\u00e9m dos representantes de v\u00e1rias religi\u00f5es, mais de quarenta&#8230; <\/p>\n<div class=\"link-more\"><a href=\"https:\/\/www1.unicap.br\/observatorio2\/?p=5234\">Leia mais<\/a><\/div>\n","protected":false},"author":2,"featured_media":5237,"comment_status":"open","ping_status":"open","sticky":false,"template":"","format":"standard","meta":{"footnotes":""},"categories":[4],"tags":[],"class_list":["post-5234","post","type-post","status-publish","format-standard","has-post-thumbnail","hentry","category-noticias"],"_links":{"self":[{"href":"https:\/\/www1.unicap.br\/observatorio2\/index.php?rest_route=\/wp\/v2\/posts\/5234","targetHints":{"allow":["GET"]}}],"collection":[{"href":"https:\/\/www1.unicap.br\/observatorio2\/index.php?rest_route=\/wp\/v2\/posts"}],"about":[{"href":"https:\/\/www1.unicap.br\/observatorio2\/index.php?rest_route=\/wp\/v2\/types\/post"}],"author":[{"embeddable":true,"href":"https:\/\/www1.unicap.br\/observatorio2\/index.php?rest_route=\/wp\/v2\/users\/2"}],"replies":[{"embeddable":true,"href":"https:\/\/www1.unicap.br\/observatorio2\/index.php?rest_route=%2Fwp%2Fv2%2Fcomments&post=5234"}],"version-history":[{"count":13,"href":"https:\/\/www1.unicap.br\/observatorio2\/index.php?rest_route=\/wp\/v2\/posts\/5234\/revisions"}],"predecessor-version":[{"id":5414,"href":"https:\/\/www1.unicap.br\/observatorio2\/index.php?rest_route=\/wp\/v2\/posts\/5234\/revisions\/5414"}],"wp:featuredmedia":[{"embeddable":true,"href":"https:\/\/www1.unicap.br\/observatorio2\/index.php?rest_route=\/wp\/v2\/media\/5237"}],"wp:attachment":[{"href":"https:\/\/www1.unicap.br\/observatorio2\/index.php?rest_route=%2Fwp%2Fv2%2Fmedia&parent=5234"}],"wp:term":[{"taxonomy":"category","embeddable":true,"href":"https:\/\/www1.unicap.br\/observatorio2\/index.php?rest_route=%2Fwp%2Fv2%2Fcategories&post=5234"},{"taxonomy":"post_tag","embeddable":true,"href":"https:\/\/www1.unicap.br\/observatorio2\/index.php?rest_route=%2Fwp%2Fv2%2Ftags&post=5234"}],"curies":[{"name":"wp","href":"https:\/\/api.w.org\/{rel}","templated":true}]}}