{"id":5368,"date":"2026-04-17T14:48:50","date_gmt":"2026-04-17T17:48:50","guid":{"rendered":"https:\/\/www1.unicap.br\/jornalismo\/?p=5368"},"modified":"2026-04-17T14:48:51","modified_gmt":"2026-04-17T17:48:51","slug":"curso-de-jornalismo-participa-de-feira-de-profissoes-do-colegio-equipe","status":"publish","type":"post","link":"https:\/\/www1.unicap.br\/jornalismo\/curso-de-jornalismo-participa-de-feira-de-profissoes-do-colegio-equipe\/","title":{"rendered":"Curso de Jornalismo participa de Feira de Profiss\u00f5es do Col\u00e9gio Equipe"},"content":{"rendered":"\n<figure class=\"wp-block-image size-large\"><img data-recalc-dims=\"1\" loading=\"lazy\" decoding=\"async\" width=\"1024\" height=\"768\" src=\"https:\/\/i0.wp.com\/www1.unicap.br\/jornalismo\/wp-content\/uploads\/2026\/04\/SaveClip.App_670840518_18322216936265629_420975353230480304_n.jpg?resize=1024%2C768&#038;ssl=1\" alt=\"\" class=\"wp-image-5370\" srcset=\"https:\/\/www1.unicap.br\/jornalismo\/wp-content\/uploads\/2026\/04\/SaveClip.App_670840518_18322216936265629_420975353230480304_n-1024x768.jpg 1024w, https:\/\/www1.unicap.br\/jornalismo\/wp-content\/uploads\/2026\/04\/SaveClip.App_670840518_18322216936265629_420975353230480304_n-980x735.jpg 980w, https:\/\/www1.unicap.br\/jornalismo\/wp-content\/uploads\/2026\/04\/SaveClip.App_670840518_18322216936265629_420975353230480304_n-480x360.jpg 480w\" sizes=\"auto, (min-width: 0px) and (max-width: 480px) 480px, (min-width: 481px) and (max-width: 980px) 980px, (min-width: 981px) 1024px, 100vw\" \/><\/figure>\n\n\n\n<p>O curso de Jornalismo participou na manh\u00e3 desta quarta-feira, dia 15, da Feira de Profiss\u00f5es realizada pelo Col\u00e9gio Equipe, bairro da Madalena. \ud83d\udc4f\ud83d\udc4f\ud83d\udc4f<\/p>\n\n\n\n<p>A manh\u00e3 foi muito positiva com os representantes de Jornalismo apresentando para os alunos e alunas do Col\u00e9gio Equipe um pouco das atividades e rotinas que fazem parte da nossa profiss\u00e3o.\ud83c\udf99\ufe0f\ud83d\udda5\ufe0f\ud83d\udcf8\u270d\ufe0f<\/p>\n\n\n\n<figure class=\"wp-block-video\"><video controls src=\"https:\/\/www1.unicap.br\/jornalismo\/wp-content\/uploads\/2026\/04\/SaveClip.App_AQPqA4zZOkljBzjd34621fTCcA9IiMMGaVzXVteCJlBd99qUw4nwjupnfMeS2BldBLRbCYIl8Z7LTKonjq4fAUIQllbGh69bwNSXYX8.mp4\"><\/video><\/figure>\n\n\n\n<figure class=\"wp-block-gallery has-nested-images columns-default is-cropped wp-block-gallery-1 is-layout-flex wp-block-gallery-is-layout-flex\">\n<figure class=\"wp-block-image size-large\"><img data-recalc-dims=\"1\" loading=\"lazy\" decoding=\"async\" width=\"1024\" height=\"768\" data-id=\"5373\" src=\"https:\/\/i0.wp.com\/www1.unicap.br\/jornalismo\/wp-content\/uploads\/2026\/04\/SaveClip.App_670490308_18322216975265629_6807955227722612438_n.jpg?resize=1024%2C768&#038;ssl=1\" alt=\"\" class=\"wp-image-5373\" srcset=\"https:\/\/www1.unicap.br\/jornalismo\/wp-content\/uploads\/2026\/04\/SaveClip.App_670490308_18322216975265629_6807955227722612438_n-1024x768.jpg 1024w, https:\/\/www1.unicap.br\/jornalismo\/wp-content\/uploads\/2026\/04\/SaveClip.App_670490308_18322216975265629_6807955227722612438_n-980x735.jpg 980w, https:\/\/www1.unicap.br\/jornalismo\/wp-content\/uploads\/2026\/04\/SaveClip.App_670490308_18322216975265629_6807955227722612438_n-480x360.jpg 480w\" sizes=\"auto, (min-width: 0px) and (max-width: 480px) 480px, (min-width: 481px) and (max-width: 980px) 980px, (min-width: 981px) 1024px, 100vw\" \/><\/figure>\n\n\n\n<figure class=\"wp-block-image size-large\"><img data-recalc-dims=\"1\" loading=\"lazy\" decoding=\"async\" width=\"1024\" height=\"768\" data-id=\"5375\" src=\"https:\/\/i0.wp.com\/www1.unicap.br\/jornalismo\/wp-content\/uploads\/2026\/04\/SaveClip.App_670386497_18322216957265629_4384856008086346928_n.jpg?resize=1024%2C768&#038;ssl=1\" alt=\"\" class=\"wp-image-5375\" srcset=\"https:\/\/www1.unicap.br\/jornalismo\/wp-content\/uploads\/2026\/04\/SaveClip.App_670386497_18322216957265629_4384856008086346928_n-1024x768.jpg 1024w, https:\/\/www1.unicap.br\/jornalismo\/wp-content\/uploads\/2026\/04\/SaveClip.App_670386497_18322216957265629_4384856008086346928_n-980x735.jpg 980w, https:\/\/www1.unicap.br\/jornalismo\/wp-content\/uploads\/2026\/04\/SaveClip.App_670386497_18322216957265629_4384856008086346928_n-480x360.jpg 480w\" sizes=\"auto, (min-width: 0px) and (max-width: 480px) 480px, (min-width: 481px) and (max-width: 980px) 980px, (min-width: 981px) 1024px, 100vw\" \/><\/figure>\n\n\n\n<figure class=\"wp-block-image size-large\"><img data-recalc-dims=\"1\" loading=\"lazy\" decoding=\"async\" width=\"1024\" height=\"768\" data-id=\"5372\" src=\"https:\/\/i0.wp.com\/www1.unicap.br\/jornalismo\/wp-content\/uploads\/2026\/04\/SaveClip.App_671027748_18322216945265629_1542962920435435112_n.jpg?resize=1024%2C768&#038;ssl=1\" alt=\"\" class=\"wp-image-5372\" srcset=\"https:\/\/www1.unicap.br\/jornalismo\/wp-content\/uploads\/2026\/04\/SaveClip.App_671027748_18322216945265629_1542962920435435112_n-1024x768.jpg 1024w, https:\/\/www1.unicap.br\/jornalismo\/wp-content\/uploads\/2026\/04\/SaveClip.App_671027748_18322216945265629_1542962920435435112_n-980x735.jpg 980w, https:\/\/www1.unicap.br\/jornalismo\/wp-content\/uploads\/2026\/04\/SaveClip.App_671027748_18322216945265629_1542962920435435112_n-480x360.jpg 480w\" sizes=\"auto, (min-width: 0px) and (max-width: 480px) 480px, (min-width: 481px) and (max-width: 980px) 980px, (min-width: 981px) 1024px, 100vw\" \/><\/figure>\n\n\n\n<figure class=\"wp-block-image size-large\"><img data-recalc-dims=\"1\" loading=\"lazy\" decoding=\"async\" width=\"1024\" height=\"768\" data-id=\"5374\" src=\"https:\/\/i0.wp.com\/www1.unicap.br\/jornalismo\/wp-content\/uploads\/2026\/04\/SaveClip.App_670810294_18322216948265629_4339466386678529798_n.jpg?resize=1024%2C768&#038;ssl=1\" alt=\"\" class=\"wp-image-5374\" srcset=\"https:\/\/www1.unicap.br\/jornalismo\/wp-content\/uploads\/2026\/04\/SaveClip.App_670810294_18322216948265629_4339466386678529798_n-1024x768.jpg 1024w, https:\/\/www1.unicap.br\/jornalismo\/wp-content\/uploads\/2026\/04\/SaveClip.App_670810294_18322216948265629_4339466386678529798_n-980x735.jpg 980w, https:\/\/www1.unicap.br\/jornalismo\/wp-content\/uploads\/2026\/04\/SaveClip.App_670810294_18322216948265629_4339466386678529798_n-480x360.jpg 480w\" sizes=\"auto, (min-width: 0px) and (max-width: 480px) 480px, (min-width: 481px) and (max-width: 980px) 980px, (min-width: 981px) 1024px, 100vw\" \/><\/figure>\n\n\n\n<figure class=\"wp-block-image size-large\"><img data-recalc-dims=\"1\" loading=\"lazy\" decoding=\"async\" width=\"1024\" height=\"768\" data-id=\"5376\" src=\"https:\/\/i0.wp.com\/www1.unicap.br\/jornalismo\/wp-content\/uploads\/2026\/04\/SaveClip.App_670653841_18322216972265629_4538690244480660359_n.jpg?resize=1024%2C768&#038;ssl=1\" alt=\"\" class=\"wp-image-5376\" srcset=\"https:\/\/www1.unicap.br\/jornalismo\/wp-content\/uploads\/2026\/04\/SaveClip.App_670653841_18322216972265629_4538690244480660359_n-1024x768.jpg 1024w, https:\/\/www1.unicap.br\/jornalismo\/wp-content\/uploads\/2026\/04\/SaveClip.App_670653841_18322216972265629_4538690244480660359_n-980x735.jpg 980w, https:\/\/www1.unicap.br\/jornalismo\/wp-content\/uploads\/2026\/04\/SaveClip.App_670653841_18322216972265629_4538690244480660359_n-480x360.jpg 480w\" sizes=\"auto, (min-width: 0px) and (max-width: 480px) 480px, (min-width: 481px) and (max-width: 980px) 980px, (min-width: 981px) 1024px, 100vw\" \/><\/figure>\n<\/figure>\n","protected":false},"excerpt":{"rendered":"<p>O curso de Jornalismo participou na manh\u00e3 desta quarta-feira, dia 15, da Feira de Profiss\u00f5es realizada pelo Col\u00e9gio Equipe, bairro da Madalena. \ud83d\udc4f\ud83d\udc4f\ud83d\udc4f A manh\u00e3 foi muito positiva com os representantes de Jornalismo apresentando para os alunos e alunas do Col\u00e9gio Equipe um pouco das atividades e rotinas que fazem parte da nossa profiss\u00e3o.\ud83c\udf99\ufe0f\ud83d\udda5\ufe0f\ud83d\udcf8\u270d\ufe0f<\/p>\n","protected":false},"author":6,"featured_media":5370,"comment_status":"open","ping_status":"open","sticky":false,"template":"","format":"standard","meta":{"_et_pb_use_builder":"off","_et_pb_old_content":"","_et_gb_content_width":"","_jetpack_memberships_contains_paid_content":false,"footnotes":""},"categories":[1],"tags":[],"class_list":["post-5368","post","type-post","status-publish","format-standard","has-post-thumbnail","hentry","category-sem-categoria"],"jetpack_featured_media_url":"https:\/\/i0.wp.com\/www1.unicap.br\/jornalismo\/wp-content\/uploads\/2026\/04\/SaveClip.App_670840518_18322216936265629_420975353230480304_n.jpg?fit=1080%2C810&ssl=1","jetpack_sharing_enabled":true,"_links":{"self":[{"href":"https:\/\/www1.unicap.br\/jornalismo\/wp-json\/wp\/v2\/posts\/5368","targetHints":{"allow":["GET"]}}],"collection":[{"href":"https:\/\/www1.unicap.br\/jornalismo\/wp-json\/wp\/v2\/posts"}],"about":[{"href":"https:\/\/www1.unicap.br\/jornalismo\/wp-json\/wp\/v2\/types\/post"}],"author":[{"embeddable":true,"href":"https:\/\/www1.unicap.br\/jornalismo\/wp-json\/wp\/v2\/users\/6"}],"replies":[{"embeddable":true,"href":"https:\/\/www1.unicap.br\/jornalismo\/wp-json\/wp\/v2\/comments?post=5368"}],"version-history":[{"count":1,"href":"https:\/\/www1.unicap.br\/jornalismo\/wp-json\/wp\/v2\/posts\/5368\/revisions"}],"predecessor-version":[{"id":5377,"href":"https:\/\/www1.unicap.br\/jornalismo\/wp-json\/wp\/v2\/posts\/5368\/revisions\/5377"}],"wp:featuredmedia":[{"embeddable":true,"href":"https:\/\/www1.unicap.br\/jornalismo\/wp-json\/wp\/v2\/media\/5370"}],"wp:attachment":[{"href":"https:\/\/www1.unicap.br\/jornalismo\/wp-json\/wp\/v2\/media?parent=5368"}],"wp:term":[{"taxonomy":"category","embeddable":true,"href":"https:\/\/www1.unicap.br\/jornalismo\/wp-json\/wp\/v2\/categories?post=5368"},{"taxonomy":"post_tag","embeddable":true,"href":"https:\/\/www1.unicap.br\/jornalismo\/wp-json\/wp\/v2\/tags?post=5368"}],"curies":[{"name":"wp","href":"https:\/\/api.w.org\/{rel}","templated":true}]}}