{"id":5363,"date":"2026-04-17T14:44:43","date_gmt":"2026-04-17T17:44:43","guid":{"rendered":"https:\/\/www1.unicap.br\/jornalismo\/?p=5363"},"modified":"2026-04-17T14:44:44","modified_gmt":"2026-04-17T17:44:44","slug":"alunos-do-sexto-periodo-fazem-entrevistas-no-museu-de-arqueologia-da-unicap","status":"publish","type":"post","link":"https:\/\/www1.unicap.br\/jornalismo\/alunos-do-sexto-periodo-fazem-entrevistas-no-museu-de-arqueologia-da-unicap\/","title":{"rendered":"Alunos do sexto per\u00edodo fazem entrevistas no Museu de Arqueologia da Unicap"},"content":{"rendered":"\n<figure class=\"wp-block-image size-large\"><img data-recalc-dims=\"1\" loading=\"lazy\" decoding=\"async\" width=\"1024\" height=\"768\" src=\"https:\/\/i0.wp.com\/www1.unicap.br\/jornalismo\/wp-content\/uploads\/2026\/04\/SaveClip.App_670535654_18321625603265629_9065378955469905739_n.webp?resize=1024%2C768&#038;ssl=1\" alt=\"\" class=\"wp-image-5364\" srcset=\"https:\/\/www1.unicap.br\/jornalismo\/wp-content\/uploads\/2026\/04\/SaveClip.App_670535654_18321625603265629_9065378955469905739_n-1024x768.webp 1024w, https:\/\/www1.unicap.br\/jornalismo\/wp-content\/uploads\/2026\/04\/SaveClip.App_670535654_18321625603265629_9065378955469905739_n-980x735.webp 980w, https:\/\/www1.unicap.br\/jornalismo\/wp-content\/uploads\/2026\/04\/SaveClip.App_670535654_18321625603265629_9065378955469905739_n-480x360.webp 480w\" sizes=\"auto, (min-width: 0px) and (max-width: 480px) 480px, (min-width: 481px) and (max-width: 980px) 980px, (min-width: 981px) 1024px, 100vw\" \/><\/figure>\n\n\n\n<p>Vamos terminar a semana com os registros das entrevistas feitas na tarde da quinta-feira, dia 09, pela turma do 6\u00ba per\u00edodo para a disciplina de Projeto Integrador V. Os estudantes est\u00e3o produzindo ao longo do semestre um document\u00e1rio para o Museu de Arqueologia e Ci\u00eancias Naturais da Unicap.\ud83c\udfdb\ufe0f\ud83c\udfdb\ufe0f<\/p>\n\n\n\n<p>Para a produ\u00e7\u00e3o, os estudantes foram divididos em grupos, cobrindo etapas como pr\u00e9-produ\u00e7\u00e3o, dire\u00e7\u00e3o de fotografia e levantamento de dados, entre outros. \u201cEste projeto representa uma \u00f3tima oportunidade que est\u00e1 permitindo aos alunos terem a no\u00e7\u00e3o pr\u00e1tica de uma produ\u00e7\u00e3o jornal\u00edstica audiovisual e o que fazer para que tudo corra bem dentro do cronograma\u201d, explica o professor Filipe Falc\u00e3o&nbsp;<a href=\"https:\/\/www.instagram.com\/filifalcao\/\">@filifalcao<\/a><\/p>\n\n\n\n<p>A filmagens de ontem inclu\u00edram as entrevistas feitas com a muse\u00f3loga Rebecka Borges e o laboratorista de prototipa\u00e7\u00e3o Rafael Oliveira. O trabalho vai continuar na segunda-feira, dia 13, e muito em breve vamos ter um document\u00e1rio contando tudo sobre o o Museu de Arqueologia e Ci\u00eancias Naturais da Unicap.<\/p>\n\n\n\n<figure class=\"wp-block-gallery has-nested-images columns-default is-cropped wp-block-gallery-1 is-layout-flex wp-block-gallery-is-layout-flex\">\n<figure class=\"wp-block-image size-large\"><img data-recalc-dims=\"1\" loading=\"lazy\" decoding=\"async\" width=\"1024\" height=\"768\" data-id=\"5365\" src=\"https:\/\/i0.wp.com\/www1.unicap.br\/jornalismo\/wp-content\/uploads\/2026\/04\/SaveClip.App_663047485_18321625621265629_7026250184001301591_n.webp?resize=1024%2C768&#038;ssl=1\" alt=\"\" class=\"wp-image-5365\" srcset=\"https:\/\/www1.unicap.br\/jornalismo\/wp-content\/uploads\/2026\/04\/SaveClip.App_663047485_18321625621265629_7026250184001301591_n-1024x768.webp 1024w, https:\/\/www1.unicap.br\/jornalismo\/wp-content\/uploads\/2026\/04\/SaveClip.App_663047485_18321625621265629_7026250184001301591_n-980x735.webp 980w, https:\/\/www1.unicap.br\/jornalismo\/wp-content\/uploads\/2026\/04\/SaveClip.App_663047485_18321625621265629_7026250184001301591_n-480x360.webp 480w\" sizes=\"auto, (min-width: 0px) and (max-width: 480px) 480px, (min-width: 481px) and (max-width: 980px) 980px, (min-width: 981px) 1024px, 100vw\" \/><\/figure>\n\n\n\n<figure class=\"wp-block-image size-large\"><img data-recalc-dims=\"1\" loading=\"lazy\" decoding=\"async\" width=\"1024\" height=\"768\" data-id=\"5366\" src=\"https:\/\/i0.wp.com\/www1.unicap.br\/jornalismo\/wp-content\/uploads\/2026\/04\/SaveClip.App_670816870_18321625612265629_7504010100219058404_n.webp?resize=1024%2C768&#038;ssl=1\" alt=\"\" class=\"wp-image-5366\" srcset=\"https:\/\/www1.unicap.br\/jornalismo\/wp-content\/uploads\/2026\/04\/SaveClip.App_670816870_18321625612265629_7504010100219058404_n-1024x768.webp 1024w, https:\/\/www1.unicap.br\/jornalismo\/wp-content\/uploads\/2026\/04\/SaveClip.App_670816870_18321625612265629_7504010100219058404_n-980x735.webp 980w, https:\/\/www1.unicap.br\/jornalismo\/wp-content\/uploads\/2026\/04\/SaveClip.App_670816870_18321625612265629_7504010100219058404_n-480x360.webp 480w\" sizes=\"auto, (min-width: 0px) and (max-width: 480px) 480px, (min-width: 481px) and (max-width: 980px) 980px, (min-width: 981px) 1024px, 100vw\" \/><\/figure>\n<\/figure>\n","protected":false},"excerpt":{"rendered":"<p>Vamos terminar a semana com os registros das entrevistas feitas na tarde da quinta-feira, dia 09, pela turma do 6\u00ba per\u00edodo para a disciplina de Projeto Integrador V. Os estudantes est\u00e3o produzindo ao longo do semestre um document\u00e1rio para o Museu de Arqueologia e Ci\u00eancias Naturais da Unicap.\ud83c\udfdb\ufe0f\ud83c\udfdb\ufe0f Para a produ\u00e7\u00e3o, os estudantes foram divididos [&hellip;]<\/p>\n","protected":false},"author":6,"featured_media":5364,"comment_status":"open","ping_status":"open","sticky":false,"template":"","format":"standard","meta":{"_et_pb_use_builder":"off","_et_pb_old_content":"","_et_gb_content_width":"","_jetpack_memberships_contains_paid_content":false,"footnotes":""},"categories":[1],"tags":[],"class_list":["post-5363","post","type-post","status-publish","format-standard","has-post-thumbnail","hentry","category-sem-categoria"],"jetpack_featured_media_url":"https:\/\/i0.wp.com\/www1.unicap.br\/jornalismo\/wp-content\/uploads\/2026\/04\/SaveClip.App_670535654_18321625603265629_9065378955469905739_n.webp?fit=1080%2C810&ssl=1","jetpack_sharing_enabled":true,"_links":{"self":[{"href":"https:\/\/www1.unicap.br\/jornalismo\/wp-json\/wp\/v2\/posts\/5363","targetHints":{"allow":["GET"]}}],"collection":[{"href":"https:\/\/www1.unicap.br\/jornalismo\/wp-json\/wp\/v2\/posts"}],"about":[{"href":"https:\/\/www1.unicap.br\/jornalismo\/wp-json\/wp\/v2\/types\/post"}],"author":[{"embeddable":true,"href":"https:\/\/www1.unicap.br\/jornalismo\/wp-json\/wp\/v2\/users\/6"}],"replies":[{"embeddable":true,"href":"https:\/\/www1.unicap.br\/jornalismo\/wp-json\/wp\/v2\/comments?post=5363"}],"version-history":[{"count":1,"href":"https:\/\/www1.unicap.br\/jornalismo\/wp-json\/wp\/v2\/posts\/5363\/revisions"}],"predecessor-version":[{"id":5367,"href":"https:\/\/www1.unicap.br\/jornalismo\/wp-json\/wp\/v2\/posts\/5363\/revisions\/5367"}],"wp:featuredmedia":[{"embeddable":true,"href":"https:\/\/www1.unicap.br\/jornalismo\/wp-json\/wp\/v2\/media\/5364"}],"wp:attachment":[{"href":"https:\/\/www1.unicap.br\/jornalismo\/wp-json\/wp\/v2\/media?parent=5363"}],"wp:term":[{"taxonomy":"category","embeddable":true,"href":"https:\/\/www1.unicap.br\/jornalismo\/wp-json\/wp\/v2\/categories?post=5363"},{"taxonomy":"post_tag","embeddable":true,"href":"https:\/\/www1.unicap.br\/jornalismo\/wp-json\/wp\/v2\/tags?post=5363"}],"curies":[{"name":"wp","href":"https:\/\/api.w.org\/{rel}","templated":true}]}}