{"id":5340,"date":"2026-04-17T14:35:10","date_gmt":"2026-04-17T17:35:10","guid":{"rendered":"https:\/\/www1.unicap.br\/jornalismo\/?p=5340"},"modified":"2026-04-17T14:35:11","modified_gmt":"2026-04-17T17:35:11","slug":"confira-como-foi-a-segunda-sessao-do-cineclube-revezes","status":"publish","type":"post","link":"https:\/\/www1.unicap.br\/jornalismo\/confira-como-foi-a-segunda-sessao-do-cineclube-revezes\/","title":{"rendered":"Confira como foi a segunda sess\u00e3o do Cineclube Revezes"},"content":{"rendered":"\n<figure class=\"wp-block-image size-large\"><img data-recalc-dims=\"1\" loading=\"lazy\" decoding=\"async\" width=\"1024\" height=\"767\" src=\"https:\/\/i0.wp.com\/www1.unicap.br\/jornalismo\/wp-content\/uploads\/2026\/04\/SaveClip.App_657867947_18320503222265629_6950642393337142790_n.jpg?resize=1024%2C767&#038;ssl=1\" alt=\"\" class=\"wp-image-5341\" srcset=\"https:\/\/www1.unicap.br\/jornalismo\/wp-content\/uploads\/2026\/04\/SaveClip.App_657867947_18320503222265629_6950642393337142790_n-1024x767.jpg 1024w, https:\/\/www1.unicap.br\/jornalismo\/wp-content\/uploads\/2026\/04\/SaveClip.App_657867947_18320503222265629_6950642393337142790_n-980x734.jpg 980w, https:\/\/www1.unicap.br\/jornalismo\/wp-content\/uploads\/2026\/04\/SaveClip.App_657867947_18320503222265629_6950642393337142790_n-480x360.jpg 480w\" sizes=\"auto, (min-width: 0px) and (max-width: 480px) 480px, (min-width: 481px) and (max-width: 980px) 980px, (min-width: 981px) 1024px, 100vw\" \/><\/figure>\n\n\n\n<p>A segunda sess\u00e3o do Cineclube Revezes aconteceu na noite do dia 31 de mar\u00e7o, e foi um sucesso. \ud83c\udf7f\ud83c\udfa5\ud83c\udf9e\ufe0f<\/p>\n\n\n\n<p>Segue abaixo a lista dos curtas exibidos:<br>&#8211; Onde Nascem as Flores, de Isabela Ferro<br>&#8211; No S\u00e1bado Eu Dou Aut\u00f3grafo, de Yane Mendes<br>&#8211; Recife de Dentro pra Fora, de Katia Mesel.<\/p>\n\n\n\n<p>O encontro contou com a participa\u00e7\u00e3o das diretoras Isabela Ferro e Yane Mendes. \ud83d\udc4f\ud83d\udc4f\ud83d\udc4f<\/p>\n\n\n\n<p>O Cineclube Revezes \u00e9 uma iniciativa do curso de Jornalismo. Atualmente o trabalho de curadoria e produ\u00e7\u00e3o tem sido feito pela turma do quinto per\u00edodo para a disciplina de Projeto Integrador IV.<\/p>\n\n\n\n<p>Em breve vamos anunciar as informa\u00e7\u00f5es da pr\u00f3xima sess\u00e3o. Lembramos que as mostrar do Cineclube Revezes s\u00e3o abertas ao p\u00fablico.<\/p>\n\n\n\n<figure class=\"wp-block-gallery has-nested-images columns-default is-cropped wp-block-gallery-1 is-layout-flex wp-block-gallery-is-layout-flex\">\n<figure class=\"wp-block-image size-large\"><img data-recalc-dims=\"1\" loading=\"lazy\" decoding=\"async\" width=\"1024\" height=\"767\" data-id=\"5344\" src=\"https:\/\/i0.wp.com\/www1.unicap.br\/jornalismo\/wp-content\/uploads\/2026\/04\/SaveClip.App_658373214_18320503252265629_2377310040465514798_n.jpg?resize=1024%2C767&#038;ssl=1\" alt=\"\" class=\"wp-image-5344\" srcset=\"https:\/\/www1.unicap.br\/jornalismo\/wp-content\/uploads\/2026\/04\/SaveClip.App_658373214_18320503252265629_2377310040465514798_n-1024x767.jpg 1024w, https:\/\/www1.unicap.br\/jornalismo\/wp-content\/uploads\/2026\/04\/SaveClip.App_658373214_18320503252265629_2377310040465514798_n-980x734.jpg 980w, https:\/\/www1.unicap.br\/jornalismo\/wp-content\/uploads\/2026\/04\/SaveClip.App_658373214_18320503252265629_2377310040465514798_n-480x360.jpg 480w\" sizes=\"auto, (min-width: 0px) and (max-width: 480px) 480px, (min-width: 481px) and (max-width: 980px) 980px, (min-width: 981px) 1024px, 100vw\" \/><\/figure>\n\n\n\n<figure class=\"wp-block-image size-large\"><img data-recalc-dims=\"1\" loading=\"lazy\" decoding=\"async\" width=\"1024\" height=\"767\" data-id=\"5342\" src=\"https:\/\/i0.wp.com\/www1.unicap.br\/jornalismo\/wp-content\/uploads\/2026\/04\/SaveClip.App_658424875_18320503234265629_5937054394369244521_n.jpg?resize=1024%2C767&#038;ssl=1\" alt=\"\" class=\"wp-image-5342\" srcset=\"https:\/\/www1.unicap.br\/jornalismo\/wp-content\/uploads\/2026\/04\/SaveClip.App_658424875_18320503234265629_5937054394369244521_n-1024x767.jpg 1024w, https:\/\/www1.unicap.br\/jornalismo\/wp-content\/uploads\/2026\/04\/SaveClip.App_658424875_18320503234265629_5937054394369244521_n-980x734.jpg 980w, https:\/\/www1.unicap.br\/jornalismo\/wp-content\/uploads\/2026\/04\/SaveClip.App_658424875_18320503234265629_5937054394369244521_n-480x360.jpg 480w\" sizes=\"auto, (min-width: 0px) and (max-width: 480px) 480px, (min-width: 481px) and (max-width: 980px) 980px, (min-width: 981px) 1024px, 100vw\" \/><\/figure>\n\n\n\n<figure class=\"wp-block-image size-large\"><img data-recalc-dims=\"1\" loading=\"lazy\" decoding=\"async\" width=\"1024\" height=\"767\" data-id=\"5345\" src=\"https:\/\/i0.wp.com\/www1.unicap.br\/jornalismo\/wp-content\/uploads\/2026\/04\/SaveClip.App_659016149_18320503240265629_7319023024411534875_n.jpg?resize=1024%2C767&#038;ssl=1\" alt=\"\" class=\"wp-image-5345\" srcset=\"https:\/\/www1.unicap.br\/jornalismo\/wp-content\/uploads\/2026\/04\/SaveClip.App_659016149_18320503240265629_7319023024411534875_n-1024x767.jpg 1024w, https:\/\/www1.unicap.br\/jornalismo\/wp-content\/uploads\/2026\/04\/SaveClip.App_659016149_18320503240265629_7319023024411534875_n-980x734.jpg 980w, https:\/\/www1.unicap.br\/jornalismo\/wp-content\/uploads\/2026\/04\/SaveClip.App_659016149_18320503240265629_7319023024411534875_n-480x360.jpg 480w\" sizes=\"auto, (min-width: 0px) and (max-width: 480px) 480px, (min-width: 481px) and (max-width: 980px) 980px, (min-width: 981px) 1024px, 100vw\" \/><\/figure>\n\n\n\n<figure class=\"wp-block-image size-large\"><img data-recalc-dims=\"1\" loading=\"lazy\" decoding=\"async\" width=\"1024\" height=\"767\" data-id=\"5343\" src=\"https:\/\/i0.wp.com\/www1.unicap.br\/jornalismo\/wp-content\/uploads\/2026\/04\/SaveClip.App_658193983_18320503249265629_299620671700967700_n.jpg?resize=1024%2C767&#038;ssl=1\" alt=\"\" class=\"wp-image-5343\" srcset=\"https:\/\/www1.unicap.br\/jornalismo\/wp-content\/uploads\/2026\/04\/SaveClip.App_658193983_18320503249265629_299620671700967700_n-1024x767.jpg 1024w, https:\/\/www1.unicap.br\/jornalismo\/wp-content\/uploads\/2026\/04\/SaveClip.App_658193983_18320503249265629_299620671700967700_n-980x734.jpg 980w, https:\/\/www1.unicap.br\/jornalismo\/wp-content\/uploads\/2026\/04\/SaveClip.App_658193983_18320503249265629_299620671700967700_n-480x360.jpg 480w\" sizes=\"auto, (min-width: 0px) and (max-width: 480px) 480px, (min-width: 481px) and (max-width: 980px) 980px, (min-width: 981px) 1024px, 100vw\" \/><\/figure>\n\n\n\n<figure class=\"wp-block-image size-large\"><img data-recalc-dims=\"1\" loading=\"lazy\" decoding=\"async\" width=\"1024\" height=\"767\" data-id=\"5346\" src=\"https:\/\/i0.wp.com\/www1.unicap.br\/jornalismo\/wp-content\/uploads\/2026\/04\/SaveClip.App_657867947_18320503222265629_6950642393337142790_n-1.jpg?resize=1024%2C767&#038;ssl=1\" alt=\"\" class=\"wp-image-5346\" srcset=\"https:\/\/www1.unicap.br\/jornalismo\/wp-content\/uploads\/2026\/04\/SaveClip.App_657867947_18320503222265629_6950642393337142790_n-1-1024x767.jpg 1024w, https:\/\/www1.unicap.br\/jornalismo\/wp-content\/uploads\/2026\/04\/SaveClip.App_657867947_18320503222265629_6950642393337142790_n-1-980x734.jpg 980w, https:\/\/www1.unicap.br\/jornalismo\/wp-content\/uploads\/2026\/04\/SaveClip.App_657867947_18320503222265629_6950642393337142790_n-1-480x360.jpg 480w\" sizes=\"auto, (min-width: 0px) and (max-width: 480px) 480px, (min-width: 481px) and (max-width: 980px) 980px, (min-width: 981px) 1024px, 100vw\" \/><\/figure>\n<\/figure>\n","protected":false},"excerpt":{"rendered":"<p>A segunda sess\u00e3o do Cineclube Revezes aconteceu na noite do dia 31 de mar\u00e7o, e foi um sucesso. \ud83c\udf7f\ud83c\udfa5\ud83c\udf9e\ufe0f Segue abaixo a lista dos curtas exibidos:&#8211; Onde Nascem as Flores, de Isabela Ferro&#8211; No S\u00e1bado Eu Dou Aut\u00f3grafo, de Yane Mendes&#8211; Recife de Dentro pra Fora, de Katia Mesel. O encontro contou com a participa\u00e7\u00e3o [&hellip;]<\/p>\n","protected":false},"author":6,"featured_media":5346,"comment_status":"open","ping_status":"open","sticky":false,"template":"","format":"standard","meta":{"_et_pb_use_builder":"off","_et_pb_old_content":"","_et_gb_content_width":"","_jetpack_memberships_contains_paid_content":false,"footnotes":""},"categories":[1],"tags":[],"class_list":["post-5340","post","type-post","status-publish","format-standard","has-post-thumbnail","hentry","category-sem-categoria"],"jetpack_featured_media_url":"https:\/\/i0.wp.com\/www1.unicap.br\/jornalismo\/wp-content\/uploads\/2026\/04\/SaveClip.App_657867947_18320503222265629_6950642393337142790_n-1.jpg?fit=1080%2C809&ssl=1","jetpack_sharing_enabled":true,"_links":{"self":[{"href":"https:\/\/www1.unicap.br\/jornalismo\/wp-json\/wp\/v2\/posts\/5340","targetHints":{"allow":["GET"]}}],"collection":[{"href":"https:\/\/www1.unicap.br\/jornalismo\/wp-json\/wp\/v2\/posts"}],"about":[{"href":"https:\/\/www1.unicap.br\/jornalismo\/wp-json\/wp\/v2\/types\/post"}],"author":[{"embeddable":true,"href":"https:\/\/www1.unicap.br\/jornalismo\/wp-json\/wp\/v2\/users\/6"}],"replies":[{"embeddable":true,"href":"https:\/\/www1.unicap.br\/jornalismo\/wp-json\/wp\/v2\/comments?post=5340"}],"version-history":[{"count":1,"href":"https:\/\/www1.unicap.br\/jornalismo\/wp-json\/wp\/v2\/posts\/5340\/revisions"}],"predecessor-version":[{"id":5347,"href":"https:\/\/www1.unicap.br\/jornalismo\/wp-json\/wp\/v2\/posts\/5340\/revisions\/5347"}],"wp:featuredmedia":[{"embeddable":true,"href":"https:\/\/www1.unicap.br\/jornalismo\/wp-json\/wp\/v2\/media\/5346"}],"wp:attachment":[{"href":"https:\/\/www1.unicap.br\/jornalismo\/wp-json\/wp\/v2\/media?parent=5340"}],"wp:term":[{"taxonomy":"category","embeddable":true,"href":"https:\/\/www1.unicap.br\/jornalismo\/wp-json\/wp\/v2\/categories?post=5340"},{"taxonomy":"post_tag","embeddable":true,"href":"https:\/\/www1.unicap.br\/jornalismo\/wp-json\/wp\/v2\/tags?post=5340"}],"curies":[{"name":"wp","href":"https:\/\/api.w.org\/{rel}","templated":true}]}}