{"id":5306,"date":"2026-04-17T14:19:51","date_gmt":"2026-04-17T17:19:51","guid":{"rendered":"https:\/\/www1.unicap.br\/jornalismo\/?p=5306"},"modified":"2026-04-17T14:19:53","modified_gmt":"2026-04-17T17:19:53","slug":"oficina-de-adriana-doria-na-4a-edicao-do-faco","status":"publish","type":"post","link":"https:\/\/www1.unicap.br\/jornalismo\/oficina-de-adriana-doria-na-4a-edicao-do-faco\/","title":{"rendered":"Oficina de Adriana D\u00f3ria na 4\u00aa edi\u00e7\u00e3o do Fa\u00e7o!"},"content":{"rendered":"\n<figure class=\"wp-block-image size-large\"><img data-recalc-dims=\"1\" loading=\"lazy\" decoding=\"async\" width=\"1024\" height=\"635\" src=\"https:\/\/i0.wp.com\/www1.unicap.br\/jornalismo\/wp-content\/uploads\/2026\/04\/SaveClip.App_659047323_18320232364265629_6350917271904606475_n-1.jpg?resize=1024%2C635&#038;ssl=1\" alt=\"\" class=\"wp-image-5307\" srcset=\"https:\/\/www1.unicap.br\/jornalismo\/wp-content\/uploads\/2026\/04\/SaveClip.App_659047323_18320232364265629_6350917271904606475_n-1-1024x635.jpg 1024w, https:\/\/www1.unicap.br\/jornalismo\/wp-content\/uploads\/2026\/04\/SaveClip.App_659047323_18320232364265629_6350917271904606475_n-1-980x608.jpg 980w, https:\/\/www1.unicap.br\/jornalismo\/wp-content\/uploads\/2026\/04\/SaveClip.App_659047323_18320232364265629_6350917271904606475_n-1-480x298.jpg 480w\" sizes=\"auto, (min-width: 0px) and (max-width: 480px) 480px, (min-width: 481px) and (max-width: 980px) 980px, (min-width: 981px) 1024px, 100vw\" \/><\/figure>\n\n\n\n<p>O primeiro dia do FA\u00c7O! Festival Autoral do Jornalismo terminou com saldo extremamente positivo. Aqui temos registros da oficina \u201cA escrita criativa \u00e9 este chamado\u201d, ministrada pela professora Adriana D\u00f3ria&nbsp;<a href=\"https:\/\/www.instagram.com\/adriana.doriamatos\/\">@adriana.doriamatos<\/a>&nbsp;.<\/p>\n\n\n\n<p>O FA\u00c7O! segue nesta ter\u00e7a-feira, dia 31, com premia\u00e7\u00e3o dos trabalhos selecionados, lan\u00e7amento de livro e show com a banda Os Duques. Segue abaixo a programa\u00e7\u00e3o completa:<\/p>\n\n\n\n<p>Dia 31<br>13h30 \u2013 Conversa com fot\u00f3grafo e professor Jos\u00e9 Afonso Jr&nbsp;<a href=\"https:\/\/www.instagram.com\/ze_afonso_jr\/\">@ze_afonso_jr<\/a>&nbsp;e lan\u00e7amento do livro Sert\u00e3o de Mem\u00f3rias<br>15h \u2013 Apresenta\u00e7\u00e3o dos trabalhos inscritos no Fa\u00e7o!<br>17h &#8211; An\u00fancio dos vencedores j\u00fari t\u00e9cnico e j\u00fari popular\/ Premia\u00e7\u00e3o<br>17h30 \u2013 Show com a banda Os Duques<\/p>\n\n\n\n<p>O FA\u00c7O! acontece no Audit\u00f3rio Dom Helder, no t\u00e9rreo do Bloco A e \u00e9 aberto ao p\u00fablico.<\/p>\n\n\n\n<figure class=\"wp-block-gallery has-nested-images columns-default is-cropped wp-block-gallery-1 is-layout-flex wp-block-gallery-is-layout-flex\">\n<figure class=\"wp-block-image size-large\"><img data-recalc-dims=\"1\" loading=\"lazy\" decoding=\"async\" width=\"1024\" height=\"636\" data-id=\"5313\" src=\"https:\/\/i0.wp.com\/www1.unicap.br\/jornalismo\/wp-content\/uploads\/2026\/04\/SaveClip.App_658132001_18320232391265629_2811987273030936388_n.jpg?resize=1024%2C636&#038;ssl=1\" alt=\"\" class=\"wp-image-5313\" srcset=\"https:\/\/www1.unicap.br\/jornalismo\/wp-content\/uploads\/2026\/04\/SaveClip.App_658132001_18320232391265629_2811987273030936388_n-1024x636.jpg 1024w, https:\/\/www1.unicap.br\/jornalismo\/wp-content\/uploads\/2026\/04\/SaveClip.App_658132001_18320232391265629_2811987273030936388_n-980x609.jpg 980w, https:\/\/www1.unicap.br\/jornalismo\/wp-content\/uploads\/2026\/04\/SaveClip.App_658132001_18320232391265629_2811987273030936388_n-480x298.jpg 480w\" sizes=\"auto, (min-width: 0px) and (max-width: 480px) 480px, (min-width: 481px) and (max-width: 980px) 980px, (min-width: 981px) 1024px, 100vw\" \/><\/figure>\n\n\n\n<figure class=\"wp-block-image size-large\"><img data-recalc-dims=\"1\" loading=\"lazy\" decoding=\"async\" width=\"1024\" height=\"635\" data-id=\"5309\" src=\"https:\/\/i0.wp.com\/www1.unicap.br\/jornalismo\/wp-content\/uploads\/2026\/04\/SaveClip.App_657829291_18320232358265629_6160772030164041489_n.jpg?resize=1024%2C635&#038;ssl=1\" alt=\"\" class=\"wp-image-5309\" srcset=\"https:\/\/www1.unicap.br\/jornalismo\/wp-content\/uploads\/2026\/04\/SaveClip.App_657829291_18320232358265629_6160772030164041489_n-1024x635.jpg 1024w, https:\/\/www1.unicap.br\/jornalismo\/wp-content\/uploads\/2026\/04\/SaveClip.App_657829291_18320232358265629_6160772030164041489_n-980x608.jpg 980w, https:\/\/www1.unicap.br\/jornalismo\/wp-content\/uploads\/2026\/04\/SaveClip.App_657829291_18320232358265629_6160772030164041489_n-480x298.jpg 480w\" sizes=\"auto, (min-width: 0px) and (max-width: 480px) 480px, (min-width: 481px) and (max-width: 980px) 980px, (min-width: 981px) 1024px, 100vw\" \/><\/figure>\n\n\n\n<figure class=\"wp-block-image size-large\"><img data-recalc-dims=\"1\" loading=\"lazy\" decoding=\"async\" width=\"1024\" height=\"635\" data-id=\"5312\" src=\"https:\/\/i0.wp.com\/www1.unicap.br\/jornalismo\/wp-content\/uploads\/2026\/04\/SaveClip.App_658481762_18320232385265629_2629909439666703200_n.jpg?resize=1024%2C635&#038;ssl=1\" alt=\"\" class=\"wp-image-5312\" srcset=\"https:\/\/www1.unicap.br\/jornalismo\/wp-content\/uploads\/2026\/04\/SaveClip.App_658481762_18320232385265629_2629909439666703200_n-1024x635.jpg 1024w, https:\/\/www1.unicap.br\/jornalismo\/wp-content\/uploads\/2026\/04\/SaveClip.App_658481762_18320232385265629_2629909439666703200_n-980x608.jpg 980w, https:\/\/www1.unicap.br\/jornalismo\/wp-content\/uploads\/2026\/04\/SaveClip.App_658481762_18320232385265629_2629909439666703200_n-480x298.jpg 480w\" sizes=\"auto, (min-width: 0px) and (max-width: 480px) 480px, (min-width: 481px) and (max-width: 980px) 980px, (min-width: 981px) 1024px, 100vw\" \/><\/figure>\n\n\n\n<figure class=\"wp-block-image size-large\"><img data-recalc-dims=\"1\" loading=\"lazy\" decoding=\"async\" width=\"1024\" height=\"635\" data-id=\"5311\" src=\"https:\/\/i0.wp.com\/www1.unicap.br\/jornalismo\/wp-content\/uploads\/2026\/04\/SaveClip.App_657343220_18320232400265629_3268921540153298812_n.jpg?resize=1024%2C635&#038;ssl=1\" alt=\"\" class=\"wp-image-5311\" srcset=\"https:\/\/www1.unicap.br\/jornalismo\/wp-content\/uploads\/2026\/04\/SaveClip.App_657343220_18320232400265629_3268921540153298812_n-1024x635.jpg 1024w, https:\/\/www1.unicap.br\/jornalismo\/wp-content\/uploads\/2026\/04\/SaveClip.App_657343220_18320232400265629_3268921540153298812_n-980x608.jpg 980w, https:\/\/www1.unicap.br\/jornalismo\/wp-content\/uploads\/2026\/04\/SaveClip.App_657343220_18320232400265629_3268921540153298812_n-480x298.jpg 480w\" sizes=\"auto, (min-width: 0px) and (max-width: 480px) 480px, (min-width: 481px) and (max-width: 980px) 980px, (min-width: 981px) 1024px, 100vw\" \/><\/figure>\n\n\n\n<figure class=\"wp-block-image size-large\"><img data-recalc-dims=\"1\" loading=\"lazy\" decoding=\"async\" width=\"1024\" height=\"635\" data-id=\"5308\" src=\"https:\/\/i0.wp.com\/www1.unicap.br\/jornalismo\/wp-content\/uploads\/2026\/04\/SaveClip.App_656813457_18320232361265629_7096230704767851373_n.jpg?resize=1024%2C635&#038;ssl=1\" alt=\"\" class=\"wp-image-5308\" srcset=\"https:\/\/www1.unicap.br\/jornalismo\/wp-content\/uploads\/2026\/04\/SaveClip.App_656813457_18320232361265629_7096230704767851373_n-1024x635.jpg 1024w, https:\/\/www1.unicap.br\/jornalismo\/wp-content\/uploads\/2026\/04\/SaveClip.App_656813457_18320232361265629_7096230704767851373_n-980x608.jpg 980w, https:\/\/www1.unicap.br\/jornalismo\/wp-content\/uploads\/2026\/04\/SaveClip.App_656813457_18320232361265629_7096230704767851373_n-480x298.jpg 480w\" sizes=\"auto, (min-width: 0px) and (max-width: 480px) 480px, (min-width: 481px) and (max-width: 980px) 980px, (min-width: 981px) 1024px, 100vw\" \/><\/figure>\n\n\n\n<figure class=\"wp-block-image size-large\"><img data-recalc-dims=\"1\" loading=\"lazy\" decoding=\"async\" width=\"1024\" height=\"635\" data-id=\"5310\" src=\"https:\/\/i0.wp.com\/www1.unicap.br\/jornalismo\/wp-content\/uploads\/2026\/04\/SaveClip.App_656892416_18320232388265629_286500925102158253_n.jpg?resize=1024%2C635&#038;ssl=1\" alt=\"\" class=\"wp-image-5310\" srcset=\"https:\/\/www1.unicap.br\/jornalismo\/wp-content\/uploads\/2026\/04\/SaveClip.App_656892416_18320232388265629_286500925102158253_n-1024x635.jpg 1024w, https:\/\/www1.unicap.br\/jornalismo\/wp-content\/uploads\/2026\/04\/SaveClip.App_656892416_18320232388265629_286500925102158253_n-980x608.jpg 980w, https:\/\/www1.unicap.br\/jornalismo\/wp-content\/uploads\/2026\/04\/SaveClip.App_656892416_18320232388265629_286500925102158253_n-480x298.jpg 480w\" sizes=\"auto, (min-width: 0px) and (max-width: 480px) 480px, (min-width: 481px) and (max-width: 980px) 980px, (min-width: 981px) 1024px, 100vw\" \/><\/figure>\n<\/figure>\n","protected":false},"excerpt":{"rendered":"<p>O primeiro dia do FA\u00c7O! Festival Autoral do Jornalismo terminou com saldo extremamente positivo. Aqui temos registros da oficina \u201cA escrita criativa \u00e9 este chamado\u201d, ministrada pela professora Adriana D\u00f3ria&nbsp;@adriana.doriamatos&nbsp;. O FA\u00c7O! segue nesta ter\u00e7a-feira, dia 31, com premia\u00e7\u00e3o dos trabalhos selecionados, lan\u00e7amento de livro e show com a banda Os Duques. Segue abaixo a [&hellip;]<\/p>\n","protected":false},"author":6,"featured_media":5301,"comment_status":"open","ping_status":"open","sticky":false,"template":"","format":"standard","meta":{"_et_pb_use_builder":"off","_et_pb_old_content":"","_et_gb_content_width":"","_jetpack_memberships_contains_paid_content":false,"footnotes":""},"categories":[1],"tags":[],"class_list":["post-5306","post","type-post","status-publish","format-standard","has-post-thumbnail","hentry","category-sem-categoria"],"jetpack_featured_media_url":"https:\/\/i0.wp.com\/www1.unicap.br\/jornalismo\/wp-content\/uploads\/2026\/04\/SaveClip.App_659047323_18320232364265629_6350917271904606475_n.jpg?fit=1080%2C670&ssl=1","jetpack_sharing_enabled":true,"_links":{"self":[{"href":"https:\/\/www1.unicap.br\/jornalismo\/wp-json\/wp\/v2\/posts\/5306","targetHints":{"allow":["GET"]}}],"collection":[{"href":"https:\/\/www1.unicap.br\/jornalismo\/wp-json\/wp\/v2\/posts"}],"about":[{"href":"https:\/\/www1.unicap.br\/jornalismo\/wp-json\/wp\/v2\/types\/post"}],"author":[{"embeddable":true,"href":"https:\/\/www1.unicap.br\/jornalismo\/wp-json\/wp\/v2\/users\/6"}],"replies":[{"embeddable":true,"href":"https:\/\/www1.unicap.br\/jornalismo\/wp-json\/wp\/v2\/comments?post=5306"}],"version-history":[{"count":1,"href":"https:\/\/www1.unicap.br\/jornalismo\/wp-json\/wp\/v2\/posts\/5306\/revisions"}],"predecessor-version":[{"id":5314,"href":"https:\/\/www1.unicap.br\/jornalismo\/wp-json\/wp\/v2\/posts\/5306\/revisions\/5314"}],"wp:featuredmedia":[{"embeddable":true,"href":"https:\/\/www1.unicap.br\/jornalismo\/wp-json\/wp\/v2\/media\/5301"}],"wp:attachment":[{"href":"https:\/\/www1.unicap.br\/jornalismo\/wp-json\/wp\/v2\/media?parent=5306"}],"wp:term":[{"taxonomy":"category","embeddable":true,"href":"https:\/\/www1.unicap.br\/jornalismo\/wp-json\/wp\/v2\/categories?post=5306"},{"taxonomy":"post_tag","embeddable":true,"href":"https:\/\/www1.unicap.br\/jornalismo\/wp-json\/wp\/v2\/tags?post=5306"}],"curies":[{"name":"wp","href":"https:\/\/api.w.org\/{rel}","templated":true}]}}