{"id":904,"date":"2017-04-24T19:16:30","date_gmt":"2017-04-24T19:16:30","guid":{"rendered":"https:\/\/www1.unicap.br\/estudosreligiao\/?p=904"},"modified":"2017-04-24T19:25:01","modified_gmt":"2017-04-24T19:25:01","slug":"pe-pedro-rubens-legado-e-atualidade-do-concilio-vaticano-ii","status":"publish","type":"post","link":"https:\/\/www1.unicap.br\/estudosreligiao\/pe-pedro-rubens-legado-e-atualidade-do-concilio-vaticano-ii\/","title":{"rendered":"Pe. Pedro Rubens: Legado e atualidade do Conc\u00edlio Vaticano II"},"content":{"rendered":"<p><img data-recalc-dims=\"1\" loading=\"lazy\" decoding=\"async\" data-attachment-id=\"905\" data-permalink=\"https:\/\/www1.unicap.br\/estudosreligiao\/pe-pedro-rubens-legado-e-atualidade-do-concilio-vaticano-ii\/reitor-apresenta-livro-sobre-os-50-anos-do-concilio\/\" data-orig-file=\"https:\/\/i0.wp.com\/www1.unicap.br\/estudosreligiao\/wp-content\/uploads\/2017\/04\/Reitor-apresenta-livro-sobre-os-50-anos-do-Conc\u00edlio-e1493061879428.jpg?fit=768%2C512&amp;ssl=1\" data-orig-size=\"768,512\" data-comments-opened=\"1\" data-image-meta=\"{&quot;aperture&quot;:&quot;0&quot;,&quot;credit&quot;:&quot;&quot;,&quot;camera&quot;:&quot;&quot;,&quot;caption&quot;:&quot;&quot;,&quot;created_timestamp&quot;:&quot;0&quot;,&quot;copyright&quot;:&quot;&quot;,&quot;focal_length&quot;:&quot;0&quot;,&quot;iso&quot;:&quot;0&quot;,&quot;shutter_speed&quot;:&quot;0&quot;,&quot;title&quot;:&quot;&quot;,&quot;orientation&quot;:&quot;0&quot;}\" data-image-title=\"Reitor apresenta livro sobre os 50 anos do Conc\u00edlio\" data-image-description=\"\" data-image-caption=\"\" data-medium-file=\"https:\/\/i0.wp.com\/www1.unicap.br\/estudosreligiao\/wp-content\/uploads\/2017\/04\/Reitor-apresenta-livro-sobre-os-50-anos-do-Conc\u00edlio-e1493061879428.jpg?fit=300%2C200&amp;ssl=1\" data-large-file=\"https:\/\/i0.wp.com\/www1.unicap.br\/estudosreligiao\/wp-content\/uploads\/2017\/04\/Reitor-apresenta-livro-sobre-os-50-anos-do-Conc\u00edlio-e1493061879428.jpg?fit=768%2C512&amp;ssl=1\" class=\"alignnone wp-image-905 size-full\" src=\"https:\/\/i0.wp.com\/www1.unicap.br\/estudosreligiao\/wp-content\/uploads\/2017\/04\/Reitor-apresenta-livro-sobre-os-50-anos-do-Conc\u00edlio-e1493061879428.jpg?resize=768%2C512&#038;ssl=1\" width=\"768\" height=\"512\" srcset=\"https:\/\/i0.wp.com\/www1.unicap.br\/estudosreligiao\/wp-content\/uploads\/2017\/04\/Reitor-apresenta-livro-sobre-os-50-anos-do-Conc\u00edlio-e1493061879428.jpg?w=768&amp;ssl=1 768w, https:\/\/i0.wp.com\/www1.unicap.br\/estudosreligiao\/wp-content\/uploads\/2017\/04\/Reitor-apresenta-livro-sobre-os-50-anos-do-Conc\u00edlio-e1493061879428.jpg?resize=300%2C200&amp;ssl=1 300w, https:\/\/i0.wp.com\/www1.unicap.br\/estudosreligiao\/wp-content\/uploads\/2017\/04\/Reitor-apresenta-livro-sobre-os-50-anos-do-Conc\u00edlio-e1493061879428.jpg?resize=750%2C500&amp;ssl=1 750w\" sizes=\"(max-width: 768px) 100vw, 768px\" \/><\/p>\n<p>O Reitor da Universidade Cat\u00f3lica de Pernambuco, Prof. Dr. Padre Pedro Rubens, apresentou no fim da tarde da \u00faltima\u00a0quinta-feira (20\/04) o livro <em>50 anos Ap\u00f3s o Conc\u00edlio Vaticano II.\u00a0<\/em>A obra re\u00fane a produ\u00e7\u00e3o de 100 te\u00f3logos dos cinco continentes em torno do legado e atualidade daquele que \u00e9 considerado o maior evento eclesial do s\u00e9culo XX. O conte\u00fado \u00e9\u00a0resultado de um col\u00f3quio internacional realizado em abril de 2015, em Paris.<\/p>\n<p>Al\u00e9m de Padre Pedro, participaram da organiza\u00e7\u00e3o dos textos Mathijs Lamberrigts (Universidade de Louvain, B\u00e9gica); Gilles Routhier (Universidade de Quebec, Canad\u00e1); e Christoph Teobald (do Centre S\u00e8rvres de Paris). \u00a0Dries Bosschaert foi o assistente cient\u00edfico do projeto que teve apoio da Federa\u00e7\u00e3o Internacional das Universidades Cat\u00f3licas (FIUC) da qual Padre Pedro \u00e9 presidente. O livro foi publicado pela editora Paulinas.<\/p>\n<p>Durante a apresenta\u00e7\u00e3o, Padre Pedro explicou a forma e a metodologia aplicadas ao estudo. \u201cMais que uma justaposi\u00e7\u00e3o de ideias. Foi uma delibera\u00e7\u00e3o dentro do pr\u00f3prio estilo do Conc\u00edlio\u201d. A primeira das tr\u00eas fases do trabalho come\u00e7ou em 2012 com a composi\u00e7\u00e3o do comit\u00ea cient\u00edfico que teve entre os objetivos \u201cidentificar rupturas e deslocamentos\u201d. A segunda fase foi a de prepara\u00e7\u00e3o e realiza\u00e7\u00e3o do pr\u00e9-col\u00f3quio. A terceira organizou o trabalho das comiss\u00f5es. \u201cEste livro \u00e9 o testamento do consenso ao qual a gente chega e dentro desses consensos h\u00e1 muito debate interno\u201d, disse o Reitor.<\/p>\n<p><img data-recalc-dims=\"1\" loading=\"lazy\" decoding=\"async\" class=\"alignleft wp-image-68249 size-medium\" src=\"https:\/\/i0.wp.com\/www.unicap.br\/assecom1\/wp-content\/uploads\/2017\/04\/MG_6554-1-e1492728091195-256x300.jpg?resize=256%2C300\" sizes=\"(max-width: 256px) 100vw, 256px\" srcset=\"http:\/\/www.unicap.br\/assecom1\/wp-content\/uploads\/2017\/04\/MG_6554-1-e1492728091195-256x300.jpg 256w, http:\/\/www.unicap.br\/assecom1\/wp-content\/uploads\/2017\/04\/MG_6554-1-e1492728091195-768x900.jpg 768w, http:\/\/www.unicap.br\/assecom1\/wp-content\/uploads\/2017\/04\/MG_6554-1-e1492728091195-874x1024.jpg 874w\" alt=\"\" width=\"256\" height=\"300\" data-attachment-id=\"68249\" data-permalink=\"http:\/\/www.unicap.br\/assecom1\/reitor-apresenta-livro-sobre-o-legado-e-atualidade-do-concilho-vaticano-ii\/_mg_6554-2\/\" data-orig-file=\"http:\/\/www.unicap.br\/assecom1\/wp-content\/uploads\/2017\/04\/MG_6554-1-e1492728091195.jpg\" data-orig-size=\"1736,2034\" data-comments-opened=\"1\" data-image-meta=\"{&quot;aperture&quot;:&quot;5&quot;,&quot;credit&quot;:&quot;&quot;,&quot;camera&quot;:&quot;Canon EOS REBEL T3i&quot;,&quot;caption&quot;:&quot;&quot;,&quot;created_timestamp&quot;:&quot;1492708380&quot;,&quot;copyright&quot;:&quot;&quot;,&quot;focal_length&quot;:&quot;18&quot;,&quot;iso&quot;:&quot;800&quot;,&quot;shutter_speed&quot;:&quot;0.04&quot;,&quot;title&quot;:&quot;&quot;,&quot;orientation&quot;:&quot;1&quot;}\" data-image-title=\"_MG_6554\" data-image-description=\"\" data-medium-file=\"http:\/\/www.unicap.br\/assecom1\/wp-content\/uploads\/2017\/04\/MG_6554-1-e1492728091195-256x300.jpg\" data-large-file=\"http:\/\/www.unicap.br\/assecom1\/wp-content\/uploads\/2017\/04\/MG_6554-1-e1492728091195-874x1024.jpg\" \/>A roda de di\u00e1logo que marcou o lan\u00e7amento do livro no audit\u00f3rio Dom Helder Camara foi mediada pelo Prof. Dr. S\u00e9rgio Cezino\u00a0e teve a participa\u00e7\u00e3o do Prof. Dr. Luiz Marques, do Programa de P\u00f3s-gradua\u00e7\u00e3o em Ci\u00eancias da Religi\u00e3o da Unicap. Historiador com doutorado pela Universidade de Bologna, na It\u00e1lia, a primeira universidade do mundo, fundada em 1078, ele pesquisa Teologia e o Conc\u00edlio Vaticano II h\u00e1 25 anos.<\/p>\n<p>Foi Marques\u00a0quem digitalizou as agendas privadas do Papa Jo\u00e3o XXIII e criou o programa de computador que permitiu o acesso instant\u00e2neo ao acervo da biblioteca do Vaticano, composto por mais de 400 mil volumes.\u00a0\u201cAs decis\u00f5es do Vaticano II n\u00e3o encerram o Conc\u00edlio. Ele foi um processo de di\u00e1logo que n\u00e3o se esgotou, \u00e9 uma fonte de inspira\u00e7\u00e3o\u201d, disse ele.<\/p>\n<p>&nbsp;<\/p>\n<h6 style=\"text-align: right;\">Publicado originalmente por ASSECOM Unicap.<\/h6>\n","protected":false},"excerpt":{"rendered":"<p>O Reitor da Universidade Cat\u00f3lica de Pernambuco, Prof. Dr. Padre Pedro Rubens, apresentou no fim da tarde da \u00faltima\u00a0quinta-feira (20\/04) o livro 50 anos Ap\u00f3s o Conc\u00edlio Vaticano II.\u00a0A obra [&hellip;]<\/p>\n","protected":false},"author":3,"featured_media":908,"comment_status":"open","ping_status":"open","sticky":false,"template":"","format":"standard","meta":{"spay_email":"","footnotes":"","jetpack_publicize_message":"","jetpack_is_tweetstorm":false,"jetpack_publicize_feature_enabled":true},"categories":[8],"tags":[],"class_list":["post-904","post","type-post","status-publish","format-standard","has-post-thumbnail","hentry","category-publicacoes"],"jetpack_featured_media_url":"https:\/\/i0.wp.com\/www1.unicap.br\/estudosreligiao\/wp-content\/uploads\/2017\/04\/Reitor-apresenta-livro-sobre-os-50-anos-do-Conc\u00edlio-II.jpg?fit=768%2C357&ssl=1","jetpack_publicize_connections":[],"jetpack_shortlink":"https:\/\/wp.me\/p7qXzA-eA","jetpack-related-posts":[{"id":1957,"url":"https:\/\/www1.unicap.br\/estudosreligiao\/a-unicap-concede-titulo-de-doutor-honoris-causa-a-dom-fernando-saburido\/","url_meta":{"origin":904,"position":0},"title":"A UNICAP concede t\u00edtulo de Doutor Honoris Causa a Dom Fernando Saburido","date":"20 de novembro de 2018","format":false,"excerpt":"Autoridades do poder p\u00fablico, membros da comunidade acad\u00eamica e representantes da Igreja Cat\u00f3lica lotaram o audit\u00f3rio G2, na tarde desta segunda-feira (19), para prestigiar a entrega do t\u00edtulo de\u00a0Doutor Honoris Causa\u00a0da Universidade Cat\u00f3lica de Pernambuco ao Arcebispo de Olinda e Recife (AOR) Dom Fernando Saburido (confira o v\u00eddeo completo\u00a0aqui). O\u2026","rel":"","context":"Em &quot;T\u00edtulo&quot;","img":{"alt_text":"","src":"https:\/\/i0.wp.com\/www1.unicap.br\/estudosreligiao\/wp-content\/uploads\/2018\/11\/FOTO-NIEDJA-DIAS-11-e1542733502773.jpg?fit=768%2C384&ssl=1&resize=350%2C200","width":350,"height":200},"classes":[]},{"id":1436,"url":"https:\/\/www1.unicap.br\/estudosreligiao\/reitor-e-pro-reitor-comunitario-participaram-de-simposio-internacional-laudato-si-na-costa-rica\/","url_meta":{"origin":904,"position":1},"title":"Reitor e Pr\u00f3-Reitor Comunit\u00e1rio participaram de Simp\u00f3sio Internacional Laudato Si na Costa Rica","date":"4 de dezembro de 2017","format":false,"excerpt":"O Reitor da Universidade Cat\u00f3lica de Pernambuco, Padre Pedro Rubens, e o Pr\u00f3-reitor Comunit\u00e1rio, Padre L\u00facio Fl\u00e1vio Ribeiro Cirne, est\u00e3o na Costa Rica participando do Simp\u00f3sio Internacional Laudato Si, que aborda o tema \u201cO Cuidado com a Casa Comum, uma conversa\u00e7\u00e3o necess\u00e1ria para a Ecologia Humana\u201d. O evento,\u00a0que teve in\u00edcio\u2026","rel":"","context":"Em &quot;Eventos&quot;","img":{"alt_text":"","src":"https:\/\/i0.wp.com\/www1.unicap.br\/estudosreligiao\/wp-content\/uploads\/2017\/12\/WhatsApp-Image-2017-11-30-at-17.27.04-768x512-e1512416737238.jpeg?fit=768%2C399&ssl=1&resize=350%2C200","width":350,"height":200},"classes":[]},{"id":1414,"url":"https:\/\/www1.unicap.br\/estudosreligiao\/reitor-tem-encontro-com-o-papa-francisco-e-fala-sobre-apoio-a-refugiados\/","url_meta":{"origin":904,"position":2},"title":"Reitor tem encontro com o Papa Francisco e fala sobre apoio a refugiados","date":"4 de novembro de 2017","format":false,"excerpt":"O presidente da Federa\u00e7\u00e3o Internacional das Universidades Cat\u00f3licas (Fiuc) e Reitor da Unicap , Padre Pedro Rubens, participou neste s\u00e1bado de encontro com o Papa Francisco, no Vaticano, juntamente com os participantes do col\u00f3quio realizado de 1\u00ba a 4 de novembro, na Pontif\u00edcia Universidade Gregoriana, sobre Universidades, migrantes e refugiados.\u2026","rel":"","context":"Em &quot;Novidade&quot;","img":{"alt_text":"","src":"https:\/\/i0.wp.com\/www1.unicap.br\/estudosreligiao\/wp-content\/uploads\/2017\/11\/Reitor-encontra-o-Papa-e1511963502938.jpg?fit=600%2C300&ssl=1&resize=350%2C200","width":350,"height":200},"classes":[]},{"id":1337,"url":"https:\/\/www1.unicap.br\/estudosreligiao\/superior-geral-dos-jesuitas-discute-a-formacao-de-agentes-eclesiais-seminaristas-e-leigos\/","url_meta":{"origin":904,"position":3},"title":"Superior Geral dos Jesu\u00edtas Discute a Forma\u00e7\u00e3o de Agentes Eclesiais, Seminaristas e Leigos","date":"25 de outubro de 2017","format":false,"excerpt":"O \u00faltimo compromisso do Padre Arturo Sosa em Pernambuco foi uma confer\u00eancia voltada para professores e alunos dos cursos de Teologia e Filosofia da Unicap. Ele tratou do tema\u00a0A Contribui\u00e7\u00e3o de uma Universidade (Jesu\u00edta) na Forma\u00e7\u00e3o de Agentes Eclesiais, Seminaristas, Religiosos e Leigos.\u00a0O audit\u00f3rio G1 estava lotado. Al\u00e9m do Superior\u2026","rel":"","context":"Em &quot;Palestra&quot;","img":{"alt_text":"","src":"https:\/\/i0.wp.com\/www1.unicap.br\/estudosreligiao\/wp-content\/uploads\/2017\/10\/tarde-DSC0001-19-1024x680-e1508935085654.jpg?fit=931%2C494&ssl=1&resize=350%2C200","width":350,"height":200},"classes":[]},{"id":1304,"url":"https:\/\/www1.unicap.br\/estudosreligiao\/catolica-recebera-a-visita-do-superior-geral-dos-jesuitas-no-dia-24-de-outubro\/","url_meta":{"origin":904,"position":4},"title":"Cat\u00f3lica receber\u00e1 a visita do Superior Geral dos Jesu\u00edtas no dia 24 de outubro","date":"17 de outubro de 2017","format":false,"excerpt":"O Superior Geral dos Jesu\u00edtas, Padre Arturo Sosa\u00a0Abascal, em sua primeira visita ao Brasil, vir\u00e1 ao Recife e \u00e0 Universidade Cat\u00f3lica de Pernambuco, no dia 24 de outubro, para a abertura da\u00a015\u00aa Semana de Integra\u00e7\u00e3o Universidade Sociedade. Na ocasi\u00e3o, far\u00e1 uma confer\u00eancia sobre \u201cA miss\u00e3o de uma universidade jesu\u00edta na\u2026","rel":"","context":"Em &quot;Novidade&quot;","img":{"alt_text":"","src":"https:\/\/i0.wp.com\/www1.unicap.br\/estudosreligiao\/wp-content\/uploads\/2017\/10\/superior-geral-dos-jesu\u00edtas-e1508423563925.jpg?fit=1024%2C535&ssl=1&resize=350%2C200","width":350,"height":200},"classes":[]},{"id":1758,"url":"https:\/\/www1.unicap.br\/estudosreligiao\/xxiii-semana-de-teologia-da-catolica-aborda-o-tema-identidade-e-missao-dos-cristaos-hoje\/","url_meta":{"origin":904,"position":5},"title":"XXIII Semana de Teologia da Cat\u00f3lica aborda o tema Identidade e Miss\u00e3o dos Crist\u00e3os Hoje","date":"11 de maio de 2018","format":false,"excerpt":"A Universidade Cat\u00f3lica de Pernambuco realiza, por meio dos cursos de Gradua\u00e7\u00e3o e Mestrado em Teologia, com apoio da Arquidiocese de Olinda e Recife, a sua XXIII Semana de Teologia. O evento, que tem como tema \u201cIdentidade e Miss\u00e3o dos Crist\u00e3os hoje: perspectivas e desafios\u201d, est\u00e1 acontecendo desde o dia\u2026","rel":"","context":"Em &quot;Eventos&quot;","img":{"alt_text":"","src":"https:\/\/i0.wp.com\/www1.unicap.br\/estudosreligiao\/wp-content\/uploads\/2018\/05\/Semana-de-Teologia-e1526050333797.jpg?fit=768%2C391&ssl=1&resize=350%2C200","width":350,"height":200},"classes":[]}],"_links":{"self":[{"href":"https:\/\/www1.unicap.br\/estudosreligiao\/wp-json\/wp\/v2\/posts\/904"}],"collection":[{"href":"https:\/\/www1.unicap.br\/estudosreligiao\/wp-json\/wp\/v2\/posts"}],"about":[{"href":"https:\/\/www1.unicap.br\/estudosreligiao\/wp-json\/wp\/v2\/types\/post"}],"author":[{"embeddable":true,"href":"https:\/\/www1.unicap.br\/estudosreligiao\/wp-json\/wp\/v2\/users\/3"}],"replies":[{"embeddable":true,"href":"https:\/\/www1.unicap.br\/estudosreligiao\/wp-json\/wp\/v2\/comments?post=904"}],"version-history":[{"count":4,"href":"https:\/\/www1.unicap.br\/estudosreligiao\/wp-json\/wp\/v2\/posts\/904\/revisions"}],"predecessor-version":[{"id":911,"href":"https:\/\/www1.unicap.br\/estudosreligiao\/wp-json\/wp\/v2\/posts\/904\/revisions\/911"}],"wp:featuredmedia":[{"embeddable":true,"href":"https:\/\/www1.unicap.br\/estudosreligiao\/wp-json\/wp\/v2\/media\/908"}],"wp:attachment":[{"href":"https:\/\/www1.unicap.br\/estudosreligiao\/wp-json\/wp\/v2\/media?parent=904"}],"wp:term":[{"taxonomy":"category","embeddable":true,"href":"https:\/\/www1.unicap.br\/estudosreligiao\/wp-json\/wp\/v2\/categories?post=904"},{"taxonomy":"post_tag","embeddable":true,"href":"https:\/\/www1.unicap.br\/estudosreligiao\/wp-json\/wp\/v2\/tags?post=904"}],"curies":[{"name":"wp","href":"https:\/\/api.w.org\/{rel}","templated":true}]}}