{"id":898,"date":"2017-04-24T18:52:32","date_gmt":"2017-04-24T18:52:32","guid":{"rendered":"https:\/\/www1.unicap.br\/estudosreligiao\/?p=898"},"modified":"2017-04-24T18:57:43","modified_gmt":"2017-04-24T18:57:43","slug":"a-corrupcao-em-abordagens-religiosa-filosofica-e-social","status":"publish","type":"post","link":"https:\/\/www1.unicap.br\/estudosreligiao\/a-corrupcao-em-abordagens-religiosa-filosofica-e-social\/","title":{"rendered":"A corrup\u00e7\u00e3o em abordagens religiosa, filos\u00f3fica e social"},"content":{"rendered":"<p><img data-recalc-dims=\"1\" loading=\"lazy\" decoding=\"async\" data-attachment-id=\"899\" data-permalink=\"https:\/\/www1.unicap.br\/estudosreligiao\/a-corrupcao-em-abordagens-religiosa-filosofica-e-social\/904f009a-5035-4ba8-a372-387a62f58980\/\" data-orig-file=\"https:\/\/i0.wp.com\/www1.unicap.br\/estudosreligiao\/wp-content\/uploads\/2017\/04\/904f009a-5035-4ba8-a372-387a62f58980.jpg?fit=1280%2C944&amp;ssl=1\" data-orig-size=\"1280,944\" data-comments-opened=\"1\" data-image-meta=\"{&quot;aperture&quot;:&quot;0&quot;,&quot;credit&quot;:&quot;&quot;,&quot;camera&quot;:&quot;&quot;,&quot;caption&quot;:&quot;&quot;,&quot;created_timestamp&quot;:&quot;0&quot;,&quot;copyright&quot;:&quot;&quot;,&quot;focal_length&quot;:&quot;0&quot;,&quot;iso&quot;:&quot;0&quot;,&quot;shutter_speed&quot;:&quot;0&quot;,&quot;title&quot;:&quot;&quot;,&quot;orientation&quot;:&quot;1&quot;}\" data-image-title=\"904f009a-5035-4ba8-a372-387a62f58980\" data-image-description=\"\" data-image-caption=\"\" data-medium-file=\"https:\/\/i0.wp.com\/www1.unicap.br\/estudosreligiao\/wp-content\/uploads\/2017\/04\/904f009a-5035-4ba8-a372-387a62f58980.jpg?fit=300%2C221&amp;ssl=1\" data-large-file=\"https:\/\/i0.wp.com\/www1.unicap.br\/estudosreligiao\/wp-content\/uploads\/2017\/04\/904f009a-5035-4ba8-a372-387a62f58980.jpg?fit=1024%2C755&amp;ssl=1\" class=\"alignnone size-full wp-image-899\" src=\"https:\/\/i0.wp.com\/www1.unicap.br\/estudosreligiao\/wp-content\/uploads\/2017\/04\/904f009a-5035-4ba8-a372-387a62f58980.jpg?resize=1170%2C863&#038;ssl=1\" alt=\"\" width=\"1170\" height=\"863\" srcset=\"https:\/\/i0.wp.com\/www1.unicap.br\/estudosreligiao\/wp-content\/uploads\/2017\/04\/904f009a-5035-4ba8-a372-387a62f58980.jpg?w=1280&amp;ssl=1 1280w, https:\/\/i0.wp.com\/www1.unicap.br\/estudosreligiao\/wp-content\/uploads\/2017\/04\/904f009a-5035-4ba8-a372-387a62f58980.jpg?resize=300%2C221&amp;ssl=1 300w, https:\/\/i0.wp.com\/www1.unicap.br\/estudosreligiao\/wp-content\/uploads\/2017\/04\/904f009a-5035-4ba8-a372-387a62f58980.jpg?resize=768%2C566&amp;ssl=1 768w, https:\/\/i0.wp.com\/www1.unicap.br\/estudosreligiao\/wp-content\/uploads\/2017\/04\/904f009a-5035-4ba8-a372-387a62f58980.jpg?resize=1024%2C755&amp;ssl=1 1024w, https:\/\/i0.wp.com\/www1.unicap.br\/estudosreligiao\/wp-content\/uploads\/2017\/04\/904f009a-5035-4ba8-a372-387a62f58980.jpg?resize=750%2C553&amp;ssl=1 750w\" sizes=\"(max-width: 1170px) 100vw, 1170px\" \/><\/p>\n<p>Ser\u00e1 realizado no dia 27 de abril, no bloco G4, sala 05, quinta-feira, das 10h \u00e0s 12h e das 14h \u00e0s 16h, o Semin\u00e1rio do <strong>Grupo de Pesquisa Religi\u00e3o Crist\u00e3, fundamentos e desafios contempor\u00e2neos<\/strong>, que\u00a0ter\u00e1 como tem\u00e1ticas <strong>Corrup\u00e7\u00e3o, uma abordagem religiosa e filos\u00f3fica <\/strong>(com os professores Jo\u00e3o Luiz e Jos\u00e9 Tadeu)\u00a0e <strong>Corrup\u00e7\u00e3o e criminaliza\u00e7\u00e3o dos Movimentos Sociais no cen\u00e1rio atual <\/strong>(com os professores Afonso Chaves e Manoel Moraes). As inscri\u00e7\u00f5es ser\u00e3o gratuitas, poder\u00e3o ser realizadas no local e dar\u00e3o direito a certificado pela participa\u00e7\u00e3o.<\/p>\n<p>&nbsp;<\/p>\n<p>SERVI\u00c7OS<\/p>\n<ul>\n<li><strong>Semin\u00e1rio\u00a0sobre Corrup\u00e7\u00e3o<\/strong><\/li>\n<li><strong>Dia e hora<\/strong>: 27\/04, 10h-12h e 14h-16h<\/li>\n<li><strong>Local<\/strong>: Bloco G4, sala 05<\/li>\n<li><strong>Inscri\u00e7\u00f5es<\/strong>: no local do Evento<\/li>\n<li><strong>Mais informa\u00e7\u00f5es<\/strong>: 81 99962-2814\/81 9 9610-5724\/81 99722-6321<\/li>\n<\/ul>\n","protected":false},"excerpt":{"rendered":"<p>Ser\u00e1 realizado no dia 27 de abril, no bloco G4, sala 05, quinta-feira, das 10h \u00e0s 12h e das 14h \u00e0s 16h, o Semin\u00e1rio do Grupo de Pesquisa Religi\u00e3o Crist\u00e3, [&hellip;]<\/p>\n","protected":false},"author":3,"featured_media":900,"comment_status":"open","ping_status":"open","sticky":false,"template":"","format":"standard","meta":{"spay_email":"","footnotes":"","jetpack_publicize_message":"","jetpack_is_tweetstorm":false,"jetpack_publicize_feature_enabled":true},"categories":[100],"tags":[],"class_list":["post-898","post","type-post","status-publish","format-standard","has-post-thumbnail","hentry","category-seminario"],"jetpack_featured_media_url":"https:\/\/i0.wp.com\/www1.unicap.br\/estudosreligiao\/wp-content\/uploads\/2017\/04\/Semin\u00e1rio.jpg?fit=1278%2C580&ssl=1","jetpack_publicize_connections":[],"jetpack_shortlink":"https:\/\/wp.me\/p7qXzA-eu","jetpack-related-posts":[{"id":948,"url":"https:\/\/www1.unicap.br\/estudosreligiao\/fotos-do-seminario-a-corrupcao-em-abordagens-religiosa-filosofica-e-social\/","url_meta":{"origin":898,"position":0},"title":"Fotos: a corrup\u00e7\u00e3o em abordagens religiosa, filos\u00f3fica e social","date":"2 de maio de 2017","format":false,"excerpt":"Palestra do Prof Afonso Chaves, do Programa de P\u00f3s-gradua\u00e7\u00e3o em Ci\u00eancias da Religi\u00e3o Palestra do Prof. Jos\u00e9 Tadeu O Semin\u00e1rio teve em torno de 30 pessoas, no per\u00edodo da manh\u00e3 e da tarde O tema A CORRUP\u00c7\u00c3O EM ABORDAGENS RELIGIOSA, FILOS\u00d3FICA E SOCIAL suscitou vivo interesse dos participantes, entre alunos,\u2026","rel":"","context":"Em &quot;Semin\u00e1rio&quot;","img":{"alt_text":"","src":"https:\/\/i0.wp.com\/www1.unicap.br\/estudosreligiao\/wp-content\/uploads\/2017\/04\/Semin\u00e1rio.jpg?fit=1200%2C545&ssl=1&resize=350%2C200","width":350,"height":200},"classes":[]},{"id":1508,"url":"https:\/\/www1.unicap.br\/estudosreligiao\/novos-prazos-de-inscricoes-do-simposio-biblia-politica-e-cidadania\/","url_meta":{"origin":898,"position":1},"title":"Novos prazos de inscri\u00e7\u00f5es do Simp\u00f3sio B\u00edblia, Pol\u00edtica e Cidadania","date":"22 de fevereiro de 2018","format":false,"excerpt":"O Grupo de Pesquisa Cristianismo e Interpreta\u00e7\u00f5es, do Programa de P\u00f3s-gradua\u00e7\u00e3o em Teologia da UNICAP \u2013 Universidade Cat\u00f3lica de Pernambuco, estar\u00e1 promovendo nos dias 10 e 11 de abril de 2018 (ter\u00e7a e quarta-feira) seu IV Simp\u00f3sio, com o tema B\u00edblia, Pol\u00edtica e Cidadania. O evento tem por finalidade apresentar\u2026","rel":"","context":"Em &quot;Eventos&quot;","img":{"alt_text":"","src":"https:\/\/i0.wp.com\/www1.unicap.br\/estudosreligiao\/wp-content\/uploads\/2018\/01\/Imagem1-e1516986678886.png?fit=784%2C392&ssl=1&resize=350%2C200","width":350,"height":200},"classes":[]},{"id":1703,"url":"https:\/\/www1.unicap.br\/estudosreligiao\/perspectivas-teoricas-para-as-ciencias-da-religiao-releituras-e-possibilidades\/","url_meta":{"origin":898,"position":2},"title":"Perspectivas te\u00f3ricas para as Ci\u00eancias da Religi\u00e3o: releituras e possibilidades","date":"23 de abril de 2018","format":false,"excerpt":"O Programa de P\u00f3s-gradua\u00e7\u00e3o em Ci\u00eancias da Religi\u00e3o da Unicap estar\u00e1 realizando nesta sexta-feira, 27\/04\/2018, uma Mesa-Redonda, com o tema as\u00a0Perspectivas te\u00f3ricas para as Ci\u00eancias da Religi\u00e3o: releituras e possibilidades,\u00a0com o professor Dr. Emerson Sena da Silveira, Coordenador do Programa de Ci\u00eancias da Religi\u00e3o de Juiz de Fora e com\u2026","rel":"","context":"Em &quot;Mesa-Redonda&quot;","img":{"alt_text":"","src":"https:\/\/i0.wp.com\/www1.unicap.br\/estudosreligiao\/wp-content\/uploads\/2018\/04\/Perspectivas-te\u00f3ricas-para-as-Ci\u00eancias-da-Religi\u00e3o-e1524518177263.jpg?fit=800%2C406&ssl=1&resize=350%2C200","width":350,"height":200},"classes":[]},{"id":64,"url":"https:\/\/www1.unicap.br\/estudosreligiao\/64\/","url_meta":{"origin":898,"position":3},"title":"III Congresso Nordestino de Ci\u00eancias da Religi\u00e3o e Teologia","date":"8 de setembro de 2016","format":false,"excerpt":"\u00a0 8 a 10 de setembro 2016 Universidade Cat\u00f3lica de Pernambuco ********* PROGRAMA\u00c7\u00c3O ********* Calend\u00e1rio alterado Envio dos resumos das comunica\u00e7\u00f5es e dos p\u00f4steres: at\u00e9 30 de julho de 2016 Publica\u00e7\u00e3o da lista dos resumos e p\u00f4steres aceitos: 10 de agosto de 2016 Envio dos textos completos das comunica\u00e7\u00f5es: at\u00e9\u2026","rel":"","context":"Em &quot;Eventos&quot;","img":{"alt_text":"","src":"https:\/\/i0.wp.com\/www1.unicap.br\/estudosreligiao\/wp-content\/uploads\/2016\/04\/Congresso-de-Ciencias-da-Religiao-.jpg?fit=700%2C300&ssl=1&resize=350%2C200","width":350,"height":200},"classes":[]},{"id":539,"url":"https:\/\/www1.unicap.br\/estudosreligiao\/ii-seminario-de-discurso-religioso-e-violencia-contra-a-mulher\/","url_meta":{"origin":898,"position":4},"title":"II Semin\u00e1rio de Discurso Religioso e Viol\u00eancia Contra a Mulher","date":"11 de agosto de 2016","format":false,"excerpt":"FA\u00c7A A SUA INSCRI\u00c7\u00c3O [AQUI] PROGRAMA\u00c7\u00c3O OBJETIVO GERAL Fomentar a discuss\u00e3o sobre a viol\u00eancia contra a mulher no contexto religioso. OBJETIVO ESPEC\u00cdFICO Realizar o II Semin\u00e1rio Discurso Religioso e a Viol\u00eancia contra a Mulher. Ampliar a capilaridade da discuss\u00e3o sobre o tema central do semin\u00e1rio dialogando com a quest\u00e3o de\u2026","rel":"","context":"Em &quot;Extens\u00e3o&quot;","img":{"alt_text":"","src":"https:\/\/i0.wp.com\/www1.unicap.br\/estudosreligiao\/wp-content\/uploads\/2016\/08\/maria-e1470934815512.jpg?fit=909%2C379&ssl=1&resize=350%2C200","width":350,"height":200},"classes":[]},{"id":2203,"url":"https:\/\/www1.unicap.br\/estudosreligiao\/educacao-popular-e-discutida-em-seminario-na-unicap\/","url_meta":{"origin":898,"position":5},"title":"Educa\u00e7\u00e3o Popular \u00e9 discutida em semin\u00e1rio na Unicap","date":"7 de maio de 2019","format":false,"excerpt":"\u00a0 O Semin\u00e1rio \"Atualidade da Educa\u00e7\u00e3o Popular e os Novos Desafios\" acontecer\u00e1 nos dias 10 e 11 de maio,\u00a0 na Universidade Cat\u00f3lica de Pernambuco (Unicap). No dia 10, a partir das 19h, no audit\u00f3rio Dom Helder Camara,\u00a0 t\u00e9rreo do bloco \"A\", acontecer\u00e1 a palestra de abertura do evento, com a\u2026","rel":"","context":"Em &quot;Semin\u00e1rio&quot;","img":{"alt_text":"","src":"https:\/\/i0.wp.com\/www1.unicap.br\/estudosreligiao\/wp-content\/uploads\/2019\/05\/educacao_popular_seminario_slide-e1557154463249.jpg?fit=960%2C463&ssl=1&resize=350%2C200","width":350,"height":200},"classes":[]}],"_links":{"self":[{"href":"https:\/\/www1.unicap.br\/estudosreligiao\/wp-json\/wp\/v2\/posts\/898"}],"collection":[{"href":"https:\/\/www1.unicap.br\/estudosreligiao\/wp-json\/wp\/v2\/posts"}],"about":[{"href":"https:\/\/www1.unicap.br\/estudosreligiao\/wp-json\/wp\/v2\/types\/post"}],"author":[{"embeddable":true,"href":"https:\/\/www1.unicap.br\/estudosreligiao\/wp-json\/wp\/v2\/users\/3"}],"replies":[{"embeddable":true,"href":"https:\/\/www1.unicap.br\/estudosreligiao\/wp-json\/wp\/v2\/comments?post=898"}],"version-history":[{"count":3,"href":"https:\/\/www1.unicap.br\/estudosreligiao\/wp-json\/wp\/v2\/posts\/898\/revisions"}],"predecessor-version":[{"id":903,"href":"https:\/\/www1.unicap.br\/estudosreligiao\/wp-json\/wp\/v2\/posts\/898\/revisions\/903"}],"wp:featuredmedia":[{"embeddable":true,"href":"https:\/\/www1.unicap.br\/estudosreligiao\/wp-json\/wp\/v2\/media\/900"}],"wp:attachment":[{"href":"https:\/\/www1.unicap.br\/estudosreligiao\/wp-json\/wp\/v2\/media?parent=898"}],"wp:term":[{"taxonomy":"category","embeddable":true,"href":"https:\/\/www1.unicap.br\/estudosreligiao\/wp-json\/wp\/v2\/categories?post=898"},{"taxonomy":"post_tag","embeddable":true,"href":"https:\/\/www1.unicap.br\/estudosreligiao\/wp-json\/wp\/v2\/tags?post=898"}],"curies":[{"name":"wp","href":"https:\/\/api.w.org\/{rel}","templated":true}]}}