{"id":872,"date":"2017-04-11T14:17:03","date_gmt":"2017-04-11T14:17:03","guid":{"rendered":"https:\/\/www1.unicap.br\/estudosreligiao\/?p=872"},"modified":"2018-04-12T18:47:48","modified_gmt":"2018-04-12T18:47:48","slug":"simposio-internacional-de-mariologia-2017","status":"publish","type":"post","link":"https:\/\/www1.unicap.br\/estudosreligiao\/simposio-internacional-de-mariologia-2017\/","title":{"rendered":"Simp\u00f3sio Internacional de Mariologia 2017"},"content":{"rendered":"<h3><img data-recalc-dims=\"1\" loading=\"lazy\" decoding=\"async\" data-attachment-id=\"873\" data-permalink=\"https:\/\/www1.unicap.br\/estudosreligiao\/simposio-internacional-de-mariologia-2017\/mariologia-site-0\/\" data-orig-file=\"https:\/\/i0.wp.com\/www1.unicap.br\/estudosreligiao\/wp-content\/uploads\/2017\/04\/mariologia-site-0.jpg?fit=735%2C353&amp;ssl=1\" data-orig-size=\"735,353\" data-comments-opened=\"1\" data-image-meta=\"{&quot;aperture&quot;:&quot;0&quot;,&quot;credit&quot;:&quot;Assecom Java&quot;,&quot;camera&quot;:&quot;&quot;,&quot;caption&quot;:&quot;&quot;,&quot;created_timestamp&quot;:&quot;1490881058&quot;,&quot;copyright&quot;:&quot;&quot;,&quot;focal_length&quot;:&quot;0&quot;,&quot;iso&quot;:&quot;0&quot;,&quot;shutter_speed&quot;:&quot;0&quot;,&quot;title&quot;:&quot;&quot;,&quot;orientation&quot;:&quot;0&quot;}\" data-image-title=\"mariologia-site-0\" data-image-description=\"\" data-image-caption=\"\" data-medium-file=\"https:\/\/i0.wp.com\/www1.unicap.br\/estudosreligiao\/wp-content\/uploads\/2017\/04\/mariologia-site-0.jpg?fit=300%2C144&amp;ssl=1\" data-large-file=\"https:\/\/i0.wp.com\/www1.unicap.br\/estudosreligiao\/wp-content\/uploads\/2017\/04\/mariologia-site-0.jpg?fit=735%2C353&amp;ssl=1\" class=\"alignnone size-full wp-image-873\" src=\"https:\/\/i0.wp.com\/www1.unicap.br\/estudosreligiao\/wp-content\/uploads\/2017\/04\/mariologia-site-0.jpg?resize=735%2C353&#038;ssl=1\" alt=\"\" width=\"735\" height=\"353\" srcset=\"https:\/\/i0.wp.com\/www1.unicap.br\/estudosreligiao\/wp-content\/uploads\/2017\/04\/mariologia-site-0.jpg?w=735&amp;ssl=1 735w, https:\/\/i0.wp.com\/www1.unicap.br\/estudosreligiao\/wp-content\/uploads\/2017\/04\/mariologia-site-0.jpg?resize=300%2C144&amp;ssl=1 300w\" sizes=\"(max-width: 735px) 100vw, 735px\" \/><\/h3>\n<h3>Apresenta\u00e7\u00e3o<\/h3>\n<p>\u201cH\u00e1 um estilo mariano na atividade evangelizadora da Igreja. [\u2026] Fixando-a, descobrimos que aquela que louvava a Deus porque \u00abderrubou os poderosos de seus tronos\u00bb e \u00abaos ricos despediu de m\u00e3os vazias\u00bb (Lc 1, 52.53) \u00e9 mesma que assegura o aconchego dum lar \u00e0 nossa busca de justi\u00e7a. E \u00e9 a mesma tamb\u00e9m que conserva cuidadosamente \u00abtodas estas coisas ponderando-as no seu cora\u00e7\u00e3o\u00bb (Lc 2, 19). Maria sabe reconhecer os vest\u00edgios do Esp\u00edrito de Deus tanto nos grandes acontecimentos como naqueles que parecem impercept\u00edveis. \u00c9 contemplativa do mist\u00e9rio de Deus no mundo, na hist\u00f3ria e na vida di\u00e1ria de cada um e de todos. \u00c9 a mulher orante e trabalhadora em Nazar\u00e9, mas \u00e9 tamb\u00e9m nossa Senhora da prontid\u00e3o, a que sai \u00ab\u00e0 pressa\u00bb (Lc 1, 39) da sua povoa\u00e7\u00e3o para ir ajudar os outros. Esta din\u00e2mica de justi\u00e7a e ternura, de contempla\u00e7\u00e3o e de caminho para os outros faz d\u2019Ela um modelo eclesial para a evangeliza\u00e7\u00e3o\u201d (<em>Evangelii Gaudium<\/em>, 288).<\/p>\n<p>A Universidade Cat\u00f3lica de Pernambuco \u2013 UNICAP, em sintonia com a Confer\u00eancia Nacional dos Bispos do Brasil \u2013 CNBB que, em comemora\u00e7\u00e3o aos 300 anos do encontro da Imagem de Nossa Senhora da Concei\u00e7\u00e3o Aparecida, instituiu o Ano Nacional Mariano, com a comemora\u00e7\u00e3o do centen\u00e1rio das apari\u00e7\u00f5es de Nossa Senhora de F\u00e1tima em Portugal e os oitenta anos de funda\u00e7\u00e3o do Santu\u00e1rio de F\u00e1tima, em Recife, sob a responsabilidade da Companhia de Jesus, tendo sido o primeiro Santu\u00e1rio Mariano no mundo dedicado a Nossa Senhora de F\u00e1tima, promove de 10 a 12 de maio de 2017 o\u00a0<strong>SIMP\u00d3SIO INTERNACIONAL DE MARIOLOGIA<\/strong>.<\/p>\n<p>O evento contar\u00e1 com a participa\u00e7\u00e3o de reconhecidos pesquisadores na \u00e1rea da mariologia, no \u00e2mbito nacional e internacional, tendo como tema\u00a0<strong>Maria no Mist\u00e9rio de Cristo e da Igreja.<\/strong><\/p>\n<p>O Simp\u00f3sio Internacional de Mariologia da UNICAP pretende ser um espa\u00e7o de debate acad\u00eamico, com o objetivo de alargar os horizontes e contribuir no labor teol\u00f3gico, do debate na \u00e1rea da mariologia nos estudos teol\u00f3gicos. Para alcan\u00e7ar essa meta, ser\u00e3o oferecidas confer\u00eancias, minicursos, sess\u00f5es de comunica\u00e7\u00f5es, al\u00e9m de apresenta\u00e7\u00f5es culturais, que podem ser encontras na programa\u00e7\u00e3o do evento.<\/p>\n<p>Saiba\u00a0mais sobre o Simp\u00f3sio:<\/p>\n<ul>\n<li>Regras para Comunica\u00e7\u00e3o no Simp\u00f3sio<\/li>\n<li><a href=\"https:\/\/www1.unicap.br\/estudosreligiao\/wp-content\/uploads\/2017\/04\/PROGRAMACAO-SIMPOSIO-INTERNACIONAL-DE-MARIOLOGIA.pdf\">Programa\u00e7\u00e3o<\/a><\/li>\n<li>Fa\u00e7a sua inscri\u00e7\u00e3o<\/li>\n<\/ul>\n","protected":false},"excerpt":{"rendered":"<p>Apresenta\u00e7\u00e3o \u201cH\u00e1 um estilo mariano na atividade evangelizadora da Igreja. [\u2026] Fixando-a, descobrimos que aquela que louvava a Deus porque \u00abderrubou os poderosos de seus tronos\u00bb e \u00abaos ricos despediu [&hellip;]<\/p>\n","protected":false},"author":3,"featured_media":873,"comment_status":"open","ping_status":"open","sticky":false,"template":"","format":"standard","meta":{"spay_email":"","footnotes":"","jetpack_publicize_message":"","jetpack_is_tweetstorm":false,"jetpack_publicize_feature_enabled":true},"categories":[6],"tags":[],"class_list":["post-872","post","type-post","status-publish","format-standard","has-post-thumbnail","hentry","category-evento"],"jetpack_featured_media_url":"https:\/\/i0.wp.com\/www1.unicap.br\/estudosreligiao\/wp-content\/uploads\/2017\/04\/mariologia-site-0.jpg?fit=735%2C353&ssl=1","jetpack_publicize_connections":[],"jetpack_shortlink":"https:\/\/wp.me\/p7qXzA-e4","jetpack-related-posts":[{"id":2018,"url":"https:\/\/www1.unicap.br\/estudosreligiao\/padre-kiko-celebra-25-anos-de-sua-primeira-missa\/","url_meta":{"origin":872,"position":0},"title":"Padre Kiko celebra 25 anos de sua primeira Missa","date":"6 de dezembro de 2018","format":false,"excerpt":"Parceiro do dia a dia nos trabalhos de web designer, militante de esquerda e nosso interlocutor de quest\u00f5es cruciais do Pa\u00eds. Esse \u00e9 o Pe. Kiko. Tem a alegria de celebrar suas bodas de prata no sacerd\u00f3cio e um pouco mais de tempo (36) de testemunho de vida religiosa inspirado\u2026","rel":"","context":"Em &quot;Celebra\u00e7\u00e3o&quot;","img":{"alt_text":"","src":"https:\/\/i0.wp.com\/www1.unicap.br\/estudosreligiao\/wp-content\/uploads\/2018\/12\/Kiko-e1544102038252.jpg?fit=960%2C484&ssl=1&resize=350%2C200","width":350,"height":200},"classes":[]},{"id":1163,"url":"https:\/\/www1.unicap.br\/estudosreligiao\/tambem-em-carta-franciscanos-clamam-justica-e-paz-na-construcao-de-um-pais-em-ruinas\/","url_meta":{"origin":872,"position":1},"title":"Tamb\u00e9m em Nota, franciscanos clamam justi\u00e7a e paz na constru\u00e7\u00e3o de um Pa\u00eds em ru\u00ednas","date":"8 de agosto de 2017","format":false,"excerpt":"Como fizeram os Jesu\u00edtas h\u00e1 poucos dias, seguindo as aspira\u00e7\u00f5es\u00a0de S\u00e3o Francisco, franciscanos reunidos na cidade de Aparecida, \"em\u00a0casa\" - uma refer\u00eancia as origens, quando recomendou S\u00e3o Francisco, que nos momentos mais dif\u00edceis de nossas vidas devemos voltar \u00e0 Casa da M\u00e3e. Assim fez a fam\u00edlia Franciscana, em apelo, como\u2026","rel":"","context":"Em &quot;Comunicado&quot;","img":{"alt_text":"","src":"https:\/\/i0.wp.com\/www1.unicap.br\/estudosreligiao\/wp-content\/uploads\/2017\/08\/Franciscanos-2-e1502204463654.jpg?fit=768%2C376&ssl=1&resize=350%2C200","width":350,"height":200},"classes":[]},{"id":2264,"url":"https:\/\/www1.unicap.br\/estudosreligiao\/aulao-de-teologia-eucaristica-xviii-congresso-eucaristico-e-o-25o-grito-dos-excluidos\/","url_meta":{"origin":872,"position":2},"title":"Aul\u00e3o de Teologia Eucar\u00edstica: XVIII Congresso Eucar\u00edstico e o 25\u00ba Grito dos Exclu\u00eddos","date":"16 de setembro de 2019","format":false,"excerpt":"\u201cO p\u00e3o da eucaristia representa o que voc\u00eas s\u00e3o: o corpo de Cristo, ou seja, a sua presen\u00e7a transformadora para o mundo. Ent\u00e3o, se voc\u00eas tiverem recebido bem o alimento que \u00e9 o pr\u00f3prio Cristo que se doa a n\u00f3s, voc\u00eas se tornar\u00e3o isso que voc\u00eas receberam. Voc\u00eas s\u00e3o o\u2026","rel":"","context":"Em &quot;Reflex\u00e3o&quot;","img":{"alt_text":"","src":"https:\/\/i0.wp.com\/www1.unicap.br\/estudosreligiao\/wp-content\/uploads\/2019\/09\/AUL\u00c3O-DE-TEOLOGIA-EUCAR\u00cdSTICA-800Px-e1569265267616.jpg?fit=800%2C400&ssl=1&resize=350%2C200","width":350,"height":200},"classes":[]},{"id":1548,"url":"https:\/\/www1.unicap.br\/estudosreligiao\/marcelo-barros-mulher-divina-generosidade-da-vida\/","url_meta":{"origin":872,"position":3},"title":"Marcelo Barros: Mulher, divina generosidade da vida","date":"7 de mar\u00e7o de 2018","format":false,"excerpt":"Nessa semana, ao comemorar o dia internacional das mulheres, homens e mulheres de todo o mundo estaremos lutando contra o patriarcalismo que, unido ao sistema econ\u00f4mico dominante, desumaniza mulheres e homens, al\u00e9m de maltratar a m\u00e3e Terra. Temos motivos culturais, sociais e pol\u00edticos para levar essa luta adiante, at\u00e9 conseguirmos\u2026","rel":"","context":"Em &quot;Reflex\u00e3o&quot;","img":{"alt_text":"","src":"https:\/\/i0.wp.com\/www1.unicap.br\/estudosreligiao\/wp-content\/uploads\/2018\/03\/Mulher-unicap-e1520442930750.jpg?fit=1200%2C600&ssl=1&resize=350%2C200","width":350,"height":200},"classes":[]},{"id":2586,"url":"https:\/\/www1.unicap.br\/estudosreligiao\/padre-tiago-irmao-de-todas-as-horas-fez-sua-pascoa\/","url_meta":{"origin":872,"position":4},"title":"Padre Tiago, irm\u00e3o de todas as horas, fez sua P\u00e1scoa!","date":"6 de abril de 2022","format":false,"excerpt":"TIAGO DA CPT VIVE! \ud83c\udf35 Padre Tiago! Presente! Presente! Presente! Foi o refr\u00e3o que ecoou no cemit\u00e9rio, com a presen\u00e7a de mais de cem pessoas. Entre os presentes havia camponeses\/as dos assentamentos, representantes das pastorais sociais e movimentos sociais. Al\u00e9m de padres amigos irlandeses (Mateus e Ant\u00f4nio). A CPT (Comiss\u00e3o\u2026","rel":"","context":"Em &quot;Mem\u00f3ria&quot;","img":{"alt_text":"","src":"https:\/\/i0.wp.com\/www1.unicap.br\/estudosreligiao\/wp-content\/uploads\/2022\/04\/Pe-Tiago-8-e1649268071791.jpg?fit=1200%2C600&ssl=1&resize=350%2C200","width":350,"height":200},"classes":[]},{"id":1331,"url":"https:\/\/www1.unicap.br\/estudosreligiao\/universidade-jesuita-e-democratizacao-da-sociedade-conferencia-do-pe-arturo-sosa\/","url_meta":{"origin":872,"position":5},"title":"Universidade jesu\u00edta e democratiza\u00e7\u00e3o da sociedade &#8211; Confer\u00eancia do Pe. Arturo Sosa","date":"24 de outubro de 2017","format":false,"excerpt":"Reda\u00e7\u00e3o\u00a0|\u00a024 de outubro de 2017\u00a0|\u00a0\u00daltimas\u00a0|\u00a0Nenhum coment\u00e1rio Confira abaixo o texto da confer\u00eancia do Superior Geral dos Jesu\u00edtas, Padre Arturo Sosa, realizada na manh\u00e3 desta ter\u00e7a-feira (24\/10), na Universidade Cat\u00f3lica de Pernambuco, na abertura das comemora\u00e7\u00f5es dos 75 anos da Unicap e da 15\u00aa Semana de Integra\u00e7\u00e3o Universidade Sociedade. \u00a0 Universidade\u2026","rel":"","context":"Em &quot;Eventos&quot;","img":{"alt_text":"","src":"https:\/\/i0.wp.com\/www1.unicap.br\/estudosreligiao\/wp-content\/uploads\/2017\/10\/IMG_7420-1024x768-e1508873577532.jpg?fit=1024%2C512&ssl=1&resize=350%2C200","width":350,"height":200},"classes":[]}],"_links":{"self":[{"href":"https:\/\/www1.unicap.br\/estudosreligiao\/wp-json\/wp\/v2\/posts\/872"}],"collection":[{"href":"https:\/\/www1.unicap.br\/estudosreligiao\/wp-json\/wp\/v2\/posts"}],"about":[{"href":"https:\/\/www1.unicap.br\/estudosreligiao\/wp-json\/wp\/v2\/types\/post"}],"author":[{"embeddable":true,"href":"https:\/\/www1.unicap.br\/estudosreligiao\/wp-json\/wp\/v2\/users\/3"}],"replies":[{"embeddable":true,"href":"https:\/\/www1.unicap.br\/estudosreligiao\/wp-json\/wp\/v2\/comments?post=872"}],"version-history":[{"count":3,"href":"https:\/\/www1.unicap.br\/estudosreligiao\/wp-json\/wp\/v2\/posts\/872\/revisions"}],"predecessor-version":[{"id":1674,"href":"https:\/\/www1.unicap.br\/estudosreligiao\/wp-json\/wp\/v2\/posts\/872\/revisions\/1674"}],"wp:featuredmedia":[{"embeddable":true,"href":"https:\/\/www1.unicap.br\/estudosreligiao\/wp-json\/wp\/v2\/media\/873"}],"wp:attachment":[{"href":"https:\/\/www1.unicap.br\/estudosreligiao\/wp-json\/wp\/v2\/media?parent=872"}],"wp:term":[{"taxonomy":"category","embeddable":true,"href":"https:\/\/www1.unicap.br\/estudosreligiao\/wp-json\/wp\/v2\/categories?post=872"},{"taxonomy":"post_tag","embeddable":true,"href":"https:\/\/www1.unicap.br\/estudosreligiao\/wp-json\/wp\/v2\/tags?post=872"}],"curies":[{"name":"wp","href":"https:\/\/api.w.org\/{rel}","templated":true}]}}