{"id":572,"date":"2016-08-22T19:14:32","date_gmt":"2016-08-22T19:14:32","guid":{"rendered":"https:\/\/www1.unicap.br\/estudosreligiao\/?p=572"},"modified":"2016-08-22T19:27:49","modified_gmt":"2016-08-22T19:27:49","slug":"cursos-de-atualizacao-teologica-pastoral","status":"publish","type":"post","link":"https:\/\/www1.unicap.br\/estudosreligiao\/cursos-de-atualizacao-teologica-pastoral\/","title":{"rendered":"Cursos de atualiza\u00e7\u00e3o teol\u00f3gica pastoral"},"content":{"rendered":"<p><strong>PROGRAMA DE FORMA\u00c7\u00c3O E ATUALIZA\u00c7\u00c3O TEOL\u00d3GICA PASTORAL &#8211; MARIOLOGIA<u><br \/>\n<\/u><\/strong><\/p>\n<p>OBJETIVOS<\/p>\n<p><strong>Geral<\/strong><\/p>\n<ul>\n<li>Propiciar ao aluno uma oportunidade de aprofundar sua f\u00e9 por meio de uma atualiza\u00e7\u00e3oteol\u00f3gica na inter-rela\u00e7\u00e3o com a sociedade.<\/li>\n<\/ul>\n<p><strong>Espec\u00edficos<\/strong><\/p>\n<ul>\n<li>Elaborar uma reflex\u00e3o atualizada sobre a compreens\u00e3o da pessoa de Maria no minist\u00e9rio de Cristo e da Igreja a partir da <em>Lumen Genutio<\/em> (Vaticano II);<\/li>\n<li>Refletir sobre a Mariologia para uma fundamenta\u00e7\u00e3o teol\u00f3gica Eclesial atualizadora nos documentos da Igreja (o Vaticano II e documento de Aparecida e Maria no culto da Igreja em Paulo VI).<\/li>\n<\/ul>\n<p><strong>Professor<\/strong><\/p>\n<ul>\n<li>Prof. Dr. Ant\u00f4nio Raimundo Sousa Mota, S.J. (Coordenador e Professor)<\/li>\n<\/ul>\n<p><strong>Carga hor\u00e1ria <\/strong><\/p>\n<ul>\n<li>32 horas<\/li>\n<\/ul>\n<p><strong>Per\u00edodo de realiza\u00e7\u00e3o<\/strong><\/p>\n<ul>\n<li>De 19\/09 a 19\/12\/16, no hor\u00e1rio das 19h30m \u00e0s 21h30m, \u00e0s segundas-feiras<\/li>\n<\/ul>\n<p><strong>Obs<\/strong>: para complementar a carga-hor\u00e1ria haver\u00e1 aula no dia 20\/12\/16 das 18h \u00e0s 22h &#8211; encerramento)<\/p>\n<p><strong>Local<\/strong><\/p>\n<ul>\n<li>Par\u00f3quia das Gra\u00e7as &#8211; sal\u00e3o paroquial<\/li>\n<\/ul>\n<p><strong>Valor<\/strong><\/p>\n<ul>\n<li>R$ 75,00 (parcela \u00fanica)<\/li>\n<\/ul>\n<p><strong>Inscri\u00e7\u00f5es<\/strong><\/p>\n<ul>\n<li>At\u00e9 16\/09\/2016 ou enquanto houver vagas<\/li>\n<\/ul>\n<p>&nbsp;<\/p>\n<p><strong>PROGRAMA DE FORMA\u00c7\u00c3O E ATUALIZA\u00c7\u00c3O TEOL\u00d3GICA PASTORAL &#8211; EVANGELHO DE MARCOS<\/strong><u><strong><br \/>\n<\/strong><\/u><\/p>\n<p>OBJETIVOS<\/p>\n<p><strong>Geral<\/strong><\/p>\n<ul>\n<li>Propiciar ao aluno uma oportunidade de aprofundar sua f\u00e9 por meio de uma atualiza\u00e7\u00e3oteol\u00f3gica a partir dos Evangelhos.<\/li>\n<\/ul>\n<p><strong>Espec\u00edficos<\/strong><\/p>\n<ul>\n<li>Conhecer a origem do Evangelho segundo Marcos;<\/li>\n<li>Aprofundar sobre os conte\u00fados por meio de textos seletos de Marcos;<\/li>\n<li>Refletir sobre a mensagem do Evangelho de Marcos para a contemporaneidade.<\/li>\n<\/ul>\n<p><strong>Professores<\/strong><\/p>\n<ul>\n<li>Prof. Dr. Ant\u00f4nio Raimundo Sousa Mota, S.J. (Coordenador)<\/li>\n<li>Prof. Dr. Jo\u00e3o Luiz Correia J\u00fanior<\/li>\n<\/ul>\n<p><strong>Carga hor\u00e1ria <\/strong><\/p>\n<ul>\n<li>12 horas<\/li>\n<\/ul>\n<p><strong>Per\u00edodo de realiza\u00e7\u00e3o<\/strong><\/p>\n<ul>\n<li>08, 14, 21 e 28\/09\/2016, no hor\u00e1rio das 18h \u00e0s 21h<\/li>\n<\/ul>\n<p><strong>Local<\/strong><\/p>\n<ul>\n<li>Santu\u00e1rio de F\u00e1tima<\/li>\n<\/ul>\n<p><strong>Valor<\/strong><\/p>\n<ul>\n<li>R$ 50,00 (parcela \u00fanica)<\/li>\n<\/ul>\n<p><strong>Inscri\u00e7\u00f5es<\/strong><\/p>\n<ul>\n<li>at\u00e9 05\/09\/2016 ou enquanto houver vagas<\/li>\n<\/ul>\n<p>&nbsp;<\/p>\n<p><strong>PROGRAMA DE FORMA\u00c7\u00c3O E ATUALIZA\u00c7\u00c3O TEOL\u00d3GICA PASTORAL &#8211; EVANGELHO DE LUCAS<\/strong><u><strong><br \/>\n<\/strong><\/u><\/p>\n<p>OBJETIVOS<\/p>\n<p><strong>Geral<\/strong><\/p>\n<ul>\n<li>Propiciar ao aluno uma oportunidade de aprofundar sua f\u00e9 por meio de uma atualiza\u00e7\u00e3oteol\u00f3gica a partir dos Evangelhos.<\/li>\n<\/ul>\n<p><strong>Espec\u00edficos<\/strong><\/p>\n<ul>\n<li>Conhecer a origem do Evangelho segundo Lucas;<\/li>\n<li>Aprofundar sobre os conte\u00fados por meio de textos seletos de Lucas;<\/li>\n<li>Refletir sobre a mensagem do Evangelho de Lucas para a contemporaneidade.<\/li>\n<\/ul>\n<p><strong>Professores<\/strong><\/p>\n<ul>\n<li>Prof. Dr. Ant\u00f4nio Raimundo Sousa Mota, S.J. (Coordenador)<\/li>\n<li>Prof. Dr. Jo\u00e3o Luiz Correia J\u00fanior<\/li>\n<\/ul>\n<p><strong>Carga hor\u00e1ria<\/strong><\/p>\n<ul>\n<li>12 horas<\/li>\n<\/ul>\n<p><strong>Per\u00edodo de realiza\u00e7\u00e3o<\/strong><\/p>\n<p>05, 13, 19 e 26\/10\/16, no hor\u00e1rio das 18h \u00e0s 21h<\/p>\n<p><strong>Local<\/strong><\/p>\n<ul>\n<li>Santu\u00e1rio de F\u00e1tima<\/li>\n<\/ul>\n<p><strong>Valor<\/strong><\/p>\n<ul>\n<li>R$ 50,00 (parcela \u00fanica)<\/li>\n<\/ul>\n<p><strong>Inscri\u00e7\u00f5es<\/strong><\/p>\n<ul>\n<li>at\u00e9 302\/09\/2016 ou enquanto houver vagas<\/li>\n<\/ul>\n<p>&nbsp;<\/p>\n<p><strong>PROGRAMA DE FORMA\u00c7\u00c3O E ATUALIZA\u00c7\u00c3O TEOL\u00d3GICA PASTORAL &#8211; EVANGELHO DE JO\u00c3O<\/strong><u><strong><br \/>\n<\/strong><\/u><\/p>\n<p>OBJETIVOS<\/p>\n<p><strong>Geral<\/strong><\/p>\n<ul>\n<li>Propiciar ao aluno uma oportunidade de aprofundar sua f\u00e9 por meio de uma atualiza\u00e7\u00e3oteol\u00f3gica a partir dos Evangelhos.<\/li>\n<\/ul>\n<p><strong>Espec\u00edficos<\/strong><\/p>\n<ul>\n<li>Conhecer a origem do Evangelho segundo Jo\u00e3o;<\/li>\n<li>Aprofundar sobre os conte\u00fados por meio de textos seletos de Jo\u00e3o;<\/li>\n<li>Refletir sobre a mensagem do Evangelho de Jo\u00e3o para a contemporaneidade.<\/li>\n<\/ul>\n<p><strong>Professores<\/strong><\/p>\n<ul>\n<li>Prof. Dr. Ant\u00f4nio Raimundo Sousa Mota, S.J. (Coordenador)<\/li>\n<li>Prof. Dr. Jo\u00e3o Luiz Correia J\u00fanior<\/li>\n<\/ul>\n<p><strong>Carga hor\u00e1ria<\/strong><\/p>\n<ul>\n<li>12 horas<\/li>\n<\/ul>\n<p><strong>Per\u00edodo de realiza\u00e7\u00e3o \u00a0<\/strong><\/p>\n<ul>\n<li>09, 16, 23 e 30\/11\/2016, no hor\u00e1rio das 18h \u00e0s 21h<\/li>\n<\/ul>\n<p><strong>Local <\/strong><\/p>\n<ul>\n<li>Santu\u00e1rio de F\u00e1tima<\/li>\n<\/ul>\n<p><strong>Valor <\/strong><\/p>\n<ul>\n<li>R$ 50,00 (parcela \u00fanica)<\/li>\n<\/ul>\n<p><strong>Inscri\u00e7\u00f5es<\/strong><\/p>\n<ul>\n<li>At\u00e9 04\/11\/2016 ou enquanto houver vagas<\/li>\n<\/ul>\n","protected":false},"excerpt":{"rendered":"<p>PROGRAMA DE FORMA\u00c7\u00c3O E ATUALIZA\u00c7\u00c3O TEOL\u00d3GICA PASTORAL &#8211; MARIOLOGIA OBJETIVOS Geral Propiciar ao aluno uma oportunidade de aprofundar sua f\u00e9 por meio de uma atualiza\u00e7\u00e3oteol\u00f3gica na inter-rela\u00e7\u00e3o com a sociedade. [&hellip;]<\/p>\n","protected":false},"author":3,"featured_media":366,"comment_status":"open","ping_status":"open","sticky":false,"template":"","format":"standard","meta":{"spay_email":"","footnotes":"","jetpack_publicize_message":"","jetpack_is_tweetstorm":false,"jetpack_publicize_feature_enabled":true},"categories":[7],"tags":[],"class_list":["post-572","post","type-post","status-publish","format-standard","has-post-thumbnail","hentry","category-extensao"],"jetpack_featured_media_url":"https:\/\/i0.wp.com\/www1.unicap.br\/estudosreligiao\/wp-content\/uploads\/2016\/05\/ID-100207082-e1513863650546.jpg?fit=400%2C200&ssl=1","jetpack_publicize_connections":[],"jetpack_shortlink":"https:\/\/wp.me\/p7qXzA-9e","jetpack-related-posts":[{"id":682,"url":"https:\/\/www1.unicap.br\/estudosreligiao\/curso-sobre-o-evangelho-de-lucas\/","url_meta":{"origin":572,"position":0},"title":"Curso sobre o Evangelho de Lucas","date":"4 de outubro de 2016","format":false,"excerpt":"Come\u00e7a nesta quarta-feira, 05 de outubro, o Curso de atualiza\u00e7\u00e3o teol\u00f3gica Pastoral - Evangelho de Lucas. Ter\u00e1 como objetivos propiciar ao aluno uma oportunidade de aprofundar sua f\u00e9 por meio de uma atualiza\u00e7\u00e3o teol\u00f3gica a partir dos Evangelhos; deste modo, o interessado poder\u00e1 conhecer a origem do Evangelho segundo Lucas;\u2026","rel":"","context":"Em &quot;Extens\u00e3o&quot;","img":{"alt_text":"","src":"https:\/\/i0.wp.com\/www1.unicap.br\/estudosreligiao\/wp-content\/uploads\/2016\/10\/lucas-e1475583361990.png?fit=800%2C368&ssl=1&resize=350%2C200","width":350,"height":200},"classes":[]},{"id":1856,"url":"https:\/\/www1.unicap.br\/estudosreligiao\/revista-fronteiras-com-chamada-sobre-medellin-ate-30-09\/","url_meta":{"origin":572,"position":1},"title":"Revista Fronteiras com chamada aberta sobre Medellin at\u00e9 30\/09","date":"15 de setembro de 2018","format":false,"excerpt":"A Fronteiras - Revista de Teologia da Unicap tem como finalidade divulgar a reflex\u00e3o no campo da Teologia, com qualidade cient\u00edfica reconhecida, estando aberta ao di\u00e1logo ecum\u00eanico e inter-religioso, bem como a outros campos do saber cient\u00edfico. Nossa miss\u00e3o \u00e9 ser um espa\u00e7o de reflex\u00e3o teol\u00f3gica atual a partir de\u2026","rel":"","context":"Em &quot;Publica\u00e7\u00f5es&quot;","img":{"alt_text":"","src":"https:\/\/i0.wp.com\/www1.unicap.br\/estudosreligiao\/wp-content\/uploads\/2018\/09\/d1637baf-f03c-42f2-8096-2d00bec27e03-e1537988583943.jpg?fit=729%2C366&ssl=1&resize=350%2C200","width":350,"height":200},"classes":[]},{"id":109,"url":"https:\/\/www1.unicap.br\/estudosreligiao\/teologia-espiritual\/","url_meta":{"origin":572,"position":2},"title":"Teologia Espiritual","date":"1 de abril de 2016","format":false,"excerpt":"\u00a0 O Curso de Teologia Espiritual tem como objetivo geral propiciar ao aluno uma oportunidade de aprofundar sua f\u00e9 por meio de uma atualiza\u00e7\u00e3o teol\u00f3gica na inter-rela\u00e7\u00e3o com a sociedade. Especificamente, conhecer as ra\u00edzes antropol\u00f3gicas da espiritualidade com base nos ensinamentos de Jesus;\u00a0investigar a posi\u00e7\u00e3o da Igreja em confronto com\u2026","rel":"","context":"Em &quot;Extens\u00e3o&quot;","img":{"alt_text":"","src":"","width":0,"height":0},"classes":[]},{"id":1758,"url":"https:\/\/www1.unicap.br\/estudosreligiao\/xxiii-semana-de-teologia-da-catolica-aborda-o-tema-identidade-e-missao-dos-cristaos-hoje\/","url_meta":{"origin":572,"position":3},"title":"XXIII Semana de Teologia da Cat\u00f3lica aborda o tema Identidade e Miss\u00e3o dos Crist\u00e3os Hoje","date":"11 de maio de 2018","format":false,"excerpt":"A Universidade Cat\u00f3lica de Pernambuco realiza, por meio dos cursos de Gradua\u00e7\u00e3o e Mestrado em Teologia, com apoio da Arquidiocese de Olinda e Recife, a sua XXIII Semana de Teologia. O evento, que tem como tema \u201cIdentidade e Miss\u00e3o dos Crist\u00e3os hoje: perspectivas e desafios\u201d, est\u00e1 acontecendo desde o dia\u2026","rel":"","context":"Em &quot;Eventos&quot;","img":{"alt_text":"","src":"https:\/\/i0.wp.com\/www1.unicap.br\/estudosreligiao\/wp-content\/uploads\/2018\/05\/Semana-de-Teologia-e1526050333797.jpg?fit=768%2C391&ssl=1&resize=350%2C200","width":350,"height":200},"classes":[]},{"id":1399,"url":"https:\/\/www1.unicap.br\/estudosreligiao\/semeando-a-esperanca-de-uma-igreja-pobre-servidora-e-libertadora\/","url_meta":{"origin":572,"position":4},"title":"Semeando a Esperan\u00e7a de uma Igreja Pobre, Servidora e Libertadora","date":"29 de novembro de 2017","format":false,"excerpt":"Uma compila\u00e7\u00e3o de 50 palestras das 13 Jornadas Teol\u00f3gicas de Dom Helder Camara resultou no livro\u00a0Semeando a Esperan\u00e7a de uma Igreja Pobre, Servidora e e Libertadora.\u00a0A obra vai ser lan\u00e7ada no pr\u00f3ximo dia 30 de novembro, \u00e0s 18h30, no audit\u00f3rio que leva o nome do Dom da Paz, no t\u00e9rreo\u2026","rel":"","context":"Em &quot;Publica\u00e7\u00f5es&quot;","img":{"alt_text":"","src":"https:\/\/i0.wp.com\/www1.unicap.br\/estudosreligiao\/wp-content\/uploads\/2017\/11\/DomHelderCamara__Wikimedia_Materialscientist-e1511289724352.jpg?fit=634%2C317&ssl=1&resize=350%2C200","width":350,"height":200},"classes":[]},{"id":1019,"url":"https:\/\/www1.unicap.br\/estudosreligiao\/unicap-sedia-a-partir-de-hoje-simposio-de-mariologia\/","url_meta":{"origin":572,"position":5},"title":"Unicap sedia a partir de hoje Simp\u00f3sio de Mariologia","date":"10 de maio de 2017","format":false,"excerpt":"No intuito de\u00a0ser um espa\u00e7o de debate acad\u00eamico, a Unicap sedia a partir de hoje, com o objetivo de alargar os horizontes e contribuir no labor teol\u00f3gico, do debate na \u00e1rea da mariologia nos estudos teol\u00f3gicos, o Simp\u00f3sio Internacional de Mariologia, com o tema Maria no Mist\u00e9rio de Cristo e\u2026","rel":"","context":"Em &quot;Eventos&quot;","img":{"alt_text":"","src":"https:\/\/i0.wp.com\/www1.unicap.br\/estudosreligiao\/wp-content\/uploads\/2017\/04\/mariologia-site-0.jpg?fit=735%2C353&ssl=1&resize=350%2C200","width":350,"height":200},"classes":[]}],"_links":{"self":[{"href":"https:\/\/www1.unicap.br\/estudosreligiao\/wp-json\/wp\/v2\/posts\/572"}],"collection":[{"href":"https:\/\/www1.unicap.br\/estudosreligiao\/wp-json\/wp\/v2\/posts"}],"about":[{"href":"https:\/\/www1.unicap.br\/estudosreligiao\/wp-json\/wp\/v2\/types\/post"}],"author":[{"embeddable":true,"href":"https:\/\/www1.unicap.br\/estudosreligiao\/wp-json\/wp\/v2\/users\/3"}],"replies":[{"embeddable":true,"href":"https:\/\/www1.unicap.br\/estudosreligiao\/wp-json\/wp\/v2\/comments?post=572"}],"version-history":[{"count":1,"href":"https:\/\/www1.unicap.br\/estudosreligiao\/wp-json\/wp\/v2\/posts\/572\/revisions"}],"predecessor-version":[{"id":573,"href":"https:\/\/www1.unicap.br\/estudosreligiao\/wp-json\/wp\/v2\/posts\/572\/revisions\/573"}],"wp:featuredmedia":[{"embeddable":true,"href":"https:\/\/www1.unicap.br\/estudosreligiao\/wp-json\/wp\/v2\/media\/366"}],"wp:attachment":[{"href":"https:\/\/www1.unicap.br\/estudosreligiao\/wp-json\/wp\/v2\/media?parent=572"}],"wp:term":[{"taxonomy":"category","embeddable":true,"href":"https:\/\/www1.unicap.br\/estudosreligiao\/wp-json\/wp\/v2\/categories?post=572"},{"taxonomy":"post_tag","embeddable":true,"href":"https:\/\/www1.unicap.br\/estudosreligiao\/wp-json\/wp\/v2\/tags?post=572"}],"curies":[{"name":"wp","href":"https:\/\/api.w.org\/{rel}","templated":true}]}}