{"id":496,"date":"2016-07-15T19:16:18","date_gmt":"2016-07-15T19:16:18","guid":{"rendered":"https:\/\/www1.unicap.br\/estudosreligiao\/?p=496"},"modified":"2016-07-15T19:34:31","modified_gmt":"2016-07-15T19:34:31","slug":"julieta-cinema-com-amor-e-competencia","status":"publish","type":"post","link":"https:\/\/www1.unicap.br\/estudosreligiao\/julieta-cinema-com-amor-e-competencia\/","title":{"rendered":"Julieta, cinema com amor e compet\u00eancia"},"content":{"rendered":"<div>\n<p><span class=\"embed-youtube\" style=\"text-align:center; display: block;\"><iframe loading=\"lazy\" class=\"youtube-player\" width=\"1170\" height=\"659\" src=\"https:\/\/www.youtube.com\/embed\/s0EU7b3S31I?version=3&#038;rel=1&#038;showsearch=0&#038;showinfo=1&#038;iv_load_policy=1&#038;fs=1&#038;hl=pt-BR&#038;autohide=2&#038;wmode=transparent\" allowfullscreen=\"true\" style=\"border:0;\" sandbox=\"allow-scripts allow-same-origin allow-popups allow-presentation\"><\/iframe><\/span><\/p>\n<\/div>\n<div>Se algu\u00e9m for m\u00e3e ou pai e viver alguma situa\u00e7\u00e3o menos pacificada na rela\u00e7\u00e3o com seu filho ou filha, se prepare bem antes de ir ver o novo filme do Pedro Almod\u00f3var: Julieta. Quem\u00a0acompanha a filmografia desse cineasta, certamente vai continuar achando que suas obras primas s\u00e3o &#8220;Tudo sobre minha m\u00e3e&#8221;, &#8220;Fale com ela&#8221; e &#8220;Volver&#8221;. Mesmo os grandes mestres n\u00e3o t\u00eam obriga\u00e7\u00e3o de cada vez que fazem um filme realizar uma obra-prima&#8230; No entanto, sem d\u00favida, <i>Julieta<\/i>\u00a0\u00e9 uma li\u00e7\u00e3o de Cinema feito com amor e com imensa compet\u00eancia. Tanto esteticamente quanto na sua forma de narrar a hist\u00f3ria&#8230;<\/div>\n<div><\/div>\n<div>Como em todos os filmes de Almod\u00f3var, o filme se centra em uma alma feminina. A Julieta do t\u00edtulo, vivida de forma total por duas grandes atrizes, a jovem Emma Suarez e principalmente Adriana Ugarte, \u00e9 uma mulher misteriosa que s\u00f3 pouco a pouco vai revelando sua verdade interior e seu sofrimento em uma carta \u00e0 filha que sumiu de sua vida e optou por desaparecer.<\/div>\n<div><\/div>\n<div>A exuber\u00e2ncia de cores da Julieta jovem e a sobriedade que come\u00e7a a marcar a Julieta de meia idade revela o despojamento e a realidade de dor afetiva de uma m\u00e3e que v\u00ea sua filha partir sem lhe dizer nada&#8230; O romance de Alice Munro que serve de base para o filme n\u00e3o \u00e9 o bastante para a imensa sensibilidade do diretor que mexe conosco e nos interpela a respeito dos sentimentos mais profundos do amor que habita em n\u00f3s, para n\u00e3o dizer o amor que n\u00f3s nutrimos (\u00e9 o amor que nos nutre).<\/div>\n<div><\/div>\n<div>Pessoalmente, sofro ao ver que &#8220;a espiritualidade&#8221; muitas vezes serve de pretexto para problemas que s\u00e3o psicol\u00f3gicos e interiores e que nada t\u00eam em si a ver com a\u00a0busca da intimidade com o Divino em n\u00f3s, nos outros e na natureza&#8230; E \u00e9 claro quem \u00e9 v\u00edtima desse tipo de ruptura tenderia a culpar a espiritualidade por lhe roubar as pessoas \u00e0s quais mais se ama&#8230;.<\/div>\n<div><\/div>\n<div>O filme me lembrou um poema de Ernesto Cardenal que eu traduzi mais ou menos assim:<\/div>\n<div style=\"padding-left: 60px; text-align: left;\">&#8220;Quando tu me perdeste, eu e tu perdemos.<\/div>\n<div style=\"padding-left: 60px; text-align: left;\">Eu perdi a ti, a pessoa que eu mais amava,<\/div>\n<div style=\"padding-left: 60px; text-align: left;\">e tu perdeste a mim que era quem te amava mais.<\/div>\n<div style=\"padding-left: 60px; text-align: left;\">No entanto, de n\u00f3s dois, tu perdeste mais do que eu,<\/div>\n<div style=\"padding-left: 60px; text-align: left;\">porque eu sempre poderei amar com o amor com que te amei<\/div>\n<div style=\"padding-left: 60px; text-align: left;\">e tu nunca encontrar\u00e1s algu\u00e9m que te ame tanto quanto eu&#8221;.<\/div>\n<div style=\"text-align: left;\"><\/div>\n<div style=\"text-align: right;\"><\/div>\n<div style=\"text-align: right;\"><strong>Marcelo Barros<\/strong><\/div>\n<div style=\"text-align: justify;\">Texto publicado oficialmente no seu Blog, <a href=\"http:\/\/www.marcelobarros.com\/\" target=\"_blank\">Encontro com Marcelo Barros.<\/a>\u00a0Marcelo \u00e9 monge beneditino, biblista de forma\u00e7\u00e3o e coordenador latino-americano da Associa\u00e7\u00e3o Ecum\u00eanica de Te\u00f3logos\/as do Terceiro Mundo (ASETT). \u00c9 assessor nacional das comunidades eclesiais de base e de movimentos populares.<\/div>\n","protected":false},"excerpt":{"rendered":"<p>Se algu\u00e9m for m\u00e3e ou pai e viver alguma situa\u00e7\u00e3o menos pacificada na rela\u00e7\u00e3o com seu filho ou filha, se prepare bem antes de ir ver o novo filme do [&hellip;]<\/p>\n","protected":false},"author":3,"featured_media":497,"comment_status":"open","ping_status":"open","sticky":false,"template":"","format":"standard","meta":{"spay_email":"","footnotes":"","jetpack_publicize_message":"","jetpack_is_tweetstorm":false,"jetpack_publicize_feature_enabled":true},"categories":[60],"tags":[],"class_list":["post-496","post","type-post","status-publish","format-standard","has-post-thumbnail","hentry","category-cinema"],"jetpack_featured_media_url":"https:\/\/i0.wp.com\/www1.unicap.br\/estudosreligiao\/wp-content\/uploads\/2016\/07\/Julieta2_Almodovar-e1468610884799.jpg?fit=1568%2C631&ssl=1","jetpack_publicize_connections":[],"jetpack_shortlink":"https:\/\/wp.me\/p7qXzA-80","jetpack-related-posts":[{"id":2094,"url":"https:\/\/www1.unicap.br\/estudosreligiao\/homem-da-meia-noite-subiu-o-morro-da-conceicao\/","url_meta":{"origin":496,"position":0},"title":"Homem da Meia Noite subiu o Morro da Concei\u00e7\u00e3o","date":"18 de fevereiro de 2019","format":false,"excerpt":"Homem da Meia Noite sobe o Morro da Concei\u00e7\u00e3o A prop\u00f3sito da reportagem exibida pelo NE10, no dia 02 de fevereiro (veja no link acima), pouca gente se deu conta da novidade carnavalesco-espiritual deste ano, com a visita sincr\u00e9tica do Homem da Meia Noite (boneco\/calunga [figura m\u00edstica do maracatu\/xang\u00f4] do\u2026","rel":"","context":"Em &quot;Reflex\u00e3o&quot;","img":{"alt_text":"","src":"https:\/\/i0.wp.com\/www1.unicap.br\/estudosreligiao\/wp-content\/uploads\/2019\/02\/4840c55fd72942ec854cae7e24c55292.jpg?fit=748%2C410&ssl=1&resize=350%2C200","width":350,"height":200},"classes":[]},{"id":753,"url":"https:\/\/www1.unicap.br\/estudosreligiao\/marcelo-barros-o-avesso-do-claustro-direito-do-amor\/","url_meta":{"origin":496,"position":1},"title":"Marcelo Barros: O avesso do claustro, direito do amor","date":"1 de fevereiro de 2017","format":false,"excerpt":"Quem quer que, por acaso ou por op\u00e7\u00e3o, assiste uma pe\u00e7a do grupo teatral Companhia do Tijolo sai dessa experi\u00eancia confirmado em sua dignidade humana e impulsionado a viver o caminho do amor solid\u00e1rio \u00e0 humanidade e a todos os seres vivos. Nos seus quase dez anos de vida, esse\u2026","rel":"","context":"Em &quot;Novidade&quot;","img":{"alt_text":"","src":"https:\/\/i0.wp.com\/www1.unicap.br\/estudosreligiao\/wp-content\/uploads\/2017\/02\/Teatro_Cia_do_Tijolo_destacada.jpg?fit=1042%2C454&ssl=1&resize=350%2C200","width":350,"height":200},"classes":[]},{"id":1548,"url":"https:\/\/www1.unicap.br\/estudosreligiao\/marcelo-barros-mulher-divina-generosidade-da-vida\/","url_meta":{"origin":496,"position":2},"title":"Marcelo Barros: Mulher, divina generosidade da vida","date":"7 de mar\u00e7o de 2018","format":false,"excerpt":"Nessa semana, ao comemorar o dia internacional das mulheres, homens e mulheres de todo o mundo estaremos lutando contra o patriarcalismo que, unido ao sistema econ\u00f4mico dominante, desumaniza mulheres e homens, al\u00e9m de maltratar a m\u00e3e Terra. Temos motivos culturais, sociais e pol\u00edticos para levar essa luta adiante, at\u00e9 conseguirmos\u2026","rel":"","context":"Em &quot;Reflex\u00e3o&quot;","img":{"alt_text":"","src":"https:\/\/i0.wp.com\/www1.unicap.br\/estudosreligiao\/wp-content\/uploads\/2018\/03\/Mulher-unicap-e1520442930750.jpg?fit=1200%2C600&ssl=1&resize=350%2C200","width":350,"height":200},"classes":[]},{"id":892,"url":"https:\/\/www1.unicap.br\/estudosreligiao\/catolica-exibe-documentario-sobre-o-procurador-pedro-jorge\/","url_meta":{"origin":496,"position":3},"title":"Cat\u00f3lica exibe document\u00e1rio sobre o Procurador Pedro Jorge","date":"20 de abril de 2017","format":false,"excerpt":"O assassinato do procurador da Rep\u00fablica Pedro Jorge de Melo e Silva, que investigou e denunciou os envolvidos no chamado \u201cEsc\u00e2ndalo da Mandioca\u201d, completou 35 anos em mar\u00e7o deste ano. Para preservar a mem\u00f3ria desse fato, a Procuradoria da Rep\u00fablica da 5\u00aa Regi\u00e3o, em parceria com a Universidade Cat\u00f3lica de\u2026","rel":"","context":"Em &quot;Promo\u00e7\u00e3o da Justi\u00e7a&quot;","img":{"alt_text":"","src":"https:\/\/i0.wp.com\/www1.unicap.br\/estudosreligiao\/wp-content\/uploads\/2017\/04\/Pedro-Jorge-e1492725951725.png?fit=500%2C228&ssl=1&resize=350%2C200","width":350,"height":200},"classes":[]},{"id":1966,"url":"https:\/\/www1.unicap.br\/estudosreligiao\/a-relacao-de-dom-helder-camara-com-as-artes\/","url_meta":{"origin":496,"position":4},"title":"A rela\u00e7\u00e3o de Dom Helder Camara com as artes","date":"25 de novembro de 2018","format":false,"excerpt":"O que religi\u00e3o tem a ver com arte? E o que um santo tem a ver com cinema, teatro e r\u00e1dio, poesia, cantoria, sinfonia e carnaval? Venha descobrir, participando do lan\u00e7amento (bem art\u00edstico) de um livro sobre dimens\u00e3o inusitada da vida e obra do Dom... \u00c0 medida que v\u00e3o se\u2026","rel":"","context":"Em &quot;Lan\u00e7amento&quot;","img":{"alt_text":"","src":"https:\/\/i0.wp.com\/www1.unicap.br\/estudosreligiao\/wp-content\/uploads\/2018\/11\/Capa-Andar-as-voltas_recortado-e1542810952949.jpg?fit=798%2C399&ssl=1&resize=350%2C200","width":350,"height":200},"classes":[]},{"id":2264,"url":"https:\/\/www1.unicap.br\/estudosreligiao\/aulao-de-teologia-eucaristica-xviii-congresso-eucaristico-e-o-25o-grito-dos-excluidos\/","url_meta":{"origin":496,"position":5},"title":"Aul\u00e3o de Teologia Eucar\u00edstica: XVIII Congresso Eucar\u00edstico e o 25\u00ba Grito dos Exclu\u00eddos","date":"16 de setembro de 2019","format":false,"excerpt":"\u201cO p\u00e3o da eucaristia representa o que voc\u00eas s\u00e3o: o corpo de Cristo, ou seja, a sua presen\u00e7a transformadora para o mundo. Ent\u00e3o, se voc\u00eas tiverem recebido bem o alimento que \u00e9 o pr\u00f3prio Cristo que se doa a n\u00f3s, voc\u00eas se tornar\u00e3o isso que voc\u00eas receberam. Voc\u00eas s\u00e3o o\u2026","rel":"","context":"Em &quot;Reflex\u00e3o&quot;","img":{"alt_text":"","src":"https:\/\/i0.wp.com\/www1.unicap.br\/estudosreligiao\/wp-content\/uploads\/2019\/09\/AUL\u00c3O-DE-TEOLOGIA-EUCAR\u00cdSTICA-800Px-e1569265267616.jpg?fit=800%2C400&ssl=1&resize=350%2C200","width":350,"height":200},"classes":[]}],"_links":{"self":[{"href":"https:\/\/www1.unicap.br\/estudosreligiao\/wp-json\/wp\/v2\/posts\/496"}],"collection":[{"href":"https:\/\/www1.unicap.br\/estudosreligiao\/wp-json\/wp\/v2\/posts"}],"about":[{"href":"https:\/\/www1.unicap.br\/estudosreligiao\/wp-json\/wp\/v2\/types\/post"}],"author":[{"embeddable":true,"href":"https:\/\/www1.unicap.br\/estudosreligiao\/wp-json\/wp\/v2\/users\/3"}],"replies":[{"embeddable":true,"href":"https:\/\/www1.unicap.br\/estudosreligiao\/wp-json\/wp\/v2\/comments?post=496"}],"version-history":[{"count":3,"href":"https:\/\/www1.unicap.br\/estudosreligiao\/wp-json\/wp\/v2\/posts\/496\/revisions"}],"predecessor-version":[{"id":502,"href":"https:\/\/www1.unicap.br\/estudosreligiao\/wp-json\/wp\/v2\/posts\/496\/revisions\/502"}],"wp:featuredmedia":[{"embeddable":true,"href":"https:\/\/www1.unicap.br\/estudosreligiao\/wp-json\/wp\/v2\/media\/497"}],"wp:attachment":[{"href":"https:\/\/www1.unicap.br\/estudosreligiao\/wp-json\/wp\/v2\/media?parent=496"}],"wp:term":[{"taxonomy":"category","embeddable":true,"href":"https:\/\/www1.unicap.br\/estudosreligiao\/wp-json\/wp\/v2\/categories?post=496"},{"taxonomy":"post_tag","embeddable":true,"href":"https:\/\/www1.unicap.br\/estudosreligiao\/wp-json\/wp\/v2\/tags?post=496"}],"curies":[{"name":"wp","href":"https:\/\/api.w.org\/{rel}","templated":true}]}}