{"id":402,"date":"2016-05-25T16:34:22","date_gmt":"2016-05-25T16:34:22","guid":{"rendered":"https:\/\/www1.unicap.br\/estudosreligiao\/?p=402"},"modified":"2016-05-26T22:49:53","modified_gmt":"2016-05-26T22:49:53","slug":"a-espiritualidade-do-caminho-em-vazante-e-baturite-ce","status":"publish","type":"post","link":"https:\/\/www1.unicap.br\/estudosreligiao\/a-espiritualidade-do-caminho-em-vazante-e-baturite-ce\/","title":{"rendered":"A espiritualidade do Caminho em Vazantes e Baturit\u00e9-CE"},"content":{"rendered":"<p><a href=\"https:\/\/pt.wikipedia.org\/wiki\/Baturit%C3%A9#\/media\/File:Mosteiro_dos_Jesu%C3%ADtas_no_Maci%C3%A7o_de_Baturit%C3%A9.jpg\" target=\"_blank\"><img loading=\"lazy\" decoding=\"async\" class=\"mw-mmv-final-image jpg\" src=\"https:\/\/upload.wikimedia.org\/wikipedia\/commons\/thumb\/a\/a0\/Mosteiro_dos_Jesu%C3%ADtas_no_Maci%C3%A7o_de_Baturit%C3%A9.jpg\/800px-Mosteiro_dos_Jesu%C3%ADtas_no_Maci%C3%A7o_de_Baturit%C3%A9.jpg\" alt=\"Mosteiro dos Jesu\u00edtas no Maci\u00e7o de Baturit\u00e9.jpg\" width=\"674\" height=\"513\" crossorigin=\"anonymous\" \/><\/a><\/p>\n<p>O grupo Amigos no Caminho \u2013 coordenado pelo Prof. Arthur Peregrino \u2013 \u00e9 composto por alunos, professores e funcion\u00e1rios da Unicap. O grupo promove jornadas que objetivam as experi\u00eancias do companheirismo, da supera\u00e7\u00e3o e da transcend\u00eancia.\u00a0Busca-se viver experi\u00eancias que deem sentido a vida usando os p\u00e9s, a fim de resgatar a exist\u00eancia humana, trazendo para si e<span class=\"text_exposed_show\">quil\u00edbrio, sabedoria e discernimento para melhor viver, al\u00e9m de possibilitar conhecer novas pessoas, lugares e integrar-se mais consigo, com os outros e com o transcendente.<\/span><\/p>\n<p>Desta vez,\u00a0o grupo visitar\u00e1 o Distrito de Vazantes &#8211; pertencente a Cidade de Ara\u00e7oiaba &#8211; e Baturit\u00e9,\u00a0no Cear\u00e1. A programa\u00e7\u00e3o come\u00e7a a partir do dia \u00a026 (quinta-feria \u2013 feriado de Corpus Chisti)\u00a0a 29 de maio corrente.<\/p>\n<p>Conhe\u00e7a um pouco do que ser\u00e1 esta caminhada, nas palavras do prof. Artur Peregrino, a seguir.<\/p>\n<p>&nbsp;<\/p>\n<p style=\"text-align: left;\">\u201cO real n\u00e3o est\u00e1 no in\u00edcio nem no fim,<\/p>\n<p style=\"text-align: left;\">ele se disp\u00f5e para n\u00f3s no meio da travessia\u201d<\/p>\n<p style=\"text-align: left;\">(Guimar\u00e3es Rosa).<\/p>\n<p>O Grupo Amigos no Caminho \u2013 IHU \u2013 Unicap \u00e9 uma experi\u00eancia de abertura do cora\u00e7\u00e3o para viver momentos significativos nas estradas poeirentas do Nordeste.<\/p>\n<p>Envolve alunos funcion\u00e1rios e professores da Unicap e se prop\u00f5e a viver uma experi\u00eancia de dar sentido a vida usando os p\u00e9s. A experi\u00eancia do Grupo Amigos no Caminho IHU &#8211; Unicap quer resgatar a exist\u00eancia humana trazendo para si equil\u00edbrio, sabedoria, discernimento para melhor viver, al\u00e9m de possibilitar conhecer novas pessoas, novos lugares, integrar-se mais consigo, com os outros e com o Transcendente. Nas suas atividades procura o di\u00e1logo entre a f\u00e9 e as culturas tendo presente o ch\u00e3o dos pobres, vinculando a f\u00e9 com a luta pela justi\u00e7a.<\/p>\n<p>J\u00e1 que &#8216;nosso campus \u00e9 a cidade&#8217; o grupo Amigos no Caminho IHU &#8211; Unicap faz uma caminhada para um lugar significativo do Nordeste a cada semestre. A a\u00e7\u00e3o que segue aponta caminho aberto. Vai numa perspectiva de viver uma experi\u00eancia de <strong>estar-a-caminho<\/strong>.<\/p>\n<p>De 25 a 29 de maio de 2016, estaremos realizando uma experi\u00eancia de mergulhar na realidade do Sert\u00e3o do Maci\u00e7o da Serra de Baturit\u00e9 \u2013 CE. Ser\u00e1 uma experi\u00eancia rica em humanidade \/ espiritualidade a partir de gestos muito simples: caminhar, celebrar, refletir, orar. Teremos momentos de viv\u00eancia a partir da realidade das comunidades visitadas. Ocara, Ideal e Vazantes. Com perman\u00eancia em Vazantes na quinta-feira, 26 e, sexta-feira, 27. Dois grandes momentos ser\u00e3o: a celebra\u00e7\u00e3o da Eucaristia e o momento cultural na Galeria de Vazantes.<\/p>\n<p>Chegaremos conhecendo o que existe na comunidade de Vazantes, mas tamb\u00e9m, ofereceremos tr\u00eas oficinas: portugu\u00eas, matem\u00e1tica e p\u00e3o integral. Tudo ser\u00e1 enriquecido por uma profunda troca de experi\u00eancia.<\/p>\n<p>Uma segunda etapa da viagem ser\u00e1 vivida no Mosteiro dos Jesu\u00edtas em Baturit\u00e9 \u2013 CE. Chegaremos em Baturit\u00e9 \u00e0 tarde da sexta-feira e teremos v\u00e1rias possibilidades de experi\u00eancias como: momento para recolhimento espiritual (estaremos em uma casa apropriada para tal), visitas \u00e0 Serra de Baturit\u00e9, visitas programadas a lugares maravilhosos, caminhada \u00e0 Caridade (lugar significativo onde os jesu\u00edtas se recolhiam em tempos memor\u00e1veis).<\/p>\n<p>No domingo, 29, ap\u00f3s o almo\u00e7o faremos nossa viagem de volta \u00e0 Recife com chegada na Unicap prevista para 22h.<\/p>\n<p>Com certeza faremos uma viagem inesquec\u00edvel onde viveremos o caminho \u201csaboreando as coisas internamente\u201d. Voc\u00ea pode olhar bel\u00edssimas imagens da regi\u00e3o que visitaremos no Youtube na internet. Procure por Baturit\u00e9, Mosteiro dos Jesu\u00edtas.<\/p>\n<p>Prof. Artur Peregrino.<\/p>\n<p>&nbsp;<\/p>\n<p>Conhe\u00e7a outras atividades do grupo <a href=\"http:\/\/www.unicap.br\/ihu\/?s=amigos+no+caminho\" target=\"_blank\">Amigos no Caminho<\/a><\/p>\n<h6><\/h6>\n","protected":false},"excerpt":{"rendered":"<p>O grupo Amigos no Caminho \u2013 coordenado pelo Prof. Arthur Peregrino \u2013 \u00e9 composto por alunos, professores e funcion\u00e1rios da Unicap. O grupo promove jornadas que objetivam as experi\u00eancias do [&hellip;]<\/p>\n","protected":false},"author":3,"featured_media":406,"comment_status":"open","ping_status":"open","sticky":false,"template":"","format":"standard","meta":{"spay_email":"","footnotes":"","jetpack_publicize_message":"","jetpack_is_tweetstorm":false,"jetpack_publicize_feature_enabled":true},"categories":[57],"tags":[],"class_list":["post-402","post","type-post","status-publish","format-standard","has-post-thumbnail","hentry","category-espiritualidade"],"jetpack_featured_media_url":"https:\/\/i0.wp.com\/www1.unicap.br\/estudosreligiao\/wp-content\/uploads\/2016\/05\/537195_425239754243417_1097371444_n-e1464302911953.jpg?fit=955%2C396&ssl=1","jetpack_publicize_connections":[],"jetpack_shortlink":"https:\/\/wp.me\/p7qXzA-6u","jetpack-related-posts":[{"id":416,"url":"https:\/\/www1.unicap.br\/estudosreligiao\/a-experiencia-do-caminho-no-ceara\/","url_meta":{"origin":402,"position":0},"title":"A experi\u00eancia do caminho no Cear\u00e1","date":"3 de junho de 2016","format":false,"excerpt":"O Grupo Amigos no Caminho, do Instituto Humanitas Unicap, realizou, de 25 a 29 de maio, uma caminhada rica em humanidade e em espiritualidade, no Sert\u00e3o do Cear\u00e1, na comunidade de Vazantes e no Maci\u00e7o da Serra de Baturit\u00e9. A experi\u00eancia teve como objetivo reunir professores, alunos, ex-alunos e funcion\u00e1rios\u2026","rel":"","context":"Em &quot;Espiritualidade&quot;","img":{"alt_text":"","src":"https:\/\/i0.wp.com\/www1.unicap.br\/estudosreligiao\/wp-content\/uploads\/2016\/06\/baturite2-1024x576-e1464977266330.jpg?fit=1024%2C435&ssl=1&resize=350%2C200","width":350,"height":200},"classes":[]},{"id":666,"url":"https:\/\/www1.unicap.br\/estudosreligiao\/encontro-do-grupo-de-estudos-espiritualidade-e-saude\/","url_meta":{"origin":402,"position":1},"title":"Encontro do Grupo de Estudos Espiritualidade e Sa\u00fade","date":"20 de setembro de 2016","format":false,"excerpt":"Programa de P\u00f3s-gradua\u00e7\u00e3o em Ci\u00eancias da Religi\u00e3o da UNICAP Grupo de Pesquisa Religi\u00e3o Crist\u00e3, Fundamentos e desafios contempor\u00e2neos GRUPO DE ESTUDOS ESPIRITUALIDADE E SA\u00daDE Reuni\u00e3o de setembro \/ 2016 GENTE AMIGA, NESTA QUINTA FEIRA, 22 DE SETEMBRO, teremos a reuni\u00e3o do GRUPO DE ESTUDOS ESPIRITUALIDADE E SA\u00daDE. TEMA GERAL 2016:\u2026","rel":"","context":"Em &quot;Pesquisa&quot;","img":{"alt_text":"id-100281558","src":"https:\/\/i0.wp.com\/www1.unicap.br\/estudosreligiao\/wp-content\/uploads\/2016\/09\/ID-100281558.jpg?resize=350%2C200&ssl=1","width":350,"height":200},"classes":[]},{"id":1277,"url":"https:\/\/www1.unicap.br\/estudosreligiao\/grupo-de-estudos-espiritualidade-saude-e-envelhecimento-relacionamento-entre-idosos-e-jovens\/","url_meta":{"origin":402,"position":2},"title":"Grupo de Estudos Espiritualidade, Sa\u00fade e Envelhecimento: Relacionamento entre idosos e jovens","date":"27 de setembro de 2017","format":false,"excerpt":"GRUPO DE ESTUDOS\u00a0ESPIRITUALIDADE, SA\u00daDE E ENVELHECIMENTO Tema: Relacionamento entre Idosos e Jovens Palestrante:\u00a0Prof\u00aa. Eunaide Monteiro de Almeida Psicopedagoga. Mestranda em Ci\u00eancias da Religi\u00e3o da UNICAP Local:\u00a0Sala de reuni\u00f5es do Programa de P\u00f3s-gradua\u00e7\u00e3o em Ci\u00eancias da Religi\u00e3o 8\u00ba andar do bloco G-IV\u00a0(por tr\u00e1s do Banco Ita\u00fa) Data:\u00a0Quinta-feira,\u00a0Dia 28 de setembro Hor\u00e1rio:\u00a0Das\u2026","rel":"","context":"Em &quot;Espiritualidade&quot;","img":{"alt_text":"","src":"https:\/\/i0.wp.com\/www1.unicap.br\/estudosreligiao\/wp-content\/uploads\/2017\/09\/aging-abraham.jpg?resize=350%2C200&ssl=1","width":350,"height":200},"classes":[]},{"id":1501,"url":"https:\/\/www1.unicap.br\/estudosreligiao\/a-relacao-entre-espiritualidade-saude-e-envelhecimento\/","url_meta":{"origin":402,"position":3},"title":"A rela\u00e7\u00e3o entre espiritualidade, sa\u00fade e envelhecimento","date":"20 de fevereiro de 2018","format":false,"excerpt":"Ser\u00e1 realizada nesta quinta-feira,\u00a022\/02\/2018, das 9h \u00e0s 11h, na\u00a0sala de reuni\u00f5es de Ci\u00eancias da Religi\u00e3o,\u00a08\u00ba andar do bloco G-IV (por tr\u00e1s do Banco Ita\u00fa), o encontro do\u00a0Grupo de Estudos\u00a0Espiritualidade, Sa\u00fade e Envelhecimento, integrante do\u00a0Grupo de Pesquisa\u00a0\u201cReligi\u00e3o crist\u00e3, fundamentos e desafios contempor\u00e2neos\u201d. O Encontro ter\u00e1 como tema a\u00a0rela\u00e7\u00e3o entre espiritualidade, sa\u00fade\u2026","rel":"","context":"Em &quot;Convite&quot;","img":{"alt_text":"","src":"https:\/\/i0.wp.com\/www1.unicap.br\/estudosreligiao\/wp-content\/uploads\/2018\/02\/Reuni\u00e3o-Grupo-de-Pesquisa-Jo\u00e3o-Luiz-e1519151862101.jpg?fit=1200%2C600&ssl=1&resize=350%2C200","width":350,"height":200},"classes":[]},{"id":1373,"url":"https:\/\/www1.unicap.br\/estudosreligiao\/coloquios-sobre-espiritualidade\/","url_meta":{"origin":402,"position":4},"title":"Col\u00f3quios sobre espiritualidade","date":"6 de novembro de 2017","format":false,"excerpt":"PROGRAMA DE P\u00d3S-GRADUA\u00c7\u00c3O EM CI\u00caNCIAS DA RELIGI\u00c3O GRUPO DE PESQUISA RELIGI\u00c3O CRIST\u00c3, FUNDAMENTOS E DESAFIOS CONTEMPOR\u00c2NEOS CONVITE COL\u00d3QUIOS SOBRE ESPIRITUALIDADE \u00a0 QUARTAS-FEIRAS 18h \u00e0s 20h UNICAP BLOCO GIV 5\u00ba ANDAR SALA 505 \u00a0 COORDENA\u00c7\u00c3O JO\u00c3O LUIZ CORREIA J\u00daNIOR Prof. da P\u00f3s-gradua\u00e7\u00e3o em Ci\u00eancias da Religi\u00e3o \u00a0 W\u00caDJA DOMINGOS DE MELO\u2026","rel":"","context":"Em &quot;Convite&quot;","img":{"alt_text":"","src":"https:\/\/i0.wp.com\/www1.unicap.br\/estudosreligiao\/wp-content\/uploads\/2017\/11\/Img-2-Col\u00f3quios-sobre-espiritualidade-e1509972315890.jpg?fit=1194%2C585&ssl=1&resize=350%2C200","width":350,"height":200},"classes":[]},{"id":1248,"url":"https:\/\/www1.unicap.br\/estudosreligiao\/mostra-arte-e-religiao-o-vento-sopra-onde-quer\/","url_meta":{"origin":402,"position":5},"title":"Mostra arte e religi\u00e3o: o vento sopra onde quer","date":"10 de setembro de 2017","format":false,"excerpt":"Estamos celebrando doze anos do nosso Observat\u00f3rio e dez anos do seu\u00a0F\u00f3rum Inter-religioso. Nesse tempo, desenvolvemos estudos e pesquisas procurando contextualizar as tradi\u00e7\u00f5es de f\u00e9 para favorecer a tradu\u00e7\u00e3o e o aprofundamento dos significados simb\u00f3licos das suas cren\u00e7as. Procuramos tamb\u00e9m mobilizar interven\u00e7\u00f5es pedag\u00f3gicas para unir as religi\u00f5es no espa\u00e7o p\u00fablico\u2026","rel":"","context":"Em &quot;Mostra&quot;","img":{"alt_text":"","src":"https:\/\/i0.wp.com\/www1.unicap.br\/estudosreligiao\/wp-content\/uploads\/2017\/09\/gilbraz-cartaz-2017-1-Adelia-e1504636853300.png?fit=1000%2C501&ssl=1&resize=350%2C200","width":350,"height":200},"classes":[]}],"_links":{"self":[{"href":"https:\/\/www1.unicap.br\/estudosreligiao\/wp-json\/wp\/v2\/posts\/402"}],"collection":[{"href":"https:\/\/www1.unicap.br\/estudosreligiao\/wp-json\/wp\/v2\/posts"}],"about":[{"href":"https:\/\/www1.unicap.br\/estudosreligiao\/wp-json\/wp\/v2\/types\/post"}],"author":[{"embeddable":true,"href":"https:\/\/www1.unicap.br\/estudosreligiao\/wp-json\/wp\/v2\/users\/3"}],"replies":[{"embeddable":true,"href":"https:\/\/www1.unicap.br\/estudosreligiao\/wp-json\/wp\/v2\/comments?post=402"}],"version-history":[{"count":7,"href":"https:\/\/www1.unicap.br\/estudosreligiao\/wp-json\/wp\/v2\/posts\/402\/revisions"}],"predecessor-version":[{"id":411,"href":"https:\/\/www1.unicap.br\/estudosreligiao\/wp-json\/wp\/v2\/posts\/402\/revisions\/411"}],"wp:featuredmedia":[{"embeddable":true,"href":"https:\/\/www1.unicap.br\/estudosreligiao\/wp-json\/wp\/v2\/media\/406"}],"wp:attachment":[{"href":"https:\/\/www1.unicap.br\/estudosreligiao\/wp-json\/wp\/v2\/media?parent=402"}],"wp:term":[{"taxonomy":"category","embeddable":true,"href":"https:\/\/www1.unicap.br\/estudosreligiao\/wp-json\/wp\/v2\/categories?post=402"},{"taxonomy":"post_tag","embeddable":true,"href":"https:\/\/www1.unicap.br\/estudosreligiao\/wp-json\/wp\/v2\/tags?post=402"}],"curies":[{"name":"wp","href":"https:\/\/api.w.org\/{rel}","templated":true}]}}