{"id":365,"date":"2016-06-08T13:45:40","date_gmt":"2016-06-08T13:45:40","guid":{"rendered":"https:\/\/www1.unicap.br\/estudosreligiao\/?p=365"},"modified":"2016-06-29T16:47:08","modified_gmt":"2016-06-29T16:47:08","slug":"disciplinas-de-ciencias-da-religiao-oferecidas-em-2016-2","status":"publish","type":"post","link":"https:\/\/www1.unicap.br\/estudosreligiao\/disciplinas-de-ciencias-da-religiao-oferecidas-em-2016-2\/","title":{"rendered":"Disciplinas de Ci\u00eancias da Religi\u00e3o oferecidas em 2016.2"},"content":{"rendered":"<p><img data-recalc-dims=\"1\" loading=\"lazy\" decoding=\"async\" data-attachment-id=\"366\" data-permalink=\"https:\/\/www1.unicap.br\/estudosreligiao\/disciplinas-de-ciencias-da-religiao-oferecidas-em-2016-2\/id-100207082\/\" data-orig-file=\"https:\/\/i0.wp.com\/www1.unicap.br\/estudosreligiao\/wp-content\/uploads\/2016\/05\/ID-100207082-e1513863650546.jpg?fit=400%2C200&amp;ssl=1\" data-orig-size=\"400,200\" data-comments-opened=\"1\" data-image-meta=\"{&quot;aperture&quot;:&quot;0&quot;,&quot;credit&quot;:&quot;&quot;,&quot;camera&quot;:&quot;&quot;,&quot;caption&quot;:&quot;&quot;,&quot;created_timestamp&quot;:&quot;0&quot;,&quot;copyright&quot;:&quot;&quot;,&quot;focal_length&quot;:&quot;0&quot;,&quot;iso&quot;:&quot;0&quot;,&quot;shutter_speed&quot;:&quot;0&quot;,&quot;title&quot;:&quot;&quot;,&quot;orientation&quot;:&quot;0&quot;}\" data-image-title=\"ID-100207082\" data-image-description=\"\" data-image-caption=\"\" data-medium-file=\"https:\/\/i0.wp.com\/www1.unicap.br\/estudosreligiao\/wp-content\/uploads\/2016\/05\/ID-100207082-e1513863650546.jpg?fit=300%2C150&amp;ssl=1\" data-large-file=\"https:\/\/i0.wp.com\/www1.unicap.br\/estudosreligiao\/wp-content\/uploads\/2016\/05\/ID-100207082-e1513863650546.jpg?fit=400%2C200&amp;ssl=1\" class=\"alignnone size-full wp-image-366\" src=\"https:\/\/i0.wp.com\/www1.unicap.br\/estudosreligiao\/wp-content\/uploads\/2016\/05\/ID-100207082.jpg?resize=400%2C400&#038;ssl=1\" alt=\"ID-100207082\" width=\"400\" height=\"400\" \/><\/p>\n<p>Foram disponibilizados\u00a0pelo\u00a0Coordenador do Programa de P\u00f3s-Gradua\u00e7\u00e3o em Ci\u00eancias da Religi\u00e3o, prof. Newton Cabral, no \u00faltimo dia 06 de maio corrente, a\u00a0programa\u00e7\u00e3o dos hor\u00e1rios das disciplinas e semin\u00e1rios para o pr\u00f3ximo semestre, correspondentes ao mestrado e doutorado.<\/p>\n<p>Ser\u00e3o disponibilizadas duas disciplinas obrigat\u00f3rias, Semin\u00e1rio de Tese I e II.\u00a0Cinco disciplinas optativas, que possibilitam o aprofundamento de temas como: Hist\u00f3ria das religi\u00f5es no Brasil; Devo\u00e7\u00f5es e materialidades do sagrado; Religi\u00f5es, \u00e9tica e Direitos Humanos; Religi\u00e3o, Economia e Sociedade; e, Religi\u00e3o Sociedade a partir do Cristianismo Primitivo.<\/p>\n<p>O programa tamb\u00e9m disponibiliza cinco Semin\u00e1rios optativos:\u00a0Tradi\u00e7\u00f5es e experi\u00eancias religiosas, cultura e sociedade: Religi\u00e3o e (des)constru\u00e7\u00e3o: Gianni Vattimo, Jacques Derrida e Emmanuel Levinas;\u00a0Campo religioso brasileiro, cultura e sociedade: M\u00edstica, lugar para o encontro e o di\u00e1logo inter-religioso;\u00a0Campo religioso brasileiro, cultura e sociedade: Juventude: experi\u00eancia religiosa na cultura p\u00f3s-moderna;\u00a0Tradi\u00e7\u00f5es e experi\u00eancias religiosas, cultura e sociedade: As diferentes Reformas do S\u00e9culo XVI; e,\u00a0Campo religioso brasileiro, cultura e sociedade: Religi\u00e3o e Esfera P\u00fablica.<\/p>\n<p>Por sua vez, o Est\u00e1gio de Doc\u00eancia, que complementa cr\u00e9ditos para bolsistas, gera cr\u00e9ditos a mais para outros estudantes, ser\u00e1 obrigat\u00f3rio para\u00a0bolsistas de \u00f3rg\u00e3os de fomento, eletivo para os demais alunos.<\/p>\n<h3>Veja os\u00a0detalhes no quadro, no link a seguir:<\/h3>\n<p><a href=\"https:\/\/www1.unicap.br\/estudosreligiao\/wp-content\/uploads\/2016\/06\/HOR\u00c1RIOS-DAS-DISCIPLINAS-OFERECIDAS-EM-2016_2.pdf\" target=\"_blank\">HOR\u00c1RIOS DAS DISCIPLINAS OFERECIDAS EM 2016_2<\/a>.<\/p>\n","protected":false},"excerpt":{"rendered":"<p>Foram disponibilizados\u00a0pelo\u00a0Coordenador do Programa de P\u00f3s-Gradua\u00e7\u00e3o em Ci\u00eancias da Religi\u00e3o, prof. Newton Cabral, no \u00faltimo dia 06 de maio corrente, a\u00a0programa\u00e7\u00e3o dos hor\u00e1rios das disciplinas e semin\u00e1rios para o pr\u00f3ximo [&hellip;]<\/p>\n","protected":false},"author":3,"featured_media":366,"comment_status":"open","ping_status":"open","sticky":false,"template":"","format":"link","meta":{"spay_email":"","footnotes":"","jetpack_publicize_message":"","jetpack_is_tweetstorm":false,"jetpack_publicize_feature_enabled":true},"categories":[1],"tags":[],"class_list":["post-365","post","type-post","status-publish","format-link","has-post-thumbnail","hentry","category-posgraduacao","post_format-post-format-link"],"jetpack_featured_media_url":"https:\/\/i0.wp.com\/www1.unicap.br\/estudosreligiao\/wp-content\/uploads\/2016\/05\/ID-100207082-e1513863650546.jpg?fit=400%2C200&ssl=1","jetpack_publicize_connections":[],"jetpack_shortlink":"https:\/\/wp.me\/p7qXzA-5T","jetpack-related-posts":[{"id":1462,"url":"https:\/\/www1.unicap.br\/estudosreligiao\/ciencias-da-religiao-disciplinas-oferecidas-para-2018-1\/","url_meta":{"origin":365,"position":0},"title":"Ci\u00eancias da Religi\u00e3o: disciplinas oferecidas para 2018.1","date":"21 de dezembro de 2017","format":false,"excerpt":"O Programa de P\u00f3s-gradua\u00e7\u00e3o em Ci\u00eancias da Religi\u00e3o, n\u00edveis mestrado e doutorado, disponibilizou o quadro de Disciplinas, Semin\u00e1rios e Estagio oferecidos para 2018.1. Caso queira fazer o download das informa\u00e7\u00f5es, em pdf, clique no link a seguir: Disciplinas oferecidas em 2018.1 \u00a0 HOR\u00c1RIOS DAS DISCIPLINAS OFERECIDAS EM 2018.1 C\u00d3DIGO \u00a0\u2026","rel":"","context":"Em &quot;P\u00f3s-Gradua\u00e7\u00e3o&quot;","img":{"alt_text":"","src":"https:\/\/i0.wp.com\/www1.unicap.br\/estudosreligiao\/wp-content\/uploads\/2016\/05\/ID-100207082-e1513863650546.jpg?fit=400%2C200&ssl=1&resize=350%2C200","width":350,"height":200},"classes":[]},{"id":1347,"url":"https:\/\/www1.unicap.br\/estudosreligiao\/1347\/","url_meta":{"origin":365,"position":1},"title":"O problema do mal na cosmovis\u00e3o dos \u00edndios Macuxi, em Roraima","date":"25 de outubro de 2017","format":false,"excerpt":"Nesta sexta-feira, 27 de outubro (\u00faltimo dia), \u00e0s 17h,\u00a0 no Polo Discursivo da XV Semana de Integra\u00e7\u00e3o, o doutorando do Programa de P\u00f3s-gradua\u00e7\u00e3o em Ci\u00eancias da Religi\u00e3o da UNICAP, Manoel Gomes Rabelo Filho estar\u00e1 discutindo\u00a0 O problema do mal na cosmovis\u00e3o dos \u00edndios Macuxi, em Roraima. A Palestra acontecer\u00e1 no\u00a0Bloco\u2026","rel":"","context":"Em &quot;Palestra&quot;","img":{"alt_text":"","src":"https:\/\/i0.wp.com\/www1.unicap.br\/estudosreligiao\/wp-content\/uploads\/2017\/10\/2-GEDC0403-rezador-laurindo-e1508952851880.jpg?fit=1200%2C648&ssl=1&resize=350%2C200","width":350,"height":200},"classes":[]},{"id":72,"url":"https:\/\/www1.unicap.br\/estudosreligiao\/doutorado-em-ciencias-da-religiao\/","url_meta":{"origin":365,"position":2},"title":"Doutorado em Ci\u00eancias da Religi\u00e3o","date":"1 de abril de 2016","format":false,"excerpt":"O nosso Programa promove pesquisas sobre as religi\u00f5es nos seus contextos hist\u00f3rico, social e cultural. Recorre ao instrumental te\u00f3rico fornecido pelas ci\u00eancias, sobretudo humanas, para de forma interdisciplinar desenvolver interpreta\u00e7\u00f5es das diferentes manifesta\u00e7\u00f5es de religiosidade, na sua rela\u00e7\u00e3o com a cultura e a sociedade. Com efeito, a nossa \u00e1rea de\u2026","rel":"","context":"Em &quot;P\u00f3s-Gradua\u00e7\u00e3o&quot;","img":{"alt_text":"transdisciplinaridade-cincias-da-religio-e-ensino-religioso-12-638","src":"https:\/\/i0.wp.com\/www1.unicap.br\/estudosreligiao\/wp-content\/uploads\/2016\/03\/transdisciplinaridade-cincias-da-religio-e-ensino-religioso-12-638.jpg?resize=350%2C200&ssl=1","width":350,"height":200},"classes":[]},{"id":75,"url":"https:\/\/www1.unicap.br\/estudosreligiao\/mestrado-em-ciencias-da-religiao\/","url_meta":{"origin":365,"position":3},"title":"Mestrado em Ci\u00eancias da Religi\u00e3o","date":"1 de abril de 2016","format":false,"excerpt":"As Ci\u00eancias da Religi\u00e3o estudam o fen\u00f4meno religioso nos seus m\u00faltiplos contextos hist\u00f3rico, social e cultural. Partindo da contribui\u00e7\u00e3o dos diversos instrumentais te\u00f3ricos, oriundos das ci\u00eancias humanas, procura, de forma interdisciplinar, analisar as diferentes manifesta\u00e7\u00f5es, nas suas m\u00faltiplas contextualidades, que as religi\u00f5es assumem na sua rela\u00e7\u00e3o com a cultura e\u2026","rel":"","context":"Em &quot;P\u00f3s-Gradua\u00e7\u00e3o&quot;","img":{"alt_text":"","src":"https:\/\/i0.wp.com\/www1.unicap.br\/estudosreligiao\/wp-content\/uploads\/2016\/04\/CYMERA_20150323_092425-e1463362095669.jpg?fit=827%2C287&ssl=1&resize=350%2C200","width":350,"height":200},"classes":[]},{"id":548,"url":"https:\/\/www1.unicap.br\/estudosreligiao\/professor-gilbraz-eleito-presidente-da-anptecre\/","url_meta":{"origin":365,"position":4},"title":"Professor Gilbraz eleito presidente da ANPTECRE","date":"16 de agosto de 2016","format":false,"excerpt":"Uma \u00f3tima not\u00edcia para a Universidade Cat\u00f3lica de Pernambuco, motivo de orgulho e alegria para seus parceiros, colegas e amigos do Observat\u00f3rio das Religi\u00f5es e Grupo de Pesquisa Espiritualidades, Pluralidade e Di\u00e1logo. O prof. Dr. Gilbraz Arag\u00e3o, do Programa de P\u00f3s-gradua\u00e7\u00e3o\u00a0em Ci\u00eancias da Religi\u00e3o da Unicap, foi eleito nesta segunda-feira,\u2026","rel":"","context":"Em &quot;P\u00f3s-Gradua\u00e7\u00e3o&quot;","img":{"alt_text":"","src":"https:\/\/i0.wp.com\/www1.unicap.br\/estudosreligiao\/wp-content\/uploads\/2016\/04\/gilbraz-e1471370654782.jpg?fit=1200%2C504&ssl=1&resize=350%2C200","width":350,"height":200},"classes":[]},{"id":1421,"url":"https:\/\/www1.unicap.br\/estudosreligiao\/conversa-aberta-sobre-teorias-dos-estudos-de-religiao-com-o-prof-emerson-silveira\/","url_meta":{"origin":365,"position":5},"title":"Roda de conversa sobre Teorias dos Estudos de Religi\u00e3o com o prof. Emerson Silveira","date":"30 de novembro de 2017","format":false,"excerpt":"Nesta, quinta-feira, a partir das 17h, ser\u00e1 realizada uma conversa aberta sobre epistemologia e metodologias das ci\u00eancias da religi\u00e3o, no fechamento do semestre do Grupo de Pesquisa Espiritualidades, Pluralidade e Di\u00e1logo, na sala de reuni\u00f5es do Programa de P\u00f3s-gradua\u00e7\u00e3o em Ci\u00eancias da Religi\u00e3o, 8\u00ba andar do bloco G4. Nessa roda\u2026","rel":"","context":"Em &quot;Mesa-Redonda&quot;","img":{"alt_text":"","src":"https:\/\/i0.wp.com\/www1.unicap.br\/estudosreligiao\/wp-content\/uploads\/2017\/11\/emerson.jpeg?fit=480%2C252&ssl=1&resize=350%2C200","width":350,"height":200},"classes":[]}],"_links":{"self":[{"href":"https:\/\/www1.unicap.br\/estudosreligiao\/wp-json\/wp\/v2\/posts\/365"}],"collection":[{"href":"https:\/\/www1.unicap.br\/estudosreligiao\/wp-json\/wp\/v2\/posts"}],"about":[{"href":"https:\/\/www1.unicap.br\/estudosreligiao\/wp-json\/wp\/v2\/types\/post"}],"author":[{"embeddable":true,"href":"https:\/\/www1.unicap.br\/estudosreligiao\/wp-json\/wp\/v2\/users\/3"}],"replies":[{"embeddable":true,"href":"https:\/\/www1.unicap.br\/estudosreligiao\/wp-json\/wp\/v2\/comments?post=365"}],"version-history":[{"count":6,"href":"https:\/\/www1.unicap.br\/estudosreligiao\/wp-json\/wp\/v2\/posts\/365\/revisions"}],"predecessor-version":[{"id":453,"href":"https:\/\/www1.unicap.br\/estudosreligiao\/wp-json\/wp\/v2\/posts\/365\/revisions\/453"}],"wp:featuredmedia":[{"embeddable":true,"href":"https:\/\/www1.unicap.br\/estudosreligiao\/wp-json\/wp\/v2\/media\/366"}],"wp:attachment":[{"href":"https:\/\/www1.unicap.br\/estudosreligiao\/wp-json\/wp\/v2\/media?parent=365"}],"wp:term":[{"taxonomy":"category","embeddable":true,"href":"https:\/\/www1.unicap.br\/estudosreligiao\/wp-json\/wp\/v2\/categories?post=365"},{"taxonomy":"post_tag","embeddable":true,"href":"https:\/\/www1.unicap.br\/estudosreligiao\/wp-json\/wp\/v2\/tags?post=365"}],"curies":[{"name":"wp","href":"https:\/\/api.w.org\/{rel}","templated":true}]}}