{"id":2298,"date":"2019-10-05T19:59:09","date_gmt":"2019-10-05T19:59:09","guid":{"rendered":"https:\/\/www1.unicap.br\/estudosreligiao\/?p=2298"},"modified":"2019-10-04T20:47:25","modified_gmt":"2019-10-04T20:47:25","slug":"conjuntura-da-igreja-catolica-e-seus-desdobramentos","status":"publish","type":"post","link":"https:\/\/www1.unicap.br\/estudosreligiao\/conjuntura-da-igreja-catolica-e-seus-desdobramentos\/","title":{"rendered":"Conjuntura da Igreja Cat\u00f3lica e seus desdobramentos"},"content":{"rendered":"<p><a href=\"https:\/\/i0.wp.com\/www1.unicap.br\/estudosreligiao\/wp-content\/uploads\/2019\/10\/Evento-do-Grupo-de-Pesquisa-Cristianismo-Religi\u00f5es-e-Di\u00e1logos.jpg?ssl=1\"><img data-recalc-dims=\"1\" loading=\"lazy\" decoding=\"async\" data-attachment-id=\"2299\" data-permalink=\"https:\/\/www1.unicap.br\/estudosreligiao\/conjuntura-da-igreja-catolica-e-seus-desdobramentos\/evento-do-grupo-de-pesquisa-cristianismo-religioes-e-dialogos\/\" data-orig-file=\"https:\/\/i0.wp.com\/www1.unicap.br\/estudosreligiao\/wp-content\/uploads\/2019\/10\/Evento-do-Grupo-de-Pesquisa-Cristianismo-Religi\u00f5es-e-Di\u00e1logos-e1570221899898.jpg?fit=738%2C370&amp;ssl=1\" data-orig-size=\"738,370\" data-comments-opened=\"1\" data-image-meta=\"{&quot;aperture&quot;:&quot;0&quot;,&quot;credit&quot;:&quot;&quot;,&quot;camera&quot;:&quot;&quot;,&quot;caption&quot;:&quot;&quot;,&quot;created_timestamp&quot;:&quot;0&quot;,&quot;copyright&quot;:&quot;&quot;,&quot;focal_length&quot;:&quot;0&quot;,&quot;iso&quot;:&quot;0&quot;,&quot;shutter_speed&quot;:&quot;0&quot;,&quot;title&quot;:&quot;&quot;,&quot;orientation&quot;:&quot;0&quot;}\" data-image-title=\"Evento do Grupo de Pesquisa Cristianismo Religi\u00f5es e Di\u00e1logos\" data-image-description=\"\" data-image-caption=\"\" data-medium-file=\"https:\/\/i0.wp.com\/www1.unicap.br\/estudosreligiao\/wp-content\/uploads\/2019\/10\/Evento-do-Grupo-de-Pesquisa-Cristianismo-Religi\u00f5es-e-Di\u00e1logos-e1570221899898.jpg?fit=300%2C150&amp;ssl=1\" data-large-file=\"https:\/\/i0.wp.com\/www1.unicap.br\/estudosreligiao\/wp-content\/uploads\/2019\/10\/Evento-do-Grupo-de-Pesquisa-Cristianismo-Religi\u00f5es-e-Di\u00e1logos-e1570221899898.jpg?fit=738%2C370&amp;ssl=1\" class=\"alignnone size-full wp-image-2299\" src=\"https:\/\/i0.wp.com\/www1.unicap.br\/estudosreligiao\/wp-content\/uploads\/2019\/10\/Evento-do-Grupo-de-Pesquisa-Cristianismo-Religi\u00f5es-e-Di\u00e1logos.jpg?resize=800%2C797&#038;ssl=1\" alt=\"\" width=\"800\" height=\"797\" \/><\/a><\/p>\n","protected":false},"excerpt":{"rendered":"","protected":false},"author":3,"featured_media":2299,"comment_status":"open","ping_status":"open","sticky":true,"template":"","format":"standard","meta":{"spay_email":"","footnotes":"","jetpack_publicize_message":"","jetpack_is_tweetstorm":false,"jetpack_publicize_feature_enabled":true},"categories":[6],"tags":[],"class_list":["post-2298","post","type-post","status-publish","format-standard","has-post-thumbnail","hentry","category-evento"],"jetpack_featured_media_url":"https:\/\/i0.wp.com\/www1.unicap.br\/estudosreligiao\/wp-content\/uploads\/2019\/10\/Evento-do-Grupo-de-Pesquisa-Cristianismo-Religi\u00f5es-e-Di\u00e1logos-e1570221899898.jpg?fit=738%2C370&ssl=1","jetpack_publicize_connections":[],"jetpack_shortlink":"https:\/\/wp.me\/p7qXzA-B4","jetpack-related-posts":[{"id":848,"url":"https:\/\/www1.unicap.br\/estudosreligiao\/a-evangelizacao-catolica-no-brasil-e-os-desafios-da-internet\/","url_meta":{"origin":2298,"position":0},"title":"A evangeliza\u00e7\u00e3o cat\u00f3lica no Brasil e os desafios da internet","date":"31 de mar\u00e7o de 2017","format":false,"excerpt":"Defesa de Mestrado em Teologia de Davi Daniel Barbosa \"A evangeliza\u00e7\u00e3o cat\u00f3lica no Brasil e os desafios da internet\" O trabalho apresenta a evangeliza\u00e7\u00e3o, raz\u00e3o de ser e miss\u00e3o central do cristianismo, seus fundamentos e seu desenvolvimento no Brasil e os principais desafios que a Igreja tem enfrentado nesse processo.\u2026","rel":"","context":"Em &quot;Defesa Disserta\u00e7\u00e3o&quot;","img":{"alt_text":"","src":"https:\/\/i0.wp.com\/www1.unicap.br\/estudosreligiao\/wp-content\/uploads\/2017\/03\/Papa-e1490989613648.jpg?fit=762%2C340&ssl=1&resize=350%2C200","width":350,"height":200},"classes":[]},{"id":1660,"url":"https:\/\/www1.unicap.br\/estudosreligiao\/coloquio-vozes-evangelicas-laicidade-do-estado-e-respeito-a-diversidade-religiosa\/","url_meta":{"origin":2298,"position":1},"title":"Col\u00f3quio Vozes evang\u00e9licas: Laicidade do Estado e Respeito \u00e0 Diversidade Religiosa","date":"10 de abril de 2018","format":false,"excerpt":"No pr\u00f3ximo dia 11 de abril, em Recife, o\u00a0Centro de Estudos Anglicanos\u00a0- CEA, em parceria com o\u00a0Coletivo Vozes Marias, realizar\u00e1 um importante Col\u00f3quio sobre \"Laicidade do Estado e Respeito \u00e0 Diversidade Religiosa\", reunindo lideran\u00e7as evang\u00e9licas locais que afirmam o direito comum a todas as tradi\u00e7\u00f5es religiosas de livre culto e\u2026","rel":"","context":"Em &quot;Eventos&quot;","img":{"alt_text":"","src":"https:\/\/i0.wp.com\/www1.unicap.br\/estudosreligiao\/wp-content\/uploads\/2018\/04\/650x375_series-diversidade-religiosa-cultura_1466872-e1523367827699.jpg?fit=650%2C354&ssl=1&resize=350%2C200","width":350,"height":200},"classes":[]},{"id":2431,"url":"https:\/\/www1.unicap.br\/estudosreligiao\/simposio-internacional-estudos-do-catolicismo\/","url_meta":{"origin":2298,"position":2},"title":"Simp\u00f3sio Internacional Estudos do Catolicismo","date":"27 de agosto de 2020","format":false,"excerpt":"Importante evento acontecendo na \u00e1rea, o Simp\u00f3sio Estudos do Catolicismo \u00e9 uma iniciativa do NEC (N\u00facleo de Estudos do Catolicismo), registrado no CNPq e vinculado ao Programa de P\u00f3s-Gradua\u00e7\u00e3o em Ci\u00eancia da Religi\u00e3o da Universidade Federal de Juiz de Fora (UFJF), Brasil. O Simp\u00f3sio, que acontecer\u00e1 de 20 a 22\u2026","rel":"","context":"Em &quot;Eventos&quot;","img":{"alt_text":"","src":"https:\/\/i0.wp.com\/www1.unicap.br\/estudosreligiao\/wp-content\/uploads\/2020\/08\/Simp\u00f3sio-Internacional-de-Estudos-do-Catolicismo-e1598536049668.png?fit=1101%2C550&ssl=1&resize=350%2C200","width":350,"height":200},"classes":[]},{"id":1856,"url":"https:\/\/www1.unicap.br\/estudosreligiao\/revista-fronteiras-com-chamada-sobre-medellin-ate-30-09\/","url_meta":{"origin":2298,"position":3},"title":"Revista Fronteiras com chamada aberta sobre Medellin at\u00e9 30\/09","date":"15 de setembro de 2018","format":false,"excerpt":"A Fronteiras - Revista de Teologia da Unicap tem como finalidade divulgar a reflex\u00e3o no campo da Teologia, com qualidade cient\u00edfica reconhecida, estando aberta ao di\u00e1logo ecum\u00eanico e inter-religioso, bem como a outros campos do saber cient\u00edfico. Nossa miss\u00e3o \u00e9 ser um espa\u00e7o de reflex\u00e3o teol\u00f3gica atual a partir de\u2026","rel":"","context":"Em &quot;Publica\u00e7\u00f5es&quot;","img":{"alt_text":"","src":"https:\/\/i0.wp.com\/www1.unicap.br\/estudosreligiao\/wp-content\/uploads\/2018\/09\/d1637baf-f03c-42f2-8096-2d00bec27e03-e1537988583943.jpg?fit=729%2C366&ssl=1&resize=350%2C200","width":350,"height":200},"classes":[]},{"id":1362,"url":"https:\/\/www1.unicap.br\/estudosreligiao\/catolica-sediara-congresso-internacional-sobre-os-500-anos-da-reforma-protestante\/","url_meta":{"origin":2298,"position":4},"title":"Cat\u00f3lica sediar\u00e1 Congresso Internacional sobre os 500 anos da Reforma Protestante","date":"31 de outubro de 2017","format":false,"excerpt":"Os 500 anos da reforma protestante, que ser\u00e3o celebrados nesta ter\u00e7a-feira (31) em todo o mundo, v\u00e3o ser lembrados tamb\u00e9m na Universidade Cat\u00f3lica de Pernambuco com a realiza\u00e7\u00e3o de um congresso internacional nos dias 8, 9 e 10 de novembro.\u00a0 Com o tema \u201cA heran\u00e7a da reforma: ler e reler\u2026","rel":"","context":"Em &quot;Eventos&quot;","img":{"alt_text":"","src":"https:\/\/i0.wp.com\/www1.unicap.br\/estudosreligiao\/wp-content\/uploads\/2017\/09\/Marca-2-em-03-06-2016-e1506358469317.jpg?fit=510%2C261&ssl=1&resize=350%2C200","width":350,"height":200},"classes":[]},{"id":1436,"url":"https:\/\/www1.unicap.br\/estudosreligiao\/reitor-e-pro-reitor-comunitario-participaram-de-simposio-internacional-laudato-si-na-costa-rica\/","url_meta":{"origin":2298,"position":5},"title":"Reitor e Pr\u00f3-Reitor Comunit\u00e1rio participaram de Simp\u00f3sio Internacional Laudato Si na Costa Rica","date":"4 de dezembro de 2017","format":false,"excerpt":"O Reitor da Universidade Cat\u00f3lica de Pernambuco, Padre Pedro Rubens, e o Pr\u00f3-reitor Comunit\u00e1rio, Padre L\u00facio Fl\u00e1vio Ribeiro Cirne, est\u00e3o na Costa Rica participando do Simp\u00f3sio Internacional Laudato Si, que aborda o tema \u201cO Cuidado com a Casa Comum, uma conversa\u00e7\u00e3o necess\u00e1ria para a Ecologia Humana\u201d. O evento,\u00a0que teve in\u00edcio\u2026","rel":"","context":"Em &quot;Eventos&quot;","img":{"alt_text":"","src":"https:\/\/i0.wp.com\/www1.unicap.br\/estudosreligiao\/wp-content\/uploads\/2017\/12\/WhatsApp-Image-2017-11-30-at-17.27.04-768x512-e1512416737238.jpeg?fit=768%2C399&ssl=1&resize=350%2C200","width":350,"height":200},"classes":[]}],"_links":{"self":[{"href":"https:\/\/www1.unicap.br\/estudosreligiao\/wp-json\/wp\/v2\/posts\/2298"}],"collection":[{"href":"https:\/\/www1.unicap.br\/estudosreligiao\/wp-json\/wp\/v2\/posts"}],"about":[{"href":"https:\/\/www1.unicap.br\/estudosreligiao\/wp-json\/wp\/v2\/types\/post"}],"author":[{"embeddable":true,"href":"https:\/\/www1.unicap.br\/estudosreligiao\/wp-json\/wp\/v2\/users\/3"}],"replies":[{"embeddable":true,"href":"https:\/\/www1.unicap.br\/estudosreligiao\/wp-json\/wp\/v2\/comments?post=2298"}],"version-history":[{"count":1,"href":"https:\/\/www1.unicap.br\/estudosreligiao\/wp-json\/wp\/v2\/posts\/2298\/revisions"}],"predecessor-version":[{"id":2300,"href":"https:\/\/www1.unicap.br\/estudosreligiao\/wp-json\/wp\/v2\/posts\/2298\/revisions\/2300"}],"wp:featuredmedia":[{"embeddable":true,"href":"https:\/\/www1.unicap.br\/estudosreligiao\/wp-json\/wp\/v2\/media\/2299"}],"wp:attachment":[{"href":"https:\/\/www1.unicap.br\/estudosreligiao\/wp-json\/wp\/v2\/media?parent=2298"}],"wp:term":[{"taxonomy":"category","embeddable":true,"href":"https:\/\/www1.unicap.br\/estudosreligiao\/wp-json\/wp\/v2\/categories?post=2298"},{"taxonomy":"post_tag","embeddable":true,"href":"https:\/\/www1.unicap.br\/estudosreligiao\/wp-json\/wp\/v2\/tags?post=2298"}],"curies":[{"name":"wp","href":"https:\/\/api.w.org\/{rel}","templated":true}]}}