{"id":2146,"date":"2019-04-16T13:05:23","date_gmt":"2019-04-16T13:05:23","guid":{"rendered":"https:\/\/www1.unicap.br\/estudosreligiao\/?p=2146"},"modified":"2019-04-16T13:05:58","modified_gmt":"2019-04-16T13:05:58","slug":"racismo-e-colonizacao-portuguesa-com-ana-barradas","status":"publish","type":"post","link":"https:\/\/www1.unicap.br\/estudosreligiao\/racismo-e-colonizacao-portuguesa-com-ana-barradas\/","title":{"rendered":"Racismo e coloniza\u00e7\u00e3o Portuguesa com Ana Barradas"},"content":{"rendered":"<p><img data-recalc-dims=\"1\" loading=\"lazy\" decoding=\"async\" data-attachment-id=\"2147\" data-permalink=\"https:\/\/www1.unicap.br\/estudosreligiao\/racismo-e-colonizacao-portuguesa-com-ana-barradas\/whatsapp-image-2019-04-15-at-09-54-47\/\" data-orig-file=\"https:\/\/i0.wp.com\/www1.unicap.br\/estudosreligiao\/wp-content\/uploads\/2019\/04\/WhatsApp-Image-2019-04-15-at-09.54.47-e1555419785345.jpeg?fit=1280%2C659&amp;ssl=1\" data-orig-size=\"1280,659\" data-comments-opened=\"1\" data-image-meta=\"{&quot;aperture&quot;:&quot;0&quot;,&quot;credit&quot;:&quot;&quot;,&quot;camera&quot;:&quot;&quot;,&quot;caption&quot;:&quot;&quot;,&quot;created_timestamp&quot;:&quot;0&quot;,&quot;copyright&quot;:&quot;&quot;,&quot;focal_length&quot;:&quot;0&quot;,&quot;iso&quot;:&quot;0&quot;,&quot;shutter_speed&quot;:&quot;0&quot;,&quot;title&quot;:&quot;&quot;,&quot;orientation&quot;:&quot;0&quot;}\" data-image-title=\"WhatsApp Image 2019-04-15 at 09.54.47\" data-image-description=\"\" data-image-caption=\"\" data-medium-file=\"https:\/\/i0.wp.com\/www1.unicap.br\/estudosreligiao\/wp-content\/uploads\/2019\/04\/WhatsApp-Image-2019-04-15-at-09.54.47-e1555419785345.jpeg?fit=300%2C154&amp;ssl=1\" data-large-file=\"https:\/\/i0.wp.com\/www1.unicap.br\/estudosreligiao\/wp-content\/uploads\/2019\/04\/WhatsApp-Image-2019-04-15-at-09.54.47-e1555419785345.jpeg?fit=1024%2C527&amp;ssl=1\" class=\"alignnone wp-image-2147\" src=\"https:\/\/i0.wp.com\/www1.unicap.br\/estudosreligiao\/wp-content\/uploads\/2019\/04\/WhatsApp-Image-2019-04-15-at-09.54.47.jpeg?resize=800%2C619&#038;ssl=1\" alt=\"\" width=\"800\" height=\"619\" \/><\/p>\n<p><em>Racismo e coloniza\u00e7\u00e3o portuguesa<\/em> \u00e9 o tema da Palestra da escritora, jornalista e tradutora mo\u00e7ambicana Ana Barradas. O Evento ser\u00e1 realizado nesta ter\u00e7a-feira, 16 de abril de 2019, no Audit\u00f3rio D. Helder Camara, t\u00e9rreo do bloco A, da Universidade Cat\u00f3lica de Pernambuco e promovido pelo Centro Cultural Manoel Lisboa; ADUCAP; DA de Hist\u00f3ria; N\u00facleo de Estudos Afro-brasileiros e Ind\u00edgenas (NEABI); Grupo de Capoeira Chap\u00e9u de Couro, da Unicap; U\u00edla Mukaji &#8211; Sociedade de Mulheres Negras de Pernambuco; e, UEP C\u00e2ndido Pinto.<\/p>\n<p>Nascida em Mo\u00e7ambique, Ana Barradas, al\u00e9m de escritora, \u00e9 tradutora e jornalista. Foi redatora da revista <i>Pol\u00edtica Oper\u00e1ria\u00a0<\/i>e, atualmente, dirige a editora Ela por Ela. \u00c9 autora de v\u00e1rias obras, entre as quais <i>Ministros da Noite<\/i> &#8211; livro negro da expans\u00e3o portuguesa<i>, Dicion\u00e1rio Incompleto de Mulheres Rebeldes, O Imp\u00e9rio a Preto e Branco <\/i>e\u00a0<i>As Clandestinas<\/i>. Traduziu para a Ant\u00edgona diversos t\u00edtulos, nomeadamente de Jack London, George Orwell e Noam Chomsky.<\/p>\n<h2>Servi\u00e7o<\/h2>\n<p><strong>Palestra <\/strong><\/p>\n<p><em>Racismo e coloniza\u00e7\u00e3o portuguesa<\/em><\/p>\n<p><strong>Palestrante<\/strong><\/p>\n<p>Ana Barradas<\/p>\n<p><strong>Dia, hora e local<\/strong><\/p>\n<p>16 de abril de 2019, no Audit\u00f3rio D. Helder Camara, UNICAP<\/p>\n","protected":false},"excerpt":{"rendered":"<p>Racismo e coloniza\u00e7\u00e3o portuguesa \u00e9 o tema da Palestra da escritora, jornalista e tradutora mo\u00e7ambicana Ana Barradas. O Evento ser\u00e1 realizado nesta ter\u00e7a-feira, 16 de abril de 2019, no Audit\u00f3rio [&hellip;]<\/p>\n","protected":false},"author":3,"featured_media":2147,"comment_status":"open","ping_status":"open","sticky":true,"template":"","format":"standard","meta":{"spay_email":"","footnotes":"","jetpack_publicize_message":"","jetpack_is_tweetstorm":false,"jetpack_publicize_feature_enabled":true},"categories":[77],"tags":[323,322,81],"class_list":["post-2146","post","type-post","status-publish","format-standard","has-post-thumbnail","hentry","category-palestra","tag-colonizacao","tag-escravidao","tag-mulher"],"jetpack_featured_media_url":"https:\/\/i0.wp.com\/www1.unicap.br\/estudosreligiao\/wp-content\/uploads\/2019\/04\/WhatsApp-Image-2019-04-15-at-09.54.47-e1555419785345.jpeg?fit=1280%2C659&ssl=1","jetpack_publicize_connections":[],"jetpack_shortlink":"https:\/\/wp.me\/p7qXzA-yC","jetpack-related-posts":[{"id":2203,"url":"https:\/\/www1.unicap.br\/estudosreligiao\/educacao-popular-e-discutida-em-seminario-na-unicap\/","url_meta":{"origin":2146,"position":0},"title":"Educa\u00e7\u00e3o Popular \u00e9 discutida em semin\u00e1rio na Unicap","date":"7 de maio de 2019","format":false,"excerpt":"\u00a0 O Semin\u00e1rio \"Atualidade da Educa\u00e7\u00e3o Popular e os Novos Desafios\" acontecer\u00e1 nos dias 10 e 11 de maio,\u00a0 na Universidade Cat\u00f3lica de Pernambuco (Unicap). No dia 10, a partir das 19h, no audit\u00f3rio Dom Helder Camara,\u00a0 t\u00e9rreo do bloco \"A\", acontecer\u00e1 a palestra de abertura do evento, com a\u2026","rel":"","context":"Em &quot;Semin\u00e1rio&quot;","img":{"alt_text":"","src":"https:\/\/i0.wp.com\/www1.unicap.br\/estudosreligiao\/wp-content\/uploads\/2019\/05\/educacao_popular_seminario_slide-e1557154463249.jpg?fit=960%2C463&ssl=1&resize=350%2C200","width":350,"height":200},"classes":[]},{"id":1254,"url":"https:\/\/www1.unicap.br\/estudosreligiao\/a-historia-da-traducao-da-biblia-para-o-portugues-marca-abertura-da-semana-de-estudos-biblicos\/","url_meta":{"origin":2146,"position":1},"title":"A hist\u00f3ria da tradu\u00e7\u00e3o da B\u00edblia para o portugu\u00eas marca abertura da Semana de Estudos B\u00edblicos","date":"6 de setembro de 2017","format":false,"excerpt":"Os desafios da tradu\u00e7\u00e3o da B\u00edblia e o hist\u00f3rico das edi\u00e7\u00f5es nacionais do livro sagrado marcaram a abertura da Semana de Estudos B\u00edblicos na tarde desta segunda-feira (4), no audit\u00f3rio Dom Helder Camara. O evento, que tem programa\u00e7\u00e3o at\u00e9 esta quarta-feira (6), \u00e9 promovido pelo mestrado e pela gradua\u00e7\u00e3o em\u2026","rel":"","context":"Em &quot;Publica\u00e7\u00f5es&quot;","img":{"alt_text":"","src":"https:\/\/i0.wp.com\/www1.unicap.br\/estudosreligiao\/wp-content\/uploads\/2017\/09\/IMG_6584-e1504567988164-768x576-e1504726767707.jpg?fit=768%2C384&ssl=1&resize=350%2C200","width":350,"height":200},"classes":[]},{"id":2171,"url":"https:\/\/www1.unicap.br\/estudosreligiao\/o-sagrado-e-o-dialogo-com-o-filosofo-da-religiao-e-do-imaginario-jean-jacques-wunenburger\/","url_meta":{"origin":2146,"position":2},"title":"O sagrado e o di\u00e1logo com o filosofo da religi\u00e3o e do imagin\u00e1rio Jean-Jacques Wunenburger","date":"22 de abril de 2019","format":false,"excerpt":"Nesta ter\u00e7a, 23 de abril, \u00e0s 17h, sala 5, t\u00e9rreo do bloco G4 da UNICAP, ser\u00e1 realizada a Confer\u00eancia O sagrado e o di\u00e1logo, com o professor de filosofia Jean-Jacques Wunenburger.\u00a0 Quem \u00e9 Wunenburger Wunenburger \u00e9 professor de filosofia na Universidade de Jean Moulin, Lyon 3, Fran\u00e7a, onde tamb\u00e9m \u00e9\u2026","rel":"","context":"Em &quot;Agenda&quot;","img":{"alt_text":"","src":"https:\/\/i0.wp.com\/www1.unicap.br\/estudosreligiao\/wp-content\/uploads\/2019\/04\/1-Wunenburger_Poster-e1555954451304.png?fit=1000%2C515&ssl=1&resize=350%2C200","width":350,"height":200},"classes":[]},{"id":1529,"url":"https:\/\/www1.unicap.br\/estudosreligiao\/1529\/","url_meta":{"origin":2146,"position":3},"title":"Pesquisa de alto padr\u00e3o em Pernambuco \u00e9 poss\u00edvel?","date":"27 de fevereiro de 2018","format":false,"excerpt":"A Pr\u00f3-reitoria de Pesquisa e P\u00f3s-gradua\u00e7\u00e3o iniciar\u00e1 as aulas nesse primeiro semestre de 2018 com a Palestra Pesquisa de alto padr\u00e3o em Pernambuco. Sim! \u00c9 poss\u00edvel. Ser\u00e1 realizada pelo pesquisador Jos\u00e9 Luiz de Lima Filho. PhD em Microbiologia e Bioqu\u00edmica; diretor do Laborat\u00f3rio de Imunopatologia Keizo Asami - LIKA\/UFPE. A\u2026","rel":"","context":"Em &quot;Convite&quot;","img":{"alt_text":"","src":"https:\/\/i0.wp.com\/www1.unicap.br\/estudosreligiao\/wp-content\/uploads\/2018\/02\/4af7732b-86d1-4c8d-8c44-24d76f5335e1-e1519760154338.jpg?fit=800%2C400&ssl=1&resize=350%2C200","width":350,"height":200},"classes":[]},{"id":1369,"url":"https:\/\/www1.unicap.br\/estudosreligiao\/10a-semana-da-consciencia-negra-da-unicap-7-a-10-de-novembro\/","url_meta":{"origin":2146,"position":4},"title":"10\u00aa Semana da Consci\u00eancia Negra da Unicap &#8211; 7 a 10 de novembro","date":"3 de novembro de 2017","format":false,"excerpt":"A resist\u00eancia da juventude negra frente ao genoc\u00eddio \u2013 o racismo apaga a gente reescreve\u00a0\u00e9\u00a0 tema da 10\u00aa Semana da Consci\u00eancia Negra da Unicap, que ser\u00e1 promovida pelo N\u00facleo de Estudos Afro-brasileiros e Ind\u00edgenas (Neabi) e pelo Instituto Humanitas Unicap,\u00a0 de 7 a 10 de novembro. As inscri\u00e7\u00f5es est\u00e3o sendo\u2026","rel":"","context":"Em &quot;Eventos&quot;","img":{"alt_text":"","src":"https:\/\/i0.wp.com\/www1.unicap.br\/estudosreligiao\/wp-content\/uploads\/2017\/11\/22687684_1147663038701342_5439664629801186167_n-e1509735821737.jpg?fit=679%2C340&ssl=1&resize=350%2C200","width":350,"height":200},"classes":[]},{"id":2124,"url":"https:\/\/www1.unicap.br\/estudosreligiao\/professor-saulo-feitosa-realiza-palestra-sobre-o-bem-viver-dos-povos-amerindios-na-unicap\/","url_meta":{"origin":2146,"position":5},"title":"Professor Saulo Feitosa realiza palestra na Unicap sobre o bem viver dos povos amer\u00edndios","date":"19 de mar\u00e7o de 2019","format":false,"excerpt":"O campo religioso, em suas m\u00faltiplas interfaces com a cultura e a sociedade, apresenta-se como uma rica e complexa manifesta\u00e7\u00e3o de fen\u00f4menos religiosos no Brasil. M\u00faltiplos deslocamentos em espa\u00e7os de tempo cada vez mais r\u00e1pidos v\u00e3o se configurando na atualidade. Um estudo cr\u00edtico e sistem\u00e1tico das novas configura\u00e7\u00f5es e performances,\u2026","rel":"","context":"Em &quot;Palestra&quot;","img":{"alt_text":"","src":"https:\/\/i0.wp.com\/www1.unicap.br\/estudosreligiao\/wp-content\/uploads\/2019\/03\/O-bem-viver-dos-povos-amer\u00edndios-e1552996264844.jpeg?fit=800%2C384&ssl=1&resize=350%2C200","width":350,"height":200},"classes":[]}],"_links":{"self":[{"href":"https:\/\/www1.unicap.br\/estudosreligiao\/wp-json\/wp\/v2\/posts\/2146"}],"collection":[{"href":"https:\/\/www1.unicap.br\/estudosreligiao\/wp-json\/wp\/v2\/posts"}],"about":[{"href":"https:\/\/www1.unicap.br\/estudosreligiao\/wp-json\/wp\/v2\/types\/post"}],"author":[{"embeddable":true,"href":"https:\/\/www1.unicap.br\/estudosreligiao\/wp-json\/wp\/v2\/users\/3"}],"replies":[{"embeddable":true,"href":"https:\/\/www1.unicap.br\/estudosreligiao\/wp-json\/wp\/v2\/comments?post=2146"}],"version-history":[{"count":2,"href":"https:\/\/www1.unicap.br\/estudosreligiao\/wp-json\/wp\/v2\/posts\/2146\/revisions"}],"predecessor-version":[{"id":2149,"href":"https:\/\/www1.unicap.br\/estudosreligiao\/wp-json\/wp\/v2\/posts\/2146\/revisions\/2149"}],"wp:featuredmedia":[{"embeddable":true,"href":"https:\/\/www1.unicap.br\/estudosreligiao\/wp-json\/wp\/v2\/media\/2147"}],"wp:attachment":[{"href":"https:\/\/www1.unicap.br\/estudosreligiao\/wp-json\/wp\/v2\/media?parent=2146"}],"wp:term":[{"taxonomy":"category","embeddable":true,"href":"https:\/\/www1.unicap.br\/estudosreligiao\/wp-json\/wp\/v2\/categories?post=2146"},{"taxonomy":"post_tag","embeddable":true,"href":"https:\/\/www1.unicap.br\/estudosreligiao\/wp-json\/wp\/v2\/tags?post=2146"}],"curies":[{"name":"wp","href":"https:\/\/api.w.org\/{rel}","templated":true}]}}