{"id":2043,"date":"2018-12-11T18:22:47","date_gmt":"2018-12-11T18:22:47","guid":{"rendered":"https:\/\/www1.unicap.br\/estudosreligiao\/?p=2043"},"modified":"2018-12-14T12:22:11","modified_gmt":"2018-12-14T12:22:11","slug":"ihu-lanca-e-book-em-comemoracao-aos-70-anos-da-declaracao-universal-dos-direitos-humanos","status":"publish","type":"post","link":"https:\/\/www1.unicap.br\/estudosreligiao\/ihu-lanca-e-book-em-comemoracao-aos-70-anos-da-declaracao-universal-dos-direitos-humanos\/","title":{"rendered":"IHU lan\u00e7a e-book em comemora\u00e7\u00e3o aos 70 anos da Declara\u00e7\u00e3o Universal dos Direitos Humanos"},"content":{"rendered":"<div class=\"entry-thumb\"><img loading=\"lazy\" decoding=\"async\" class=\"attachment-full size-full wp-post-image\" src=\"https:\/\/i1.wp.com\/www.unicap.br\/assecom1\/wp-content\/uploads\/2018\/12\/70_anos_capa.jpg?fit=595%2C842\" sizes=\"(max-width: 595px) 100vw, 595px\" srcset=\"https:\/\/i1.wp.com\/www.unicap.br\/assecom1\/wp-content\/uploads\/2018\/12\/70_anos_capa.jpg?w=595 595w, https:\/\/i1.wp.com\/www.unicap.br\/assecom1\/wp-content\/uploads\/2018\/12\/70_anos_capa.jpg?resize=212%2C300 212w\" alt=\"\" width=\"595\" height=\"842\" data-attachment-id=\"83894\" data-permalink=\"http:\/\/www.unicap.br\/assecom1\/ihu-lanca-e-book-em-comemoracao-aos-70-anos-da-declaracao-universal-dos-direitos-humanos\/70_anos_capa\/\" data-orig-file=\"https:\/\/i1.wp.com\/www.unicap.br\/assecom1\/wp-content\/uploads\/2018\/12\/70_anos_capa.jpg?fit=595%2C842\" data-orig-size=\"595,842\" data-comments-opened=\"1\" data-image-meta=\"{&quot;aperture&quot;:&quot;0&quot;,&quot;credit&quot;:&quot;&quot;,&quot;camera&quot;:&quot;&quot;,&quot;caption&quot;:&quot;&quot;,&quot;created_timestamp&quot;:&quot;0&quot;,&quot;copyright&quot;:&quot;&quot;,&quot;focal_length&quot;:&quot;0&quot;,&quot;iso&quot;:&quot;0&quot;,&quot;shutter_speed&quot;:&quot;0&quot;,&quot;title&quot;:&quot;&quot;,&quot;orientation&quot;:&quot;0&quot;}\" data-image-title=\"70_anos_capa\" data-image-description=\"\" data-medium-file=\"https:\/\/i1.wp.com\/www.unicap.br\/assecom1\/wp-content\/uploads\/2018\/12\/70_anos_capa.jpg?fit=212%2C300\" data-large-file=\"https:\/\/i1.wp.com\/www.unicap.br\/assecom1\/wp-content\/uploads\/2018\/12\/70_anos_capa.jpg?fit=595%2C842\" \/><\/div>\n<div class=\"entry-content\">\n<p>O Instituto Humanitas Unicap est\u00e1 lan\u00e7ando o e-book\u00a0<em>70 anos da Declara\u00e7\u00e3o Universal de Direitos Humanos: As Diversas Faces dos Direitos Humanos<\/em>. S\u00e3o 23 textos de 37 autores que exploram v\u00e1rios aspectos ligados ao tema. A produ\u00e7\u00e3o traz investiga\u00e7\u00f5es, discuss\u00f5es e a\u00e7\u00f5es pr\u00e1ticas de professores, estudantes e ativistas dos Direitos Humanos que acreditam que\u00a0<em>Um Novo Mundo \u00e9 Poss\u00edvel<\/em>. \u201cEste \u00e9 o lema do F\u00f3rum Social Mundial, que tem como base a resist\u00eancia hist\u00f3rica dos povos contra todo o g\u00eanero de opress\u00e3o em todos os tempos\u201d, diz um trecho da apresenta\u00e7\u00e3o da obra reproduzida na \u00edntegra abaixo.<\/p>\n<h3><strong>70 ano da Declara\u00e7\u00e3o Universal dos Direitos Humanos &#8211; Apresenta\u00e7\u00e3o<\/strong><\/h3>\n<p>A Declara\u00e7\u00e3o Universal de Direitos Humanos \u2013 DUDH, no dia 10 de dezembro de 2018, completa 70 Anos. Considerada um dos acordos internacionais mais importante para o mundo, \u00e9<em>\u00a0s\u00edmbolo<\/em>\u00a0do ide\u00e1rio de que todos os seres humanos nascem livres e iguais em dignidade. Durante essas sete d\u00e9cadas, muitos avan\u00e7os foram realizados em n\u00edvel legislativo e institucional, no entanto os desafios continuam se apresentando em rela\u00e7\u00e3o \u00e0 humanidade.<\/p>\n<p>A Organiza\u00e7\u00e3o das Na\u00e7\u00f5es Unidas \u2013 ONU (2017) \u2013 alerta que ap\u00f3s um decl\u00ednio constante\u00a0<a href=\"http:\/\/www.fao.org\/brasil\/noticias\/detail-events\/pt\/c\/1037611\/\">por mais de uma d\u00e9cada<\/a>, a fome no mundo est\u00e1 novamente em ascens\u00e3o e, em 2016, afetou 815 milh\u00f5es de pessoas, o que corresponde a 11% da popula\u00e7\u00e3o global. O n\u00famero de pessoas for\u00e7adas a se deslocar aumentou em 2,9 milh\u00f5es em 2017, em rela\u00e7\u00e3o ao ano anterior. Foram quase 69 milh\u00f5es de refugiados, sendo que mais da metade deles (52%) s\u00e3o menores de idade. Para o Fundo das Na\u00e7\u00f5es Unidas para a Inf\u00e2ncia (<a href=\"https:\/\/www.unicef.org\/brazil\/pt\/media_35827.html\">UNICEF<\/a>), 22 milh\u00f5es de crian\u00e7as passam fome no nordeste da Nig\u00e9ria, Som\u00e1lia, Sud\u00e3o do Sul e I\u00eamen. Aproximadamente 1,4 milh\u00e3o est\u00e3o em risco de morte iminente, devido \u00e0 desnutri\u00e7\u00e3o aguda. Essa realidade faz do dia internacional dos direitos humanos, mais do que uma data comemorativa, um momento de reflex\u00e3o pol\u00edtica sobre os desrespeitos \u00e0s conquistas de direitos.<\/p>\n<p>Nessa perspectiva, o Instituto Humanitas Unicap \u2013 IHU \u2013 tem a satisfa\u00e7\u00e3o de apresentar esta produ\u00e7\u00e3o, em formato digital, sobre\u00a0<strong><em>70 anos da Declara\u00e7\u00e3o Universal de Direitos Humanos: As Diversas Faces dos Direitos Humanos<\/em><\/strong>. Em cada texto h\u00e1 uma dedica\u00e7\u00e3o de horas de investiga\u00e7\u00e3o, discuss\u00e3o e de a\u00e7\u00f5es pr\u00e1ticas de professores, estudantes e ativistas de direitos humanos, com o compromisso de lutar por efetiva\u00e7\u00e3o de direitos, acreditando na constru\u00e7\u00e3o de\u00a0<strong><em>um novo mundo \u00e9 poss\u00edvel<\/em><\/strong><em>,\u00a0<\/em>lema do F\u00f3rum Social Mundial, que tem como base a resist\u00eancia hist\u00f3rica dos povos contra todo o g\u00eanero de opress\u00e3o em todos os tempos.<\/p>\n<p>Foram recebidos vinte e tr\u00eas textos sobre as diversas faces dos direitos humanos, temas como: imigra\u00e7\u00e3o, degrada\u00e7\u00e3o ambiental, redu\u00e7\u00e3o \u00e0 condi\u00e7\u00e3o an\u00e1loga a de escravo, criminaliza\u00e7\u00e3o juvenil, democracia, pol\u00edtica de direitos humanos, fetos invi\u00e1veis, direito \u00e0 alimenta\u00e7\u00e3o, escravid\u00e3o, trabalhadores negros, juventude negra, popula\u00e7\u00e3o LGBT, conflito de terra, quest\u00e3o ind\u00edgena, defensores de direitos humanos, desobedi\u00eancia civil e pol\u00edticas p\u00fablicas.<\/p>\n<p>Um agradecimento especial aos 37 autores que contribu\u00edram para a reflex\u00e3o, Aline Marques Marinho, Andr\u00e9 Soares da Silva, Andrea Almeida Campos, Artemis Cardoso Holmes, Arthur Prado, B\u00e1rbara de Brito Barros, B\u00e1rbara Virg\u00ednia Pereira Cavalcanti, Byanca Figueiroa, Carlos Jair de Oliveira Jardim, Cl\u00e1udson Manuel Lopes de Carvalho, \u00c9rica Babini Lapa do Amaral Machado, F\u00e1bio Jos\u00e9 de Ara\u00fajo Pedrosa, Flora Oliveira da Costa, Jo\u00e3o Paulo do Vale Medeiros, Jos\u00e9 Pl\u00e1cido da Silva Junior, Julianna Ramalho Fonseca, Helder Remigio de Amorim, Luis Emmanuel Barbosa da Cunha, Maria Ad\u00e9lia Gomes Correia de Melo, Jo\u00e3o Elton de Jesus, Jo\u00e3o Victor Medeiros Martins, Maria Eduarda Matos de Paffer, Manoel Uch\u00f4a, Marilia Montenegro Pessoa de Mello, Maria Cristina Lopes de Almeida Amazonas, Neon Bruno Doering Morais<strong>,<\/strong>\u00a0Paulo Victor Goes e S\u00e1, Rafael Lopes de Andrade, Renata Costa C\u00e9zar de Albuquerque, Rosa Maria Freitas do Nascimento, Rog\u00e9ria Gladys Sales Guerra, Silvana Albuquerque, Tania Fernanda, Vald\u00eania Brito Monteiro, Valdenice Jos\u00e9 Raimundo, Vanessa Alexsandra de Melo Pedroso e Wanderson dos Santos Albuquerque.<\/p>\n<p>Por fim, seguindo os ensinamentos de Dom Helder Camara, que sempre refor\u00e7ou: \u201c\u00c9 gra\u00e7a divina come\u00e7ar bem. Gra\u00e7a maior \u00e9 persistir na caminhada certa. Mas gra\u00e7a das gra\u00e7as \u00e9 n\u00e3o desistir nunca\u201d, \u00e9 o que deve mover os que acreditam na luta di\u00e1ria pela solidariedade e paz no mundo, efetivando as garantias expressas na Declara\u00e7\u00e3o.<\/p>\n<p><strong>\u00a0<\/strong><strong>Boa Leitura!<\/strong><\/p>\n<p>L\u00facio Fl\u00e1vio Ribeiro Cirne<\/p>\n<p>Maria do Rozario Cl\u00e1udio<\/p>\n<p>Vald\u00eania Brito Monteiro<\/p>\n<p><span class=\"byline\">Publicado originalmente por\u00a0<span class=\"author vcard\"><a class=\"url fn n\" href=\"http:\/\/www.unicap.br\/assecom1\/author\/daniel\/\">Daniel Fran\u00e7a,<\/a>\u00a0ASSECOM UNICAP.<\/span><\/span><\/p>\n<\/div>\n","protected":false},"excerpt":{"rendered":"<p>O Instituto Humanitas Unicap est\u00e1 lan\u00e7ando o e-book\u00a070 anos da Declara\u00e7\u00e3o Universal de Direitos Humanos: As Diversas Faces dos Direitos Humanos. S\u00e3o 23 textos de 37 autores que exploram v\u00e1rios [&hellip;]<\/p>\n","protected":false},"author":3,"featured_media":2044,"comment_status":"open","ping_status":"open","sticky":false,"template":"","format":"standard","meta":{"spay_email":"","footnotes":"","jetpack_publicize_message":"","jetpack_is_tweetstorm":false,"jetpack_publicize_feature_enabled":true},"categories":[278],"tags":[305,38,308,309,307],"class_list":["post-2043","post","type-post","status-publish","format-standard","has-post-thumbnail","hentry","category-lancamento","tag-declaracao-universal-dos-direitos-humanos","tag-direitos-humanos","tag-ihu","tag-onu","tag-unicef"],"jetpack_featured_media_url":"https:\/\/i0.wp.com\/www1.unicap.br\/estudosreligiao\/wp-content\/uploads\/2018\/12\/70_anos_capa-e1544466074879.jpg?fit=595%2C298&ssl=1","jetpack_publicize_connections":[],"jetpack_shortlink":"https:\/\/wp.me\/p7qXzA-wX","jetpack-related-posts":[{"id":2025,"url":"https:\/\/www1.unicap.br\/estudosreligiao\/10-de-dezembro-e-dia-dos-direitos-humanos\/","url_meta":{"origin":2043,"position":0},"title":"10 de dezembro: dia dos Direitos Humanos","date":"10 de dezembro de 2018","format":false,"excerpt":"10 de dezembro \u00e9 dia dos direitos humanos, \u00e9 dia de manifestar essa conquista hist\u00f3rica frente ao fascismo crescente por a\u00ed! \u00c9 bom tamb\u00e9m aproveitar pra discutir sobre o lugar das religiosidades no espa\u00e7o p\u00fablico, que inclui o aprofundamento do conceito de laicidade e o equacionamento da rela\u00e7\u00e3o entre liberdade\u2026","rel":"","context":"Em &quot;Promo\u00e7\u00e3o da Justi\u00e7a&quot;","img":{"alt_text":"","src":"https:\/\/i0.wp.com\/www1.unicap.br\/estudosreligiao\/wp-content\/uploads\/2018\/12\/Dia-dos-Direitos-Humanos-e1544453122888.png?fit=1200%2C603&ssl=1&resize=350%2C200","width":350,"height":200},"classes":[]},{"id":2030,"url":"https:\/\/www1.unicap.br\/estudosreligiao\/caritas-brasileira-e-ihu-inauguram-casa-de-direitos-para-atender-migrantes-e-refugiados-no-recife\/","url_meta":{"origin":2043,"position":1},"title":"C\u00e1ritas e IHU inauguram Casa de Direitos para atender migrantes e refugiados no Recife","date":"10 de dezembro de 2018","format":false,"excerpt":"A C\u00e1ritas Brasileira Regional Nordeste 2, em parceria com C\u00e1ritas Su\u00ed\u00e7a, Departamento de Estado dos Estados Unidos (PRM) e o Instituto Humanitas Unicap (IHU), inaugura na\u00a0segunda-feira, dia 10 de dezembro, \u00e0s 9h, no Recife (PE), a\u00a0Casa de Direitos, espa\u00e7o voltado para dar apoio e favorecer a integra\u00e7\u00e3o de migrantes e\u2026","rel":"","context":"Em &quot;Promo\u00e7\u00e3o da Justi\u00e7a&quot;","img":{"alt_text":"Marcelo Camargo\/Agencia Brasil","src":"https:\/\/i0.wp.com\/www1.unicap.br\/estudosreligiao\/wp-content\/uploads\/2018\/12\/Refugiados-2-e1544463069490.jpg?fit=1200%2C600&ssl=1&resize=350%2C200","width":350,"height":200},"classes":[]},{"id":2203,"url":"https:\/\/www1.unicap.br\/estudosreligiao\/educacao-popular-e-discutida-em-seminario-na-unicap\/","url_meta":{"origin":2043,"position":2},"title":"Educa\u00e7\u00e3o Popular \u00e9 discutida em semin\u00e1rio na Unicap","date":"7 de maio de 2019","format":false,"excerpt":"\u00a0 O Semin\u00e1rio \"Atualidade da Educa\u00e7\u00e3o Popular e os Novos Desafios\" acontecer\u00e1 nos dias 10 e 11 de maio,\u00a0 na Universidade Cat\u00f3lica de Pernambuco (Unicap). No dia 10, a partir das 19h, no audit\u00f3rio Dom Helder Camara,\u00a0 t\u00e9rreo do bloco \"A\", acontecer\u00e1 a palestra de abertura do evento, com a\u2026","rel":"","context":"Em &quot;Semin\u00e1rio&quot;","img":{"alt_text":"","src":"https:\/\/i0.wp.com\/www1.unicap.br\/estudosreligiao\/wp-content\/uploads\/2019\/05\/educacao_popular_seminario_slide-e1557154463249.jpg?fit=960%2C463&ssl=1&resize=350%2C200","width":350,"height":200},"classes":[]},{"id":2579,"url":"https:\/\/www1.unicap.br\/estudosreligiao\/integrantes-do-observatorio-das-religioes-tem-projeto-selecionado-pela-red-latinoamericana-y-del-caribe-por-la-democracia\/","url_meta":{"origin":2043,"position":3},"title":"Integrantes do Observat\u00f3rio das Religi\u00f5es t\u00eam projeto selecionado pela Red Latinoamericana y del Caribe por la Democracia","date":"6 de abril de 2022","format":false,"excerpt":"H\u00e1 seis meses abriu um concurso continental para apoio financeiro e t\u00e9cnico a projetos de interven\u00e7\u00e3o educativa na promo\u00e7\u00e3o do respeito \u00e0 diversidade religiosa e \u00e0 liberdade de religi\u00e3o e cren\u00e7a ou convic\u00e7\u00e3o.\u00a0Pois, as nossas pesquisadoras Rayane Marinho e Rebeca Carvalho do Observat\u00f3rio Transdisciplinar das Religi\u00f5es no Recife e PPGCR\u2026","rel":"","context":"Em &quot;Extens\u00e3o&quot;","img":{"alt_text":"","src":"https:\/\/i0.wp.com\/www1.unicap.br\/estudosreligiao\/wp-content\/uploads\/2022\/04\/Rayane-e1649267951538.jpg?fit=576%2C288&ssl=1&resize=350%2C200","width":350,"height":200},"classes":[]},{"id":2112,"url":"https:\/\/www1.unicap.br\/estudosreligiao\/17a-semana-da-mulher-na-unicap-mulher-e-os-desafios-familiares\/","url_meta":{"origin":2043,"position":4},"title":"17\u00aa Semana da Mulher na Unicap: Mulher e os desafios familiares","date":"11 de mar\u00e7o de 2019","format":false,"excerpt":"Tema: Mulher e desafios familiares \u2013 um di\u00e1logo com as Pol\u00edticas P\u00fablicas 19 a 21 de mar\u00e7o de 2019 A XVII Semana da Mulher na Unicap, inspirada na Campanha da Fraternidade 2019, da CNBB, pretende aprofundar a discuss\u00e3o sobre as novas formas de organiza\u00e7\u00f5es familiares e a pol\u00edtica p\u00fablica de\u2026","rel":"","context":"Em &quot;Agenda&quot;","img":{"alt_text":"","src":"https:\/\/i0.wp.com\/www1.unicap.br\/estudosreligiao\/wp-content\/uploads\/2019\/03\/17_smu_slide-960x462-e1552333357602.jpg?fit=883%2C441&ssl=1&resize=350%2C200","width":350,"height":200},"classes":[]},{"id":1382,"url":"https:\/\/www1.unicap.br\/estudosreligiao\/pesquisador-frances-alain-thomasset-faz-palestra-sobre-etica-e-ecologia\/","url_meta":{"origin":2043,"position":5},"title":"Pesquisador franc\u00eas  Alain Thomasset faz palestra sobre \u00c9tica e Ecologia","date":"14 de novembro de 2017","format":false,"excerpt":"A Universidade Cat\u00f3lica de Pernambuco recebeu, na tarde desta segunda-feira (13), no audit\u00f3rio do Centro de Teologia e Ci\u00eancias Humanas (CTCH) o pesquisador franc\u00eas Alain Thomasset. O jesu\u00edta do\u00a0Centre S\u00e8vres\u00a0proferiu palestra intitulada\u00a0Paul Ricoeur no fundamento de uma \u00e9tica hermen\u00eautica e narrativa, enraizada em uma antologia da a\u00e7\u00e3o. \u201cPara Ricoeur, a\u2026","rel":"","context":"Em &quot;Eventos&quot;","img":{"alt_text":"","src":"https:\/\/i0.wp.com\/www1.unicap.br\/estudosreligiao\/wp-content\/uploads\/2017\/11\/IMG_7826-e1510615944730-768x576-e1510681626517.jpg?fit=768%2C389&ssl=1&resize=350%2C200","width":350,"height":200},"classes":[]}],"_links":{"self":[{"href":"https:\/\/www1.unicap.br\/estudosreligiao\/wp-json\/wp\/v2\/posts\/2043"}],"collection":[{"href":"https:\/\/www1.unicap.br\/estudosreligiao\/wp-json\/wp\/v2\/posts"}],"about":[{"href":"https:\/\/www1.unicap.br\/estudosreligiao\/wp-json\/wp\/v2\/types\/post"}],"author":[{"embeddable":true,"href":"https:\/\/www1.unicap.br\/estudosreligiao\/wp-json\/wp\/v2\/users\/3"}],"replies":[{"embeddable":true,"href":"https:\/\/www1.unicap.br\/estudosreligiao\/wp-json\/wp\/v2\/comments?post=2043"}],"version-history":[{"count":3,"href":"https:\/\/www1.unicap.br\/estudosreligiao\/wp-json\/wp\/v2\/posts\/2043\/revisions"}],"predecessor-version":[{"id":2047,"href":"https:\/\/www1.unicap.br\/estudosreligiao\/wp-json\/wp\/v2\/posts\/2043\/revisions\/2047"}],"wp:featuredmedia":[{"embeddable":true,"href":"https:\/\/www1.unicap.br\/estudosreligiao\/wp-json\/wp\/v2\/media\/2044"}],"wp:attachment":[{"href":"https:\/\/www1.unicap.br\/estudosreligiao\/wp-json\/wp\/v2\/media?parent=2043"}],"wp:term":[{"taxonomy":"category","embeddable":true,"href":"https:\/\/www1.unicap.br\/estudosreligiao\/wp-json\/wp\/v2\/categories?post=2043"},{"taxonomy":"post_tag","embeddable":true,"href":"https:\/\/www1.unicap.br\/estudosreligiao\/wp-json\/wp\/v2\/tags?post=2043"}],"curies":[{"name":"wp","href":"https:\/\/api.w.org\/{rel}","templated":true}]}}