{"id":1966,"date":"2018-11-25T14:31:15","date_gmt":"2018-11-25T14:31:15","guid":{"rendered":"https:\/\/www1.unicap.br\/estudosreligiao\/?p=1966"},"modified":"2018-11-28T12:58:16","modified_gmt":"2018-11-28T12:58:16","slug":"a-relacao-de-dom-helder-camara-com-as-artes","status":"publish","type":"post","link":"https:\/\/www1.unicap.br\/estudosreligiao\/a-relacao-de-dom-helder-camara-com-as-artes\/","title":{"rendered":"A rela\u00e7\u00e3o de Dom Helder Camara com as artes"},"content":{"rendered":"<p><img data-recalc-dims=\"1\" loading=\"lazy\" decoding=\"async\" data-attachment-id=\"1967\" data-permalink=\"https:\/\/www1.unicap.br\/estudosreligiao\/a-relacao-de-dom-helder-camara-com-as-artes\/capa-andar-as-voltas_recortado\/\" data-orig-file=\"https:\/\/i0.wp.com\/www1.unicap.br\/estudosreligiao\/wp-content\/uploads\/2018\/11\/Capa-Andar-as-voltas_recortado-e1542810952949.jpg?fit=798%2C399&amp;ssl=1\" data-orig-size=\"798,399\" data-comments-opened=\"1\" data-image-meta=\"{&quot;aperture&quot;:&quot;0&quot;,&quot;credit&quot;:&quot;&quot;,&quot;camera&quot;:&quot;&quot;,&quot;caption&quot;:&quot;&quot;,&quot;created_timestamp&quot;:&quot;0&quot;,&quot;copyright&quot;:&quot;&quot;,&quot;focal_length&quot;:&quot;0&quot;,&quot;iso&quot;:&quot;0&quot;,&quot;shutter_speed&quot;:&quot;0&quot;,&quot;title&quot;:&quot;&quot;,&quot;orientation&quot;:&quot;0&quot;}\" data-image-title=\"Capa Andar as voltas_recortado\" data-image-description=\"\" data-image-caption=\"\" data-medium-file=\"https:\/\/i0.wp.com\/www1.unicap.br\/estudosreligiao\/wp-content\/uploads\/2018\/11\/Capa-Andar-as-voltas_recortado-e1542810952949.jpg?fit=300%2C150&amp;ssl=1\" data-large-file=\"https:\/\/i0.wp.com\/www1.unicap.br\/estudosreligiao\/wp-content\/uploads\/2018\/11\/Capa-Andar-as-voltas_recortado-e1542810952949.jpg?fit=813%2C1024&amp;ssl=1\" class=\"alignnone size-full wp-image-1967\" src=\"https:\/\/i0.wp.com\/www1.unicap.br\/estudosreligiao\/wp-content\/uploads\/2018\/11\/Capa-Andar-as-voltas_recortado-e1542808582418.jpg?resize=800%2C1007&#038;ssl=1\" alt=\"\" width=\"800\" height=\"1007\" \/><\/p>\n<p>O que religi\u00e3o tem a ver com arte? E o que um santo tem a ver com cinema, teatro e r\u00e1dio, poesia, cantoria, sinfonia e carnaval? Venha descobrir, participando do lan\u00e7amento (bem art\u00edstico) de um livro sobre dimens\u00e3o inusitada da vida e obra do Dom&#8230;<\/p>\n<p>\u00c0 medida que v\u00e3o se tornando p\u00fablicos os escritos de Dom Helder, novas pesquisas revelam as m\u00faltiplas facetas desse rico manancial.\u00a0Um grupo de pesquisadores liderado pelo prof. Newton Cabral e pela doutoranda Lucy Pina Neta (organizadores da obra) revelam, de forma in\u00e9dita, como Dom Helder estabeleceu rela\u00e7\u00f5es com diversas manifesta\u00e7\u00f5es art\u00edsticas na Obra\u00a0&#8220;ANDAR \u00c0S VOLTAS COM O BELO \u00c9 ANDAR \u00c0S VOLTAS COM DEUS&#8221;:<br \/>\na rela\u00e7\u00e3o de Dom Helder Camara com as artes.<\/p>\n<p>E para que voc\u00ea possa come\u00e7ar a apreciar, de imediato, disponibilizamos o Sum\u00e1rio e o Pref\u00e1cio da obra, este assinado pelo professor dos Programas de Teologia e Ci\u00eancias da Religi\u00e3o da Unicap,\u00a0Gilbraz Arag\u00e3o.<\/p>\n<h3>Sum\u00e1rio<\/h3>\n<p>\u201cO ARTISTA TEM MEDIDA ESPECIAL PARA OS ARTISTAS\u201d (Pref\u00e1cio)<span class=\"text_exposed_show\"><br \/>\nGilbraz de Souza Arag\u00e3o<\/span><\/p>\n<div class=\"text_exposed_show\">\n<p>A ARTE E AS RELIGI\u00d5ES<br \/>\nC\u00e9sar Augusto Sartorelli<\/p>\n<p>HELDER PESSOA CAMARA: uma vida em permanente contato com as artes<br \/>\nLucy Pina Neta<br \/>\nWalter Valdevino do Amaral<\/p>\n<p>\u201cSE EU PERDER O CONTATO COM OS ARTISTAS, N\u00c3O SEREI MAIS EU\u201d: a marcante sensibilidade de Dom Helder<br \/>\nHelder Remigio de Amorim<br \/>\nElizabet Soares de Souza Remigio<\/p>\n<p>\u201cA CASA DO BISPO MARCANDO A PRESEN\u00c7A DE CRISTO NO MUNDO DA INTELIG\u00caNCIA E DA CULTURA\u201d: as noitadas no Solar de S\u00e3o Jos\u00e9 dos Manguinhos<br \/>\nNewton Darwin de Andrade Cabral<br \/>\nCarlos Andr\u00e9 Silva de Moura<\/p>\n<p>O M\u00cdSTICO POETA DOS POBRES E DA LIBERTA\u00c7\u00c3O<br \/>\nJo\u00e3o Luiz Correia J\u00fanior<\/p>\n<p>O CRONISTA DA CIDADE SONHADA<br \/>\nJos\u00e9 Afonso Chaves<\/p>\n<p>O DOM E O CINEMA: entre o pragmatismo e o sonho<br \/>\nAlexandre Figueir\u00f4a<\/p>\n<p>UM PROFETA ESCOLHIDO PELO TEATRO<br \/>\nCl\u00e1udio Bezerra<br \/>\nStella Maris Saldanha<\/p>\n<p>VARIADOS TONS DE UM DOM: a intimidade entre Dom Helder e a MPB<br \/>\nPercy Marques Batista<\/p>\n<p>VOZ DOS TAMBORES: a m\u00fasica da Missa dos Quilombos<br \/>\nSilv\u00e9rio Pessoa<br \/>\nP\u00e9ricles Andrade<br \/>\nCharlisson Silva de Andrade<\/p>\n<p>DOIS MUNDOS E UMA SINFONIA: o apogeu do artista Helder Camara<br \/>\nC\u00edcero Williams da Silva<\/p>\n<\/div>\n<h3><a href=\"https:\/\/www1.unicap.br\/estudosreligiao\/wp-content\/uploads\/2018\/11\/Andar-\u00e0s-voltas-com-o-belo_Sum\u00e1rio-e-Pref\u00e1cio.pdf\" target=\"_blank\" rel=\"noopener\">Continue lendo&#8230;<\/a><\/h3>\n<p>&nbsp;<\/p>\n","protected":false},"excerpt":{"rendered":"<p>O que religi\u00e3o tem a ver com arte? E o que um santo tem a ver com cinema, teatro e r\u00e1dio, poesia, cantoria, sinfonia e carnaval? Venha descobrir, participando do [&hellip;]<\/p>\n","protected":false},"author":3,"featured_media":1967,"comment_status":"open","ping_status":"open","sticky":false,"template":"","format":"standard","meta":{"spay_email":"","footnotes":"","jetpack_publicize_message":"","jetpack_is_tweetstorm":false,"jetpack_publicize_feature_enabled":true},"categories":[278],"tags":[83,300,176],"class_list":["post-1966","post","type-post","status-publish","format-standard","has-post-thumbnail","hentry","category-lancamento","tag-dom-helder","tag-manifestacoes-religiosas-e-artisticas","tag-religiao-e-arte"],"jetpack_featured_media_url":"https:\/\/i0.wp.com\/www1.unicap.br\/estudosreligiao\/wp-content\/uploads\/2018\/11\/Capa-Andar-as-voltas_recortado-e1542810952949.jpg?fit=798%2C399&ssl=1","jetpack_publicize_connections":[],"jetpack_shortlink":"https:\/\/wp.me\/p7qXzA-vI","jetpack-related-posts":[{"id":1610,"url":"https:\/\/www1.unicap.br\/estudosreligiao\/dom-helder-camara-e-a-sinfonia-dos-dois-mundos\/","url_meta":{"origin":1966,"position":0},"title":"Dom Helder Camara e a Sinfonia dos Dois Mundos","date":"27 de mar\u00e7o de 2018","format":false,"excerpt":"Ser\u00e1 realizada no dia 17 de abril de 2018, a defesa p\u00fablica de disserta\u00e7\u00e3o de mestrado do Programa de P\u00f3s-gradua\u00e7\u00e3o em Ci\u00eancias da Religi\u00e3o, de C\u00edcero Williams da Silva. O evento acontecer\u00e1 \u00e0s 14h30, no audit\u00f3rio que fica no terceiro andar do bloco G4. Sobre o estudo, a pesquisa teorizou\u2026","rel":"","context":"Em &quot;Defesa Disserta\u00e7\u00e3o&quot;","img":{"alt_text":"","src":"https:\/\/i0.wp.com\/www1.unicap.br\/estudosreligiao\/wp-content\/uploads\/2018\/03\/IMG_2690-e1522170744513.jpg?fit=1200%2C600&ssl=1&resize=350%2C200","width":350,"height":200},"classes":[]},{"id":2619,"url":"https:\/\/www1.unicap.br\/estudosreligiao\/helder-camara-quando-a-vida-se-faz-dom-por-eduardo-hoornaert\/","url_meta":{"origin":1966,"position":1},"title":"Helder Camara \u2013 Quando a Vida se Faz Dom, por Eduardo Hoornaert","date":"8 de abril de 2022","format":false,"excerpt":"Nada melhor que realizar um an\u00fancio desse: lan\u00e7amento em Recife, no pr\u00f3ximo domingo, 10 de abril, \u00e0s 10h da manh\u00e3, no Espa\u00e7o Dom Jos\u00e9 Lamartine, conhecido como Terra\u00e7o das Fronteiras, o livro Dom Helder Camara \u2013 Quando a Vida se Faz Dom, escrito por Eduardo Hoornaert. Editora reconhecida no mercado\u2026","rel":"","context":"Em &quot;Lan\u00e7amento&quot;","img":{"alt_text":"","src":"https:\/\/i0.wp.com\/www1.unicap.br\/estudosreligiao\/wp-content\/uploads\/2022\/04\/Lancamento-do-livro-Helder-Camara_quando-a-vida-se-faz-dom-e1649381481571.jpg?fit=399%2C200&ssl=1&resize=350%2C200","width":350,"height":200},"classes":[]},{"id":1152,"url":"https:\/\/www1.unicap.br\/estudosreligiao\/hoje-e-toda-terca-feira-grupo-de-estudos-a-poetica-do-dom\/","url_meta":{"origin":1966,"position":2},"title":"Hoje, e toda ter\u00e7a-feira, Grupo de Estudos a Po\u00e9tica do Dom","date":"8 de agosto de 2017","format":false,"excerpt":"Grupo de Estudos A Po\u00e9tica do Dom Hoje, e toda ter\u00e7a-feira, de agosto a novembro, das 18 \u00e0s 20h, na sala 504, 5\u00ba andar do bloco GIV da Unicap. Objetivo do Grupo \u00e9\u00a0apresentar estudos liter\u00e1rios e b\u00edblico-teol\u00f3gicos\u00a0da po\u00e9tica de Dom Helder, em prosa e em verso,\u00a0a partir da \u201cCole\u00e7\u00e3o Obras\u2026","rel":"","context":"Em &quot;Grupo Pesquisa&quot;","img":{"alt_text":"","src":"https:\/\/i0.wp.com\/www1.unicap.br\/estudosreligiao\/wp-content\/uploads\/2017\/08\/dom-helder.jpg?fit=600%2C300&ssl=1&resize=350%2C200","width":350,"height":200},"classes":[]},{"id":1399,"url":"https:\/\/www1.unicap.br\/estudosreligiao\/semeando-a-esperanca-de-uma-igreja-pobre-servidora-e-libertadora\/","url_meta":{"origin":1966,"position":3},"title":"Semeando a Esperan\u00e7a de uma Igreja Pobre, Servidora e Libertadora","date":"29 de novembro de 2017","format":false,"excerpt":"Uma compila\u00e7\u00e3o de 50 palestras das 13 Jornadas Teol\u00f3gicas de Dom Helder Camara resultou no livro\u00a0Semeando a Esperan\u00e7a de uma Igreja Pobre, Servidora e e Libertadora.\u00a0A obra vai ser lan\u00e7ada no pr\u00f3ximo dia 30 de novembro, \u00e0s 18h30, no audit\u00f3rio que leva o nome do Dom da Paz, no t\u00e9rreo\u2026","rel":"","context":"Em &quot;Publica\u00e7\u00f5es&quot;","img":{"alt_text":"","src":"https:\/\/i0.wp.com\/www1.unicap.br\/estudosreligiao\/wp-content\/uploads\/2017\/11\/DomHelderCamara__Wikimedia_Materialscientist-e1511289724352.jpg?fit=634%2C317&ssl=1&resize=350%2C200","width":350,"height":200},"classes":[]},{"id":1442,"url":"https:\/\/www1.unicap.br\/estudosreligiao\/livro-reune-textos-das-jornadas-teologicas-a-partir-do-legado-de-dom-helder-camara\/","url_meta":{"origin":1966,"position":4},"title":"Livro re\u00fane textos das Jornadas Teol\u00f3gicas a partir do legado de Dom Helder C\u00e2mara","date":"5 de dezembro de 2017","format":false,"excerpt":"Dom Helder, precursor da Igreja em sa\u00edda\u00a0foi o t\u00edtulo da mesa redonda que marcou o lan\u00e7amento do livro\u00a0Semeando a Esperan\u00e7a de uma Igreja Pobre, Servidora e Libertadora.\u00a0O debate foi mediado pelo professor do curso de Direito e integrante do Instituto Humanitas Unicap (IHU), Manoel Moraes, com a participa\u00e7\u00e3o do Frei\u2026","rel":"","context":"Em &quot;Publica\u00e7\u00f5es&quot;","img":{"alt_text":"","src":"https:\/\/i0.wp.com\/www1.unicap.br\/estudosreligiao\/wp-content\/uploads\/2017\/12\/Capa-livro-semeando-01-e1512493733838.jpg?fit=1188%2C629&ssl=1&resize=350%2C200","width":350,"height":200},"classes":[]},{"id":2105,"url":"https:\/\/www1.unicap.br\/estudosreligiao\/15-anos-ppgcr-novo-prazo-para-envio-de-trabalhos-e-novo-local\/","url_meta":{"origin":1966,"position":5},"title":"15 anos PPGCR: novo prazo para envio de trabalhos e novo local","date":"7 de mar\u00e7o de 2019","format":false,"excerpt":"15 ANOS DO PROGRAMA DE P\u00d3S-GRADUA\u00c7\u00c3O EM CI\u00caNCIAS DA RELIGI\u00c3O 1\u00ba ENCONTRO DE ESTUDANTES DO PROGRAMA DE P\u00d3S-GRADUA\u00c7\u00c3O EM CI\u00caNCIAS DA RELIGI\u00c3O (PPGCR) E DO PROGRAMA DE P\u00d3S-GRADUA\u00c7\u00c3O EM TEOLOGIA (PPGTEO) Com alegria, convidamos a todos para participar das atividades em comemora\u00e7\u00e3o pelos 15 anos do Programa de P\u00f3s-gradua\u00e7\u00e3o em\u2026","rel":"","context":"Em &quot;Celebra\u00e7\u00e3o&quot;","img":{"alt_text":"","src":"https:\/\/i0.wp.com\/www1.unicap.br\/estudosreligiao\/wp-content\/uploads\/2019\/02\/15-anos-do-Programa-de-P\u00f3s-Gradua\u00e7\u00e3o-em-Ci\u00eancias-e1549389109100.jpg?fit=1200%2C600&ssl=1&resize=350%2C200","width":350,"height":200},"classes":[]}],"_links":{"self":[{"href":"https:\/\/www1.unicap.br\/estudosreligiao\/wp-json\/wp\/v2\/posts\/1966"}],"collection":[{"href":"https:\/\/www1.unicap.br\/estudosreligiao\/wp-json\/wp\/v2\/posts"}],"about":[{"href":"https:\/\/www1.unicap.br\/estudosreligiao\/wp-json\/wp\/v2\/types\/post"}],"author":[{"embeddable":true,"href":"https:\/\/www1.unicap.br\/estudosreligiao\/wp-json\/wp\/v2\/users\/3"}],"replies":[{"embeddable":true,"href":"https:\/\/www1.unicap.br\/estudosreligiao\/wp-json\/wp\/v2\/comments?post=1966"}],"version-history":[{"count":5,"href":"https:\/\/www1.unicap.br\/estudosreligiao\/wp-json\/wp\/v2\/posts\/1966\/revisions"}],"predecessor-version":[{"id":1974,"href":"https:\/\/www1.unicap.br\/estudosreligiao\/wp-json\/wp\/v2\/posts\/1966\/revisions\/1974"}],"wp:featuredmedia":[{"embeddable":true,"href":"https:\/\/www1.unicap.br\/estudosreligiao\/wp-json\/wp\/v2\/media\/1967"}],"wp:attachment":[{"href":"https:\/\/www1.unicap.br\/estudosreligiao\/wp-json\/wp\/v2\/media?parent=1966"}],"wp:term":[{"taxonomy":"category","embeddable":true,"href":"https:\/\/www1.unicap.br\/estudosreligiao\/wp-json\/wp\/v2\/categories?post=1966"},{"taxonomy":"post_tag","embeddable":true,"href":"https:\/\/www1.unicap.br\/estudosreligiao\/wp-json\/wp\/v2\/tags?post=1966"}],"curies":[{"name":"wp","href":"https:\/\/api.w.org\/{rel}","templated":true}]}}