{"id":1304,"date":"2017-10-17T19:54:27","date_gmt":"2017-10-17T19:54:27","guid":{"rendered":"https:\/\/www1.unicap.br\/estudosreligiao\/?p=1304"},"modified":"2017-10-19T14:34:55","modified_gmt":"2017-10-19T14:34:55","slug":"catolica-recebera-a-visita-do-superior-geral-dos-jesuitas-no-dia-24-de-outubro","status":"publish","type":"post","link":"https:\/\/www1.unicap.br\/estudosreligiao\/catolica-recebera-a-visita-do-superior-geral-dos-jesuitas-no-dia-24-de-outubro\/","title":{"rendered":"Cat\u00f3lica receber\u00e1 a visita do Superior Geral dos Jesu\u00edtas no dia 24 de outubro"},"content":{"rendered":"<header>\n<h1 class=\"title single-title\"><\/h1>\n<\/header>\n<div class=\"post-single-content box mark-links\">\n<div><img data-recalc-dims=\"1\" loading=\"lazy\" decoding=\"async\" class=\"alignleft wp-image-73601\" title=\"Superior Geral dos Jesu\u00edtas, Padre Arturo Sosa Abascal\" src=\"https:\/\/i0.wp.com\/www.unicap.br\/assecom1\/wp-content\/uploads\/2017\/10\/arturo-sosa-300x169.jpg?resize=800%2C450\" sizes=\"(max-width: 800px) 100vw, 800px\" srcset=\"http:\/\/www.unicap.br\/assecom1\/wp-content\/uploads\/2017\/10\/arturo-sosa-300x169.jpg 300w, http:\/\/www.unicap.br\/assecom1\/wp-content\/uploads\/2017\/10\/arturo-sosa-768x432.jpg 768w, http:\/\/www.unicap.br\/assecom1\/wp-content\/uploads\/2017\/10\/arturo-sosa-1024x576.jpg 1024w, http:\/\/www.unicap.br\/assecom1\/wp-content\/uploads\/2017\/10\/arturo-sosa.jpg 1280w\" alt=\"\" width=\"800\" height=\"450\" data-attachment-id=\"73601\" data-permalink=\"http:\/\/www.unicap.br\/assecom1\/catolica-recebera-a-visita-do-superior-geral-dos-jesuitas-no-dia-24-de-outubro\/arturo-sosa\/\" data-orig-file=\"http:\/\/www.unicap.br\/assecom1\/wp-content\/uploads\/2017\/10\/arturo-sosa.jpg\" data-orig-size=\"1280,720\" data-comments-opened=\"1\" data-image-meta=\"{&quot;aperture&quot;:&quot;0&quot;,&quot;credit&quot;:&quot;&quot;,&quot;camera&quot;:&quot;&quot;,&quot;caption&quot;:&quot;&quot;,&quot;created_timestamp&quot;:&quot;0&quot;,&quot;copyright&quot;:&quot;&quot;,&quot;focal_length&quot;:&quot;0&quot;,&quot;iso&quot;:&quot;0&quot;,&quot;shutter_speed&quot;:&quot;0&quot;,&quot;title&quot;:&quot;&quot;,&quot;orientation&quot;:&quot;0&quot;}\" data-image-title=\"arturo-sosa\" data-image-description=\"\" data-medium-file=\"http:\/\/www.unicap.br\/assecom1\/wp-content\/uploads\/2017\/10\/arturo-sosa-300x169.jpg\" data-large-file=\"http:\/\/www.unicap.br\/assecom1\/wp-content\/uploads\/2017\/10\/arturo-sosa-1024x576.jpg\" \/><\/div>\n<div>\n<div>O Superior Geral dos Jesu\u00edtas, Padre Arturo Sosa\u00a0Abascal, em sua primeira visita ao Brasil, vir\u00e1 ao Recife e \u00e0 Universidade Cat\u00f3lica de Pernambuco, no dia 24 de outubro, para a abertura da\u00a015\u00aa Semana de Integra\u00e7\u00e3o Universidade Sociedade. Na ocasi\u00e3o, far\u00e1 uma confer\u00eancia sobre \u201cA miss\u00e3o de uma universidade jesu\u00edta na (re) democratiza\u00e7\u00e3o da sociedade\u201d, inaugurando o Ano Jubilar (75\u00ba anivers\u00e1rio da Unicap, fundada em 1943, com a Faculdade N\u00f3brega).<\/div>\n<div>Venezuelano,\u00a0 isto \u00e9, origin\u00e1rio da Veneza latino-americana, ele \u00e9 o primeiro n\u00e3o europeu a assumir o cargo m\u00e1ximo da Companhia de Jesus. Sua elei\u00e7\u00e3o ocorreu em outubro de 2016, durante a 36\u00aa Congrega\u00e7\u00e3o Geral dos Jesu\u00edtas, realizada em Roma, e na qual o nosso Reitor, Padre Pedro Rubens, esteve presente como um dos representantes eleitos do Brasil. O encontro reuniu\u00a0215 jesu\u00edtas de 62 pa\u00edses.<\/div>\n<div>Padre Arturo, que \u00e9\u00a0 Doutor em Ci\u00eancias Pol\u00edticas pela Universidade Central da Venezuela, \u00e9 o 31\u00ba\u00a0sucessor de In\u00e1cio de Loyola, santo que formou o grupo de universit\u00e1rios fundador da Companhia de Jesus, em 1540. Antes de assumir o cargo m\u00e1ximo dos jesu\u00edtas, atuava como\u00a0conselheiro do ent\u00e3o Padre Geral, Adolfo Nicol\u00e1s, e como delegado-geral das casas e obras interprovinciais dos jesu\u00edtas em Roma.<\/div>\n<div>Nesse sentido, ser\u00e1 muito importante a sua visita \u00e0 Unicap que, em 2010,\u00a0firmou conv\u00eanio com as dioceses do Regional Nordeste II da CNBB\u00a0para a forma\u00e7\u00e3o dos seminaristas e,\u00a0 em 2014,\u00a0foi afiliada \u00e0 Pontif\u00edcia Universidade Cat\u00f3lica Gregoriana de Roma.<\/div>\n<div>Confira abaixo a programa\u00e7\u00e3o completa da visita do Padre Geral \u00e0 Unicap:<\/div>\n<div>\n<div>8h &#8211; Visita ao campus<\/div>\n<div>10h &#8211; Reuni\u00e3o com a Reitoria<\/div>\n<div>11h &#8211; Confer\u00eancia de abertura da 15\u00aa Semana de Integra\u00e7\u00e3o, no audit\u00f3rio G2<\/div>\n<div>12h &#8211; Almo\u00e7o com os bispos do Regional NE II<\/div>\n<div>14h30 &#8211; Encontro com seminaristas, religiosos e leigos que estudam Filosofia e Teologia na Unicap, no audit\u00f3rio G2.<\/div>\n<\/div>\n<\/div>\n<div><\/div>\n<div>Publicado originalmente em <a href=\"http:\/\/www.unicap.br\/assecom1\/catolica-recebera-a-visita-do-superior-geral-dos-jesuitas-no-dia-24-de-outubro\/\" target=\"_blank\" rel=\"noopener noreferrer\">Boletim Unicap<\/a>,\u00a0<span class=\"thetime\">16 de outubro de 2017,\u00a0<\/span><span class=\"thecategory\"><a href=\"http:\/\/www.unicap.br\/assecom1\/category\/noticias\/ultimas\/\" rel=\"category tag\">\u00daltimas<\/a>.<\/span><\/div>\n<\/div>\n","protected":false},"excerpt":{"rendered":"<p>O Superior Geral dos Jesu\u00edtas, Padre Arturo Sosa\u00a0Abascal, em sua primeira visita ao Brasil, vir\u00e1 ao Recife e \u00e0 Universidade Cat\u00f3lica de Pernambuco, no dia 24 de outubro, para a [&hellip;]<\/p>\n","protected":false},"author":3,"featured_media":1305,"comment_status":"open","ping_status":"open","sticky":false,"template":"","format":"standard","meta":{"spay_email":"","footnotes":"","jetpack_publicize_message":"","jetpack_is_tweetstorm":false,"jetpack_publicize_feature_enabled":true},"categories":[10],"tags":[102,141,174],"class_list":["post-1304","post","type-post","status-publish","format-standard","has-post-thumbnail","hentry","category-novidade","tag-companhia-de-jesus","tag-jesuitas","tag-unicap"],"jetpack_featured_media_url":"https:\/\/i0.wp.com\/www1.unicap.br\/estudosreligiao\/wp-content\/uploads\/2017\/10\/superior-geral-dos-jesu\u00edtas-e1508423563925.jpg?fit=1024%2C535&ssl=1","jetpack_publicize_connections":[],"jetpack_shortlink":"https:\/\/wp.me\/p7qXzA-l2","jetpack-related-posts":[{"id":1337,"url":"https:\/\/www1.unicap.br\/estudosreligiao\/superior-geral-dos-jesuitas-discute-a-formacao-de-agentes-eclesiais-seminaristas-e-leigos\/","url_meta":{"origin":1304,"position":0},"title":"Superior Geral dos Jesu\u00edtas Discute a Forma\u00e7\u00e3o de Agentes Eclesiais, Seminaristas e Leigos","date":"25 de outubro de 2017","format":false,"excerpt":"O \u00faltimo compromisso do Padre Arturo Sosa em Pernambuco foi uma confer\u00eancia voltada para professores e alunos dos cursos de Teologia e Filosofia da Unicap. Ele tratou do tema\u00a0A Contribui\u00e7\u00e3o de uma Universidade (Jesu\u00edta) na Forma\u00e7\u00e3o de Agentes Eclesiais, Seminaristas, Religiosos e Leigos.\u00a0O audit\u00f3rio G1 estava lotado. Al\u00e9m do Superior\u2026","rel":"","context":"Em &quot;Palestra&quot;","img":{"alt_text":"","src":"https:\/\/i0.wp.com\/www1.unicap.br\/estudosreligiao\/wp-content\/uploads\/2017\/10\/tarde-DSC0001-19-1024x680-e1508935085654.jpg?fit=931%2C494&ssl=1&resize=350%2C200","width":350,"height":200},"classes":[]},{"id":925,"url":"https:\/\/www1.unicap.br\/estudosreligiao\/provincial-dos-jesuitas-no-brasil-e-superior-da-plataforma-ne-ii-visitam-a-unicap\/","url_meta":{"origin":1304,"position":1},"title":"Provincial dos Jesu\u00edtas no Brasil e superior da Plataforma NE II visitam a Unicap","date":"27 de abril de 2017","format":false,"excerpt":"A Universidade Cat\u00f3lica de Pernambuco est\u00e1 recebendo esta semana a visita do Provincial dos Jesu\u00edtas no Brasil, Padre Jo\u00e3o Renato Eidt, e do Superior da Plataforma Nordeste 2, Padre Alexandre de Souza. Na tarde desta quarta-feira (26), eles se reuni\u00e3o com alguns gestores da Unicap. O encontro come\u00e7ou com uma\u2026","rel":"","context":"Em &quot;Novidade&quot;","img":{"alt_text":"","src":"https:\/\/i0.wp.com\/www1.unicap.br\/estudosreligiao\/wp-content\/uploads\/2017\/04\/ProvincialBanner1410895315.jpg?fit=700%2C321&ssl=1&resize=350%2C200","width":350,"height":200},"classes":[]},{"id":2286,"url":"https:\/\/www1.unicap.br\/estudosreligiao\/celebracao-em-comemoracao-aos-76-anos-da-unicap\/","url_meta":{"origin":1304,"position":2},"title":"Celebra\u00e7\u00e3o em comemora\u00e7\u00e3o aos 76 anos da Unicap","date":"24 de setembro de 2019","format":false,"excerpt":"Convite Convidamos a comunidade acad\u00eamica para a\u00a0Celebra\u00e7\u00e3o Eucar\u00edsticaem a\u00e7\u00e3o de gra\u00e7as pelos 76 da Universidade Cat\u00f3lica de Pernambuco e \u00a0pelo anivers\u00e1rio da cria\u00e7\u00e3o da Companhia de Jesus (Jesu\u00edtas). 27\/09, \u00e0s 18h, Capela do Campus. Humanitas Unicap.","rel":"","context":"Em &quot;Celebra\u00e7\u00e3o&quot;","img":{"alt_text":"","src":"https:\/\/i0.wp.com\/www1.unicap.br\/estudosreligiao\/wp-content\/uploads\/2019\/09\/76-anos-celebra\u00e7\u00e3o-e1569349960798.jpg?fit=798%2C400&ssl=1&resize=350%2C200","width":350,"height":200},"classes":[]},{"id":1331,"url":"https:\/\/www1.unicap.br\/estudosreligiao\/universidade-jesuita-e-democratizacao-da-sociedade-conferencia-do-pe-arturo-sosa\/","url_meta":{"origin":1304,"position":3},"title":"Universidade jesu\u00edta e democratiza\u00e7\u00e3o da sociedade &#8211; Confer\u00eancia do Pe. Arturo Sosa","date":"24 de outubro de 2017","format":false,"excerpt":"Reda\u00e7\u00e3o\u00a0|\u00a024 de outubro de 2017\u00a0|\u00a0\u00daltimas\u00a0|\u00a0Nenhum coment\u00e1rio Confira abaixo o texto da confer\u00eancia do Superior Geral dos Jesu\u00edtas, Padre Arturo Sosa, realizada na manh\u00e3 desta ter\u00e7a-feira (24\/10), na Universidade Cat\u00f3lica de Pernambuco, na abertura das comemora\u00e7\u00f5es dos 75 anos da Unicap e da 15\u00aa Semana de Integra\u00e7\u00e3o Universidade Sociedade. \u00a0 Universidade\u2026","rel":"","context":"Em &quot;Eventos&quot;","img":{"alt_text":"","src":"https:\/\/i0.wp.com\/www1.unicap.br\/estudosreligiao\/wp-content\/uploads\/2017\/10\/IMG_7420-1024x768-e1508873577532.jpg?fit=1024%2C512&ssl=1&resize=350%2C200","width":350,"height":200},"classes":[]},{"id":2018,"url":"https:\/\/www1.unicap.br\/estudosreligiao\/padre-kiko-celebra-25-anos-de-sua-primeira-missa\/","url_meta":{"origin":1304,"position":4},"title":"Padre Kiko celebra 25 anos de sua primeira Missa","date":"6 de dezembro de 2018","format":false,"excerpt":"Parceiro do dia a dia nos trabalhos de web designer, militante de esquerda e nosso interlocutor de quest\u00f5es cruciais do Pa\u00eds. Esse \u00e9 o Pe. Kiko. Tem a alegria de celebrar suas bodas de prata no sacerd\u00f3cio e um pouco mais de tempo (36) de testemunho de vida religiosa inspirado\u2026","rel":"","context":"Em &quot;Celebra\u00e7\u00e3o&quot;","img":{"alt_text":"","src":"https:\/\/i0.wp.com\/www1.unicap.br\/estudosreligiao\/wp-content\/uploads\/2018\/12\/Kiko-e1544102038252.jpg?fit=960%2C484&ssl=1&resize=350%2C200","width":350,"height":200},"classes":[]},{"id":2489,"url":"https:\/\/www1.unicap.br\/estudosreligiao\/forum-da-diversidade-religiosa-de-pernambuco-oracao-inter-religiosa-juntos-pela-criacao\/","url_meta":{"origin":1304,"position":5},"title":"Ora\u00e7\u00e3o Inter-religiosa \u201cJuntos pela Cria\u00e7\u00e3o\u201d","date":"24 de setembro de 2020","format":false,"excerpt":"O nosso Observat\u00f3rio das Religi\u00f5es animou o F\u00f3rum Di\u00e1logos, o F\u00f3rum da Diversidade Religiosa em Pernambuco, para compor a Ora\u00e7\u00e3o Inter-religiosa \u201cJuntos pela Cria\u00e7\u00e3o\u201d. O v\u00eddeo, transmitido na\u00a0Semana Socioambiental\u00a0da Universidade dos jesu\u00edtas em Pernambuco, tem quarenta minutos, come\u00e7ando com motiva\u00e7\u00e3o do monge Marcelo Barros e apresentando preces de v\u00e1rias religi\u00f5es\u2026","rel":"","context":"Em &quot;F\u00f3rum inter-religioso&quot;","img":{"alt_text":"","src":"https:\/\/i0.wp.com\/www1.unicap.br\/estudosreligiao\/wp-content\/uploads\/2020\/09\/Ora\u00e7\u00e3o-todos-pela-cria\u00e7\u00e3o-e1600977592972.jpg?fit=1200%2C600&ssl=1&resize=350%2C200","width":350,"height":200},"classes":[]}],"_links":{"self":[{"href":"https:\/\/www1.unicap.br\/estudosreligiao\/wp-json\/wp\/v2\/posts\/1304"}],"collection":[{"href":"https:\/\/www1.unicap.br\/estudosreligiao\/wp-json\/wp\/v2\/posts"}],"about":[{"href":"https:\/\/www1.unicap.br\/estudosreligiao\/wp-json\/wp\/v2\/types\/post"}],"author":[{"embeddable":true,"href":"https:\/\/www1.unicap.br\/estudosreligiao\/wp-json\/wp\/v2\/users\/3"}],"replies":[{"embeddable":true,"href":"https:\/\/www1.unicap.br\/estudosreligiao\/wp-json\/wp\/v2\/comments?post=1304"}],"version-history":[{"count":3,"href":"https:\/\/www1.unicap.br\/estudosreligiao\/wp-json\/wp\/v2\/posts\/1304\/revisions"}],"predecessor-version":[{"id":1319,"href":"https:\/\/www1.unicap.br\/estudosreligiao\/wp-json\/wp\/v2\/posts\/1304\/revisions\/1319"}],"wp:featuredmedia":[{"embeddable":true,"href":"https:\/\/www1.unicap.br\/estudosreligiao\/wp-json\/wp\/v2\/media\/1305"}],"wp:attachment":[{"href":"https:\/\/www1.unicap.br\/estudosreligiao\/wp-json\/wp\/v2\/media?parent=1304"}],"wp:term":[{"taxonomy":"category","embeddable":true,"href":"https:\/\/www1.unicap.br\/estudosreligiao\/wp-json\/wp\/v2\/categories?post=1304"},{"taxonomy":"post_tag","embeddable":true,"href":"https:\/\/www1.unicap.br\/estudosreligiao\/wp-json\/wp\/v2\/tags?post=1304"}],"curies":[{"name":"wp","href":"https:\/\/api.w.org\/{rel}","templated":true}]}}