{"id":1185,"date":"2017-08-21T11:12:26","date_gmt":"2017-08-21T11:12:26","guid":{"rendered":"https:\/\/www1.unicap.br\/estudosreligiao\/?p=1185"},"modified":"2017-08-21T11:27:36","modified_gmt":"2017-08-21T11:27:36","slug":"palestra-sobre-reforma-protestante-e-politica-no-pensamento-de-robinson-cavalcanti","status":"publish","type":"post","link":"https:\/\/www1.unicap.br\/estudosreligiao\/palestra-sobre-reforma-protestante-e-politica-no-pensamento-de-robinson-cavalcanti\/","title":{"rendered":"Palestra sobre Reforma Protestante e Pol\u00edtica no Pensamento de Robinson Cavalcanti"},"content":{"rendered":"<p><img data-recalc-dims=\"1\" loading=\"lazy\" decoding=\"async\" data-attachment-id=\"1186\" data-permalink=\"https:\/\/www1.unicap.br\/estudosreligiao\/palestra-sobre-reforma-protestante-e-politica-no-pensamento-de-robinson-cavalcanti\/grupo-de-pesquisa-religioes_convite\/\" data-orig-file=\"https:\/\/i0.wp.com\/www1.unicap.br\/estudosreligiao\/wp-content\/uploads\/2017\/08\/Grupo-de-pesquisa-Religi\u00f5es_convite-e1502912401621.jpeg?fit=700%2C505&amp;ssl=1\" data-orig-size=\"700,505\" data-comments-opened=\"1\" data-image-meta=\"{&quot;aperture&quot;:&quot;0&quot;,&quot;credit&quot;:&quot;&quot;,&quot;camera&quot;:&quot;&quot;,&quot;caption&quot;:&quot;&quot;,&quot;created_timestamp&quot;:&quot;0&quot;,&quot;copyright&quot;:&quot;&quot;,&quot;focal_length&quot;:&quot;0&quot;,&quot;iso&quot;:&quot;0&quot;,&quot;shutter_speed&quot;:&quot;0&quot;,&quot;title&quot;:&quot;&quot;,&quot;orientation&quot;:&quot;0&quot;}\" data-image-title=\"Grupo de pesquisa Religi\u00f5es_convite\" data-image-description=\"\" data-image-caption=\"\" data-medium-file=\"https:\/\/i0.wp.com\/www1.unicap.br\/estudosreligiao\/wp-content\/uploads\/2017\/08\/Grupo-de-pesquisa-Religi\u00f5es_convite-e1502912401621.jpeg?fit=300%2C217&amp;ssl=1\" data-large-file=\"https:\/\/i0.wp.com\/www1.unicap.br\/estudosreligiao\/wp-content\/uploads\/2017\/08\/Grupo-de-pesquisa-Religi\u00f5es_convite-e1502912401621.jpeg?fit=1024%2C739&amp;ssl=1\" class=\"alignnone wp-image-1186 size-full\" title=\"Palestra do Grupo de Pesquisa Religi\u00f5es, Identidades e Di\u00e1logos (Unicap)\" src=\"https:\/\/i0.wp.com\/www1.unicap.br\/estudosreligiao\/wp-content\/uploads\/2017\/08\/Grupo-de-pesquisa-Religi\u00f5es_convite-e1502912401621.jpeg?resize=700%2C505&#038;ssl=1\" alt=\"\" width=\"700\" height=\"505\" \/><\/p>\n<p>Dia 21 de agosto, nesta segunda-feira, \u00e0s 9h, sala 307 do Bloco G4, da Unicap, o Grupo de Pesquisa Religi\u00f5es, Identidades e Di\u00e1logos estar\u00e1 discutindo\u00a0sobre Reforma Protestante e Pol\u00edtica no Pensamento de Robinson Cavalcanti. O debate ter\u00e1 como palestrante o professor Hely Ferreira, do N\u00facleo de Estudos Eleitorais, Partid\u00e1rios e da Democracia &#8211; da UFPE.<\/p>\n","protected":false},"excerpt":{"rendered":"<p>Dia 21 de agosto, nesta segunda-feira, \u00e0s 9h, sala 307 do Bloco G4, da Unicap, o Grupo de Pesquisa Religi\u00f5es, Identidades e Di\u00e1logos estar\u00e1 discutindo\u00a0sobre Reforma Protestante e Pol\u00edtica no [&hellip;]<\/p>\n","protected":false},"author":3,"featured_media":1195,"comment_status":"open","ping_status":"open","sticky":false,"template":"","format":"standard","meta":{"spay_email":"","footnotes":"","jetpack_publicize_message":"","jetpack_is_tweetstorm":false,"jetpack_publicize_feature_enabled":true},"categories":[132],"tags":[],"class_list":["post-1185","post","type-post","status-publish","format-standard","has-post-thumbnail","hentry","category-grupo-pesquisa"],"jetpack_featured_media_url":"https:\/\/i0.wp.com\/www1.unicap.br\/estudosreligiao\/wp-content\/uploads\/2017\/08\/Grupo-de-pesquisa-Religi\u00f5es_convite-1-e1503314839560.jpeg?fit=1280%2C640&ssl=1","jetpack_publicize_connections":[],"jetpack_shortlink":"https:\/\/wp.me\/p7qXzA-j7","jetpack-related-posts":[{"id":1387,"url":"https:\/\/www1.unicap.br\/estudosreligiao\/da-reforma-as-reformas\/","url_meta":{"origin":1185,"position":0},"title":"Da Reforma \u00e0s Reformas","date":"16 de novembro de 2017","format":false,"excerpt":"Os 500 anos da reforma protestante, celebrados por crist\u00e3os de diversas igrejas em 31 de outubro, foram lembrados tamb\u00e9m na Universidade Cat\u00f3lica de Pernambuco com a realiza\u00e7\u00e3o de um congresso internacional nos dias 8, 9 e 10 de novembro. Trazendo o tema \u201cA heran\u00e7a da reforma: ler e reler a\u2026","rel":"","context":"Em &quot;Reflex\u00e3o&quot;","img":{"alt_text":"","src":"https:\/\/i0.wp.com\/www1.unicap.br\/estudosreligiao\/wp-content\/uploads\/2017\/11\/Reforma-e1510859738416.jpg?fit=934%2C478&ssl=1&resize=350%2C200","width":350,"height":200},"classes":[]},{"id":1362,"url":"https:\/\/www1.unicap.br\/estudosreligiao\/catolica-sediara-congresso-internacional-sobre-os-500-anos-da-reforma-protestante\/","url_meta":{"origin":1185,"position":1},"title":"Cat\u00f3lica sediar\u00e1 Congresso Internacional sobre os 500 anos da Reforma Protestante","date":"31 de outubro de 2017","format":false,"excerpt":"Os 500 anos da reforma protestante, que ser\u00e3o celebrados nesta ter\u00e7a-feira (31) em todo o mundo, v\u00e3o ser lembrados tamb\u00e9m na Universidade Cat\u00f3lica de Pernambuco com a realiza\u00e7\u00e3o de um congresso internacional nos dias 8, 9 e 10 de novembro.\u00a0 Com o tema \u201cA heran\u00e7a da reforma: ler e reler\u2026","rel":"","context":"Em &quot;Eventos&quot;","img":{"alt_text":"","src":"https:\/\/i0.wp.com\/www1.unicap.br\/estudosreligiao\/wp-content\/uploads\/2017\/09\/Marca-2-em-03-06-2016-e1506358469317.jpg?fit=510%2C261&ssl=1&resize=350%2C200","width":350,"height":200},"classes":[]},{"id":916,"url":"https:\/\/www1.unicap.br\/estudosreligiao\/congresso-internacional-atualidade-da-reforma\/","url_meta":{"origin":1185,"position":2},"title":"Congresso Internacional Atualidade da Reforma &#8211; 2\u00aa etapa","date":"26 de abril de 2017","format":false,"excerpt":"Projeto internacional de pesquisa\u00a0hist\u00f3rico-religiosa Ler e reler a Reforma, passados 500 anos de seu in\u00edcio Segunda etapa \/ Seconda tappa \u200bA partir da realiza\u00e7\u00e3o do\u00a0Colloquio internazionale \"Rileggere la Riforma\", realizado em Floren\u00e7a, It\u00e1lia, nos dias 20, 21 e 22 de fevereiro, nosso Projeto entra em sua segunda etapa, que culminar\u00e1\u2026","rel":"","context":"Em &quot;Eventos&quot;","img":{"alt_text":"","src":"https:\/\/i0.wp.com\/www1.unicap.br\/estudosreligiao\/wp-content\/uploads\/2016\/08\/Marca-2-em-03-06-2016-e1503601761260.jpg?fit=512%2C293&ssl=1&resize=350%2C200","width":350,"height":200},"classes":[]},{"id":1376,"url":"https:\/\/www1.unicap.br\/estudosreligiao\/urge-radicalizar-a-reforma\/","url_meta":{"origin":1185,"position":3},"title":"Urge radicalizar a Reforma!","date":"6 de novembro de 2017","format":false,"excerpt":"Como sabemos, as grandes afirma\u00e7\u00f5es da Reforma Protestante nada mais eram que verdades cat\u00f3licas esquecidas ou postas \u00e0 margem. O problema foi o clima de aguda c\u00ad\u00ad\u00ad\u00ad\u00ad\u00ad\u00ad\u00ad\u00adrise da \u00e9poca, crise que j\u00e1 vinha, como mar\u00e9 crescente, desde o s\u00e9culo XII, com o movimento dos pobres, movimento popular exigindo transforma\u00e7\u00f5es profundas\u2026","rel":"","context":"Em &quot;Reflex\u00e3o&quot;","img":{"alt_text":"","src":"https:\/\/i0.wp.com\/www1.unicap.br\/estudosreligiao\/wp-content\/uploads\/2017\/11\/Martin_Luther_1529-e1509972905664.jpg?fit=599%2C299&ssl=1&resize=350%2C200","width":350,"height":200},"classes":[]},{"id":1508,"url":"https:\/\/www1.unicap.br\/estudosreligiao\/novos-prazos-de-inscricoes-do-simposio-biblia-politica-e-cidadania\/","url_meta":{"origin":1185,"position":4},"title":"Novos prazos de inscri\u00e7\u00f5es do Simp\u00f3sio B\u00edblia, Pol\u00edtica e Cidadania","date":"22 de fevereiro de 2018","format":false,"excerpt":"O Grupo de Pesquisa Cristianismo e Interpreta\u00e7\u00f5es, do Programa de P\u00f3s-gradua\u00e7\u00e3o em Teologia da UNICAP \u2013 Universidade Cat\u00f3lica de Pernambuco, estar\u00e1 promovendo nos dias 10 e 11 de abril de 2018 (ter\u00e7a e quarta-feira) seu IV Simp\u00f3sio, com o tema B\u00edblia, Pol\u00edtica e Cidadania. O evento tem por finalidade apresentar\u2026","rel":"","context":"Em &quot;Eventos&quot;","img":{"alt_text":"","src":"https:\/\/i0.wp.com\/www1.unicap.br\/estudosreligiao\/wp-content\/uploads\/2018\/01\/Imagem1-e1516986678886.png?fit=784%2C392&ssl=1&resize=350%2C200","width":350,"height":200},"classes":[]},{"id":1098,"url":"https:\/\/www1.unicap.br\/estudosreligiao\/reformas-nas-religioes-ou-as-religioes-mudam-com-as-pessoas-ou-as-pessoas\/","url_meta":{"origin":1185,"position":5},"title":"Reformas nas religi\u00f5es: ou as religi\u00f5es mudam com as pessoas, ou as pessoas\u2026","date":"26 de julho de 2017","format":false,"excerpt":"Postamos aqui a reflex\u00e3o extra\u00edda do\u00a0Observat\u00f3rio, elaborada pelo prof. Gilbraz Arag\u00e3o, por ocasi\u00e3o do 30\u00ba Congresso da Soter, realizado no in\u00edcio deste m\u00eas corrente, em Belo Horizonte. O intuito \u00e9 despertar para o Congresso Internacional Atualidade da\u00a0Reforma, a ser realizado nos dias 8, 9 e 10 de novembro, aqui na\u2026","rel":"","context":"Em &quot;Eventos&quot;","img":{"alt_text":"","src":"https:\/\/i0.wp.com\/www1.unicap.br\/estudosreligiao\/wp-content\/uploads\/2016\/08\/Marca-2-em-03-06-2016-e1503601761260.jpg?fit=512%2C293&ssl=1&resize=350%2C200","width":350,"height":200},"classes":[]}],"_links":{"self":[{"href":"https:\/\/www1.unicap.br\/estudosreligiao\/wp-json\/wp\/v2\/posts\/1185"}],"collection":[{"href":"https:\/\/www1.unicap.br\/estudosreligiao\/wp-json\/wp\/v2\/posts"}],"about":[{"href":"https:\/\/www1.unicap.br\/estudosreligiao\/wp-json\/wp\/v2\/types\/post"}],"author":[{"embeddable":true,"href":"https:\/\/www1.unicap.br\/estudosreligiao\/wp-json\/wp\/v2\/users\/3"}],"replies":[{"embeddable":true,"href":"https:\/\/www1.unicap.br\/estudosreligiao\/wp-json\/wp\/v2\/comments?post=1185"}],"version-history":[{"count":4,"href":"https:\/\/www1.unicap.br\/estudosreligiao\/wp-json\/wp\/v2\/posts\/1185\/revisions"}],"predecessor-version":[{"id":1194,"href":"https:\/\/www1.unicap.br\/estudosreligiao\/wp-json\/wp\/v2\/posts\/1185\/revisions\/1194"}],"wp:featuredmedia":[{"embeddable":true,"href":"https:\/\/www1.unicap.br\/estudosreligiao\/wp-json\/wp\/v2\/media\/1195"}],"wp:attachment":[{"href":"https:\/\/www1.unicap.br\/estudosreligiao\/wp-json\/wp\/v2\/media?parent=1185"}],"wp:term":[{"taxonomy":"category","embeddable":true,"href":"https:\/\/www1.unicap.br\/estudosreligiao\/wp-json\/wp\/v2\/categories?post=1185"},{"taxonomy":"post_tag","embeddable":true,"href":"https:\/\/www1.unicap.br\/estudosreligiao\/wp-json\/wp\/v2\/tags?post=1185"}],"curies":[{"name":"wp","href":"https:\/\/api.w.org\/{rel}","templated":true}]}}