{"id":109,"date":"2016-04-01T13:47:46","date_gmt":"2016-04-01T13:47:46","guid":{"rendered":"https:\/\/www1.unicap.br\/estudosreligiao\/?p=109"},"modified":"2016-04-05T23:30:17","modified_gmt":"2016-04-05T23:30:17","slug":"teologia-espiritual","status":"publish","type":"post","link":"https:\/\/www1.unicap.br\/estudosreligiao\/teologia-espiritual\/","title":{"rendered":"Teologia Espiritual"},"content":{"rendered":"<p>&nbsp;<\/p>\n<p><img data-recalc-dims=\"1\" loading=\"lazy\" decoding=\"async\" data-attachment-id=\"110\" data-permalink=\"https:\/\/www1.unicap.br\/estudosreligiao\/teologia-espiritual\/teo-espiritual\/\" data-orig-file=\"https:\/\/i0.wp.com\/www1.unicap.br\/estudosreligiao\/wp-content\/uploads\/2016\/04\/Teo-espiritual-e1459799171762.png?fit=350%2C151&amp;ssl=1\" data-orig-size=\"350,151\" data-comments-opened=\"1\" data-image-meta=\"{&quot;aperture&quot;:&quot;0&quot;,&quot;credit&quot;:&quot;&quot;,&quot;camera&quot;:&quot;&quot;,&quot;caption&quot;:&quot;&quot;,&quot;created_timestamp&quot;:&quot;0&quot;,&quot;copyright&quot;:&quot;&quot;,&quot;focal_length&quot;:&quot;0&quot;,&quot;iso&quot;:&quot;0&quot;,&quot;shutter_speed&quot;:&quot;0&quot;,&quot;title&quot;:&quot;&quot;,&quot;orientation&quot;:&quot;0&quot;}\" data-image-title=\"Teo espiritual\" data-image-description=\"\" data-image-caption=\"\" data-medium-file=\"https:\/\/i0.wp.com\/www1.unicap.br\/estudosreligiao\/wp-content\/uploads\/2016\/04\/Teo-espiritual-e1459799171762.png?fit=300%2C129&amp;ssl=1\" data-large-file=\"https:\/\/i0.wp.com\/www1.unicap.br\/estudosreligiao\/wp-content\/uploads\/2016\/04\/Teo-espiritual-e1459799171762.png?fit=350%2C151&amp;ssl=1\" class=\"alignnone wp-image-110 size-full\" src=\"https:\/\/i0.wp.com\/www1.unicap.br\/estudosreligiao\/wp-content\/uploads\/2016\/04\/Teo-espiritual-e1459799171762.png?resize=350%2C151&#038;ssl=1\" alt=\"Teo espiritual\" width=\"350\" height=\"151\" \/><\/p>\n<p style=\"text-align: left;\">O Curso de Teologia Espiritual tem como objetivo geral propiciar ao aluno uma oportunidade de aprofundar sua f\u00e9 por meio de uma atualiza\u00e7\u00e3o teol\u00f3gica na inter-rela\u00e7\u00e3o com a sociedade. Especificamente, conhecer as ra\u00edzes antropol\u00f3gicas da espiritualidade com base nos ensinamentos de Jesus;\u00a0investigar a posi\u00e7\u00e3o da Igreja em confronto com o mundo a partir da teologia espiritual. Ser\u00e1 ministrado pelo Prof. Dr.\u00a0Ant\u00f4nio Raimundo Sousa Mota, S.J, que coordena e ser\u00e1 o ministrante. A carga hor\u00e1ria prevista ser\u00e1 de 32 horas e o per\u00edodo de realiza\u00e7\u00e3o, de 16\/04 a 03\/06\/16,\u00a0das 8h \u00e0s 12h (aos\u00a0s\u00e1bados). O local\u00a0\u00e9 no\u00a0Espa\u00e7o Loyola \u2013 t\u00e9rreo do Bl B. A contribui\u00e7\u00e3o \u00e9 de\u00a0R$ 60,00 (parcela \u00fanica).\u00a0Inscri\u00e7\u00f5es:\u00a0at\u00e9 11\/04\/2016 ou enquanto houver vagas.\u00a0<!--more--><em><strong>Para a inscri\u00e7\u00e3o acesse<\/strong><\/em> <a href=\"http:\/\/www.unicap.br\/universidade\/pages\/?p=1120\" target=\"_blank\">aqui<\/a><\/p>\n","protected":false},"excerpt":{"rendered":"<p>&nbsp; O Curso de Teologia Espiritual tem como objetivo geral propiciar ao aluno uma oportunidade de aprofundar sua f\u00e9 por meio de uma atualiza\u00e7\u00e3o teol\u00f3gica na inter-rela\u00e7\u00e3o com a sociedade. [&hellip;]<\/p>\n","protected":false},"author":3,"featured_media":110,"comment_status":"open","ping_status":"open","sticky":false,"template":"","format":"standard","meta":{"spay_email":"","footnotes":"","jetpack_publicize_message":"","jetpack_is_tweetstorm":false,"jetpack_publicize_feature_enabled":true},"categories":[7],"tags":[23,24,13],"class_list":["post-109","post","type-post","status-publish","format-standard","has-post-thumbnail","hentry","category-extensao","tag-cursos-de-extensao","tag-espiritualidade","tag-teologia"],"jetpack_featured_media_url":"https:\/\/i0.wp.com\/www1.unicap.br\/estudosreligiao\/wp-content\/uploads\/2016\/04\/Teo-espiritual-e1459799171762.png?fit=350%2C151&ssl=1","jetpack_publicize_connections":[],"jetpack_shortlink":"https:\/\/wp.me\/p7qXzA-1L","jetpack-related-posts":[{"id":1939,"url":"https:\/\/www1.unicap.br\/estudosreligiao\/teologia-negra\/","url_meta":{"origin":109,"position":0},"title":"Teologia Negra","date":"8 de novembro de 2018","format":false,"excerpt":"A Teologia Negra surgiu entre crist\u00e3os ecum\u00eanicos que lutavam pela igualdade dos negros nos Estados Unidos, \u00e0 \u00e9poca do pastor\u00a0Martin Luther King Jr. Ela combate a\u00a0forte tend\u00eancia europeizante e de embranquecimento na teologia, defendendo que \u00e9 preciso uma espiritualidade integrada aos corpos, aos corpos negros violentados e mortos nas periferias.\u2026","rel":"","context":"Em &quot;Curso&quot;","img":{"alt_text":"","src":"https:\/\/i0.wp.com\/www1.unicap.br\/estudosreligiao\/wp-content\/uploads\/2018\/11\/Teologia-negra-novo-e1541706148972.jpg?fit=719%2C359&ssl=1&resize=350%2C200","width":350,"height":200},"classes":[]},{"id":1307,"url":"https:\/\/www1.unicap.br\/estudosreligiao\/arte-e-religiao-um-ano-sem-claudio-pastro\/","url_meta":{"origin":109,"position":1},"title":"Arte e Religi\u00e3o: um ano sem Cl\u00e1udio Pastro","date":"19 de outubro de 2017","format":false,"excerpt":"\u00a0 Cl\u00e1udio Pastro fez a sua P\u00e1scoa no dia 19 de outubro de 2016. Como homem de f\u00e9, contribuiu grandemente com a arte sacra, com a beleza e a caminhada da Igreja Crist\u00e3. O momento \u00e9 muito mais por fazer uma a\u00e7\u00e3o de gra\u00e7as por sua vida e ressurrei\u00e7\u00e3o. Pastro\u2026","rel":"","context":"Em &quot;Mem\u00f3ria&quot;","img":{"alt_text":"","src":"https:\/\/i0.wp.com\/www1.unicap.br\/estudosreligiao\/wp-content\/uploads\/2017\/10\/claudio-pastro_1-e1508421492105.jpg?fit=500%2C250&ssl=1&resize=350%2C200","width":350,"height":200},"classes":[]},{"id":427,"url":"https:\/\/www1.unicap.br\/estudosreligiao\/disciplinas-de-teologia-oferecidas-em-2016-2\/","url_meta":{"origin":109,"position":2},"title":"Disciplinas de Teologia oferecidas em 2016.2","date":"8 de junho de 2016","format":false,"excerpt":"Foram disponibilizados\u00a0pelo\u00a0Coordenador do Programa de P\u00f3s-Gradua\u00e7\u00e3o em Teologia, n\u00edvel mestrado, prof. Cl\u00e1udio Vianney Malzoni, ontem, dia 07 de junho\u00a0corrente, a\u00a0programa\u00e7\u00e3o dos hor\u00e1rios das disciplinas e semin\u00e1rios para o pr\u00f3ximo semestre de 2016.2, correspondentes ao mestrado. Ser\u00e3o disponibilizadas uma disciplina obrigat\u00f3ria, Metodologia do Trabalho Acad\u00eamico; e\u00a0duas disciplinas obrigat\u00f3rias de linha, correspondentes\u2026","rel":"","context":"Em &quot;P\u00f3s-Gradua\u00e7\u00e3o&quot;","img":{"alt_text":"","src":"https:\/\/i0.wp.com\/www1.unicap.br\/estudosreligiao\/wp-content\/uploads\/2016\/06\/Teologia-e1484250896211.jpg?fit=827%2C341&ssl=1&resize=350%2C200","width":350,"height":200},"classes":[]},{"id":1679,"url":"https:\/\/www1.unicap.br\/estudosreligiao\/igreja-e-seus-modos-de-ser-na-patristica\/","url_meta":{"origin":109,"position":3},"title":"Igreja (e seus modos de ser) na Patr\u00edstica","date":"16 de abril de 2018","format":false,"excerpt":"Objetivos Geral Ampliar o estudo da patr\u00edstica, oferecido na gradua\u00e7\u00e3o, a um p\u00fablico aberto e interessado. Espec\u00edficos Estudar o ambiente eclesial\u00a0 das igrejas particulares, mart\u00edrio e espiritualidade da Igreja antiga; concep\u00e7\u00e3o da Igreja nos tr\u00eas primeiros s\u00e9culos; Os conc\u00edlios de Niceia e \u00c9feso; ortodoxia e heterodoxia; Possibilitar a oferta de\u2026","rel":"","context":"Em &quot;Curso&quot;","img":{"alt_text":"","src":"https:\/\/i0.wp.com\/www1.unicap.br\/estudosreligiao\/wp-content\/uploads\/2018\/04\/banner-curso-extensao-igreja-na-patristica-e1523896074157.png?fit=600%2C300&ssl=1&resize=350%2C200","width":350,"height":200},"classes":[]},{"id":283,"url":"https:\/\/www1.unicap.br\/estudosreligiao\/29o-congresso-internacional-da-soter\/","url_meta":{"origin":109,"position":4},"title":"29\u00ba Congresso Internacional da Soter","date":"19 de abril de 2016","format":false,"excerpt":"Com o tema TEMPOS DO ESP\u00cdRITO: INSPIRA\u00c7\u00c3O E DISCERNIMENTO, o 29\u00ba Congresso Internacional da Sociedade de Teologia e Ci\u00eancia da Religi\u00e3o \u2013 SOTER, acontecer\u00e1, como de praxe, em Belo Horizonte, no campus Cora\u00e7\u00e3o Eucar\u00edstico da PUC Minas, do dia\u00a012 a 15 de julho de 2016. Os pesquisadores dos ESTUDOS DE\u2026","rel":"","context":"Em &quot;Eventos&quot;","img":{"alt_text":"","src":"https:\/\/i0.wp.com\/www1.unicap.br\/estudosreligiao\/wp-content\/uploads\/2016\/04\/Banner_Congresso_Soter-e1462890793579.jpg?fit=1158%2C302&ssl=1&resize=350%2C200","width":350,"height":200},"classes":[]},{"id":1758,"url":"https:\/\/www1.unicap.br\/estudosreligiao\/xxiii-semana-de-teologia-da-catolica-aborda-o-tema-identidade-e-missao-dos-cristaos-hoje\/","url_meta":{"origin":109,"position":5},"title":"XXIII Semana de Teologia da Cat\u00f3lica aborda o tema Identidade e Miss\u00e3o dos Crist\u00e3os Hoje","date":"11 de maio de 2018","format":false,"excerpt":"A Universidade Cat\u00f3lica de Pernambuco realiza, por meio dos cursos de Gradua\u00e7\u00e3o e Mestrado em Teologia, com apoio da Arquidiocese de Olinda e Recife, a sua XXIII Semana de Teologia. O evento, que tem como tema \u201cIdentidade e Miss\u00e3o dos Crist\u00e3os hoje: perspectivas e desafios\u201d, est\u00e1 acontecendo desde o dia\u2026","rel":"","context":"Em &quot;Eventos&quot;","img":{"alt_text":"","src":"https:\/\/i0.wp.com\/www1.unicap.br\/estudosreligiao\/wp-content\/uploads\/2018\/05\/Semana-de-Teologia-e1526050333797.jpg?fit=768%2C391&ssl=1&resize=350%2C200","width":350,"height":200},"classes":[]}],"_links":{"self":[{"href":"https:\/\/www1.unicap.br\/estudosreligiao\/wp-json\/wp\/v2\/posts\/109"}],"collection":[{"href":"https:\/\/www1.unicap.br\/estudosreligiao\/wp-json\/wp\/v2\/posts"}],"about":[{"href":"https:\/\/www1.unicap.br\/estudosreligiao\/wp-json\/wp\/v2\/types\/post"}],"author":[{"embeddable":true,"href":"https:\/\/www1.unicap.br\/estudosreligiao\/wp-json\/wp\/v2\/users\/3"}],"replies":[{"embeddable":true,"href":"https:\/\/www1.unicap.br\/estudosreligiao\/wp-json\/wp\/v2\/comments?post=109"}],"version-history":[{"count":3,"href":"https:\/\/www1.unicap.br\/estudosreligiao\/wp-json\/wp\/v2\/posts\/109\/revisions"}],"predecessor-version":[{"id":138,"href":"https:\/\/www1.unicap.br\/estudosreligiao\/wp-json\/wp\/v2\/posts\/109\/revisions\/138"}],"wp:featuredmedia":[{"embeddable":true,"href":"https:\/\/www1.unicap.br\/estudosreligiao\/wp-json\/wp\/v2\/media\/110"}],"wp:attachment":[{"href":"https:\/\/www1.unicap.br\/estudosreligiao\/wp-json\/wp\/v2\/media?parent=109"}],"wp:term":[{"taxonomy":"category","embeddable":true,"href":"https:\/\/www1.unicap.br\/estudosreligiao\/wp-json\/wp\/v2\/categories?post=109"},{"taxonomy":"post_tag","embeddable":true,"href":"https:\/\/www1.unicap.br\/estudosreligiao\/wp-json\/wp\/v2\/tags?post=109"}],"curies":[{"name":"wp","href":"https:\/\/api.w.org\/{rel}","templated":true}]}}