{"id":957,"date":"2010-04-08T18:50:41","date_gmt":"2010-04-08T21:50:41","guid":{"rendered":"http:\/\/www.unicap.br\/assecom1\/?p=957"},"modified":"2010-04-08T18:50:41","modified_gmt":"2010-04-08T21:50:41","slug":"forum-inter-religioso-promove-o-encontro-xango-de-nacao-xamba","status":"publish","type":"post","link":"https:\/\/www1.unicap.br\/assecom1\/forum-inter-religioso-promove-o-encontro-xango-de-nacao-xamba\/","title":{"rendered":"F\u00f3rum Inter-religioso promove o Encontro Xang\u00f4 de Na\u00e7\u00e3o Xamb\u00e1"},"content":{"rendered":"<p>Uma vez por m\u00eas, a Universidade Cat\u00f3lica de Pernambuco promove o F\u00f3rum Inter-religioso, que \u00e9 um encontro com a finalidade de discutir e conhecer diferentes tradi\u00e7\u00f5es religiosas, buscando proporcionar informa\u00e7\u00f5es variadas sobre a rela\u00e7\u00e3o com Deus e o Sagrado de outras culturas.<\/p>\n<p>Na pr\u00f3xima segunda-feira (12), no audit\u00f3rio Centro de Teologia e Ci\u00eancias Humanas (CTCH), do 1\u00ba andar do bloco B, o tema em destaque ser\u00e1 Xang\u00f4 de Na\u00e7\u00e3o Xamb\u00e1, um dos terreiros mais conhecidos da Regi\u00e3o Metropolitana do Recife, localizado em Olinda. A Cat\u00f3lica receber\u00e1 o pai de santo Ivo e um grupo de filhos de santo.<\/p>\n<p><strong>Servi\u00e7o<\/strong>:<br \/>\nF\u00f3rum Inter-religioso \u2013 Encontro com o Xang\u00f4 de Na\u00e7\u00e3o Xamb\u00e1<br \/>\nDia: 12 de abril<br \/>\nLocal: Audit\u00f3rio CTCH \u2013 1\u00ba andar \u2013 Bloco B<br \/>\nHor\u00e1rio: 17h<\/p>\n<p>Acesse tamb\u00e9m:<\/p>\n<p><a title=\"www.unicap.br\/observatorio\" href=\"http:\/\/www.unicap.br\/observatorio\" target=\"_blank\">www.unicap.br\/observatorio<\/a><br \/>\n<a title=\"www.crunicap.blogspot.com\" href=\"http:\/\/www.crunicap.blogspot.com\" target=\"_blank\">www.crunicap.blogspot.com<\/a><\/p>\n","protected":false},"excerpt":{"rendered":"<p>Uma vez por m\u00eas, a Universidade Cat\u00f3lica de Pernambuco promove o F\u00f3rum Inter-religioso, que \u00e9 um encontro com a finalidade de discutir e conhecer diferentes tradi\u00e7\u00f5es religiosas, buscando proporcionar informa\u00e7\u00f5es variadas sobre a rela\u00e7\u00e3o com Deus e o Sagrado de outras culturas. Na pr\u00f3xima segunda-feira (12), no audit\u00f3rio Centro de Teologia e Ci\u00eancias Humanas (CTCH), [&hellip;]<\/p>\n","protected":false},"author":7,"featured_media":0,"comment_status":"open","ping_status":"open","sticky":false,"template":"","format":"standard","meta":[],"categories":[4],"tags":[],"jetpack-related-posts":[],"_links":{"self":[{"href":"https:\/\/www1.unicap.br\/assecom1\/wp-json\/wp\/v2\/posts\/957"}],"collection":[{"href":"https:\/\/www1.unicap.br\/assecom1\/wp-json\/wp\/v2\/posts"}],"about":[{"href":"https:\/\/www1.unicap.br\/assecom1\/wp-json\/wp\/v2\/types\/post"}],"author":[{"embeddable":true,"href":"https:\/\/www1.unicap.br\/assecom1\/wp-json\/wp\/v2\/users\/7"}],"replies":[{"embeddable":true,"href":"https:\/\/www1.unicap.br\/assecom1\/wp-json\/wp\/v2\/comments?post=957"}],"version-history":[{"count":0,"href":"https:\/\/www1.unicap.br\/assecom1\/wp-json\/wp\/v2\/posts\/957\/revisions"}],"wp:attachment":[{"href":"https:\/\/www1.unicap.br\/assecom1\/wp-json\/wp\/v2\/media?parent=957"}],"wp:term":[{"taxonomy":"category","embeddable":true,"href":"https:\/\/www1.unicap.br\/assecom1\/wp-json\/wp\/v2\/categories?post=957"},{"taxonomy":"post_tag","embeddable":true,"href":"https:\/\/www1.unicap.br\/assecom1\/wp-json\/wp\/v2\/tags?post=957"}],"curies":[{"name":"wp","href":"https:\/\/api.w.org\/{rel}","templated":true}]}}