{"id":94681,"date":"2020-08-03T18:47:56","date_gmt":"2020-08-03T21:47:56","guid":{"rendered":"http:\/\/www.unicap.br\/assecom1\/?p=94681"},"modified":"2020-08-03T19:16:22","modified_gmt":"2020-08-03T22:16:22","slug":"projeto-de-extensao-docurso-de-fonoaudiologia-da-dicas-de-saude-vocal-para-professores","status":"publish","type":"post","link":"https:\/\/www1.unicap.br\/assecom1\/projeto-de-extensao-docurso-de-fonoaudiologia-da-dicas-de-saude-vocal-para-professores\/","title":{"rendered":"Projeto de extens\u00e3o do curso de Fonoaudiologia d\u00e1 dicas de sa\u00fade vocal para professores"},"content":{"rendered":"<p><em><strong>Por Bernardo Sampaio &#8211; estagi\u00e1rio do curso de Jornalismo<\/strong><\/em><\/p>\n<p>A mudan\u00e7a das aulas para o meio remoto exigiu (e exige) um refor\u00e7o extra na sa\u00fade vocal dos professores. Diante desta nova realidade, o curso de Fonoaudiologia desenvolve o projeto de extens\u00e3o <em><strong>A Vez da Voz<\/strong><\/em>, que tem como objetivo beneficiar a sa\u00fade vocal de quem a usa profissionalmente e que tenha algum desconforto por isso. <em><strong>\u00a0<\/strong><\/em><\/p>\n<p>A idealizadora do projeto e coordenadora do curso de Fonoaudiologia da Unicap, professora Concei\u00e7\u00e3o Silveira, conta que a iniciativa surgiu a partir das queixas dos professores, com relatos sobre desgaste da voz, cansa\u00e7o f\u00edsico e rouquid\u00e3o. O projeto, rebatizado de <em><strong>A Voz que Ensina,<\/strong><\/em> conta com a colabora\u00e7\u00e3o dos alunos da disciplina de Est\u00e1gio em Sa\u00fade Coletiva I.<\/p>\n<p>No atual cen\u00e1rio de aulas remotas, o projeto selecionou dicas preventivas. Segundo Concei\u00e7\u00e3o, as queixas podem se dar pelo fato da aus\u00eancia do \u201colho no olho\u201d, levando a um maior volume, com maior intensidade no aparelho fonador e no corpo como um todo. \u201c\u00c9 como se eu levasse tudo para o meu aparelho fonador para compensar\u201d, comenta.<\/p>\n<p>Concei\u00e7\u00e3o tamb\u00e9m falou sobre as limita\u00e7\u00f5es da comunica\u00e7\u00e3o, lembrando que \u201ca ferramenta que n\u00f3s temos para transmiss\u00e3o s\u00e3o a voz e as express\u00f5es faciais. S\u00f3 temos esses dois recursos para comunicar remotamente\u201d, analisa ao apontar as causas do cansa\u00e7o entre os professores. Veja as dicas preventivas do projeto ilustradas por Java Ara\u00fajo.<\/p>\n<div class=\"tiled-gallery type-rectangular tiled-gallery-unresized\" data-original-width=\"640\" data-carousel-extra='{&quot;blog_id&quot;:1,&quot;permalink&quot;:&quot;https:\\\/\\\/www1.unicap.br\\\/assecom1\\\/projeto-de-extensao-docurso-de-fonoaudiologia-da-dicas-de-saude-vocal-para-professores\\\/&quot;,&quot;likes_blog_id&quot;:205082007}' itemscope itemtype=\"http:\/\/schema.org\/ImageGallery\" > <div class=\"gallery-row\" style=\"width: 640px; height: 427px;\" data-original-width=\"640\" data-original-height=\"427\" > <div class=\"gallery-group images-1\" style=\"width: 427px; height: 427px;\" data-original-width=\"427\" data-original-height=\"427\" > <div class=\"tiled-gallery-item tiled-gallery-item-large\" itemprop=\"associatedMedia\" itemscope itemtype=\"http:\/\/schema.org\/ImageObject\"> <a href=\"https:\/\/www1.unicap.br\/assecom1\/projeto-de-extensao-docurso-de-fonoaudiologia-da-dicas-de-saude-vocal-para-professores\/fono-1-copia\/\" border=\"0\" itemprop=\"url\"> <meta itemprop=\"width\" content=\"423\"> <meta itemprop=\"height\" content=\"423\"> <img data-attachment-id=\"94693\" data-orig-file=\"https:\/\/www1.unicap.br\/assecom1\/wp-content\/uploads\/2020\/08\/fono-1-Copia.png\" data-orig-size=\"596,596\" data-comments-opened=\"1\" data-image-meta=\"{&quot;aperture&quot;:&quot;0&quot;,&quot;credit&quot;:&quot;&quot;,&quot;camera&quot;:&quot;&quot;,&quot;caption&quot;:&quot;&quot;,&quot;created_timestamp&quot;:&quot;0&quot;,&quot;copyright&quot;:&quot;&quot;,&quot;focal_length&quot;:&quot;0&quot;,&quot;iso&quot;:&quot;0&quot;,&quot;shutter_speed&quot;:&quot;0&quot;,&quot;title&quot;:&quot;&quot;,&quot;orientation&quot;:&quot;0&quot;}\" data-image-title=\"fono 1 &#8211; Copia\" data-image-description=\"\" data-medium-file=\"https:\/\/i1.wp.com\/www1.unicap.br\/assecom1\/wp-content\/uploads\/2020\/08\/fono-1-Copia.png?fit=300%2C300&#038;ssl=1\" data-large-file=\"https:\/\/i1.wp.com\/www1.unicap.br\/assecom1\/wp-content\/uploads\/2020\/08\/fono-1-Copia.png?fit=596%2C596&#038;ssl=1\" src=\"https:\/\/i1.wp.com\/www1.unicap.br\/assecom1\/wp-content\/uploads\/2020\/08\/fono-1-Copia.png?w=423&#038;h=423&#038;crop=1&#038;ssl=1\" width=\"423\" height=\"423\" data-original-width=\"423\" data-original-height=\"423\" itemprop=\"http:\/\/schema.org\/image\" title=\"fono 1 - Copia\" alt=\"fono 1 - Copia\" style=\"width: 423px; height: 423px;\" \/> <\/a> <\/div> <\/div> <!-- close group --> <div class=\"gallery-group images-2\" style=\"width: 213px; height: 427px;\" data-original-width=\"213\" data-original-height=\"427\" > <div class=\"tiled-gallery-item tiled-gallery-item-small\" itemprop=\"associatedMedia\" itemscope itemtype=\"http:\/\/schema.org\/ImageObject\"> <a href=\"https:\/\/www1.unicap.br\/assecom1\/projeto-de-extensao-docurso-de-fonoaudiologia-da-dicas-de-saude-vocal-para-professores\/fono-2-2\/\" border=\"0\" itemprop=\"url\"> <meta itemprop=\"width\" content=\"209\"> <meta itemprop=\"height\" content=\"210\"> <img data-attachment-id=\"94688\" data-orig-file=\"https:\/\/www1.unicap.br\/assecom1\/wp-content\/uploads\/2020\/08\/fono-2.png\" data-orig-size=\"596,596\" data-comments-opened=\"1\" data-image-meta=\"{&quot;aperture&quot;:&quot;0&quot;,&quot;credit&quot;:&quot;&quot;,&quot;camera&quot;:&quot;&quot;,&quot;caption&quot;:&quot;&quot;,&quot;created_timestamp&quot;:&quot;0&quot;,&quot;copyright&quot;:&quot;&quot;,&quot;focal_length&quot;:&quot;0&quot;,&quot;iso&quot;:&quot;0&quot;,&quot;shutter_speed&quot;:&quot;0&quot;,&quot;title&quot;:&quot;&quot;,&quot;orientation&quot;:&quot;0&quot;}\" data-image-title=\"fono 2\" data-image-description=\"\" data-medium-file=\"https:\/\/i2.wp.com\/www1.unicap.br\/assecom1\/wp-content\/uploads\/2020\/08\/fono-2.png?fit=300%2C300&#038;ssl=1\" data-large-file=\"https:\/\/i2.wp.com\/www1.unicap.br\/assecom1\/wp-content\/uploads\/2020\/08\/fono-2.png?fit=596%2C596&#038;ssl=1\" src=\"https:\/\/i2.wp.com\/www1.unicap.br\/assecom1\/wp-content\/uploads\/2020\/08\/fono-2.png?w=209&#038;h=210&#038;crop&#038;ssl=1\" width=\"209\" height=\"210\" data-original-width=\"209\" data-original-height=\"210\" itemprop=\"http:\/\/schema.org\/image\" title=\"fono 2\" alt=\"fono 2\" style=\"width: 209px; height: 210px;\" \/> <\/a> <\/div> <div class=\"tiled-gallery-item tiled-gallery-item-small\" itemprop=\"associatedMedia\" itemscope itemtype=\"http:\/\/schema.org\/ImageObject\"> <a href=\"https:\/\/www1.unicap.br\/assecom1\/projeto-de-extensao-docurso-de-fonoaudiologia-da-dicas-de-saude-vocal-para-professores\/fono-3-copia\/\" border=\"0\" itemprop=\"url\"> <meta itemprop=\"width\" content=\"209\"> <meta itemprop=\"height\" content=\"209\"> <img data-attachment-id=\"94692\" data-orig-file=\"https:\/\/www1.unicap.br\/assecom1\/wp-content\/uploads\/2020\/08\/fono-3-Copia.png\" data-orig-size=\"596,596\" data-comments-opened=\"1\" data-image-meta=\"{&quot;aperture&quot;:&quot;0&quot;,&quot;credit&quot;:&quot;&quot;,&quot;camera&quot;:&quot;&quot;,&quot;caption&quot;:&quot;&quot;,&quot;created_timestamp&quot;:&quot;0&quot;,&quot;copyright&quot;:&quot;&quot;,&quot;focal_length&quot;:&quot;0&quot;,&quot;iso&quot;:&quot;0&quot;,&quot;shutter_speed&quot;:&quot;0&quot;,&quot;title&quot;:&quot;&quot;,&quot;orientation&quot;:&quot;0&quot;}\" data-image-title=\"fono 3 &#8211; Copia\" data-image-description=\"\" data-medium-file=\"https:\/\/i1.wp.com\/www1.unicap.br\/assecom1\/wp-content\/uploads\/2020\/08\/fono-3-Copia.png?fit=300%2C300&#038;ssl=1\" data-large-file=\"https:\/\/i1.wp.com\/www1.unicap.br\/assecom1\/wp-content\/uploads\/2020\/08\/fono-3-Copia.png?fit=596%2C596&#038;ssl=1\" src=\"https:\/\/i1.wp.com\/www1.unicap.br\/assecom1\/wp-content\/uploads\/2020\/08\/fono-3-Copia.png?w=209&#038;h=209&#038;crop=1&#038;ssl=1\" width=\"209\" height=\"209\" data-original-width=\"209\" data-original-height=\"209\" itemprop=\"http:\/\/schema.org\/image\" title=\"fono 3 - Copia\" alt=\"fono 3 - Copia\" style=\"width: 209px; height: 209px;\" \/> <\/a> <\/div> <\/div> <!-- close group --> <\/div> <!-- close row --> <div class=\"gallery-row\" style=\"width: 640px; height: 213px;\" data-original-width=\"640\" data-original-height=\"213\" > <div class=\"gallery-group images-1\" style=\"width: 214px; height: 213px;\" data-original-width=\"214\" data-original-height=\"213\" > <div class=\"tiled-gallery-item tiled-gallery-item-small\" itemprop=\"associatedMedia\" itemscope itemtype=\"http:\/\/schema.org\/ImageObject\"> <a href=\"https:\/\/www1.unicap.br\/assecom1\/projeto-de-extensao-docurso-de-fonoaudiologia-da-dicas-de-saude-vocal-para-professores\/fono-4-2\/\" border=\"0\" itemprop=\"url\"> <meta itemprop=\"width\" content=\"210\"> <meta itemprop=\"height\" content=\"209\"> <img data-attachment-id=\"94687\" data-orig-file=\"https:\/\/www1.unicap.br\/assecom1\/wp-content\/uploads\/2020\/08\/fono-4.png\" data-orig-size=\"596,596\" data-comments-opened=\"1\" data-image-meta=\"{&quot;aperture&quot;:&quot;0&quot;,&quot;credit&quot;:&quot;&quot;,&quot;camera&quot;:&quot;&quot;,&quot;caption&quot;:&quot;&quot;,&quot;created_timestamp&quot;:&quot;0&quot;,&quot;copyright&quot;:&quot;&quot;,&quot;focal_length&quot;:&quot;0&quot;,&quot;iso&quot;:&quot;0&quot;,&quot;shutter_speed&quot;:&quot;0&quot;,&quot;title&quot;:&quot;&quot;,&quot;orientation&quot;:&quot;0&quot;}\" data-image-title=\"fono 4\" data-image-description=\"\" data-medium-file=\"https:\/\/i2.wp.com\/www1.unicap.br\/assecom1\/wp-content\/uploads\/2020\/08\/fono-4.png?fit=300%2C300&#038;ssl=1\" data-large-file=\"https:\/\/i2.wp.com\/www1.unicap.br\/assecom1\/wp-content\/uploads\/2020\/08\/fono-4.png?fit=596%2C596&#038;ssl=1\" src=\"https:\/\/i2.wp.com\/www1.unicap.br\/assecom1\/wp-content\/uploads\/2020\/08\/fono-4.png?w=210&#038;h=209&#038;crop&#038;ssl=1\" width=\"210\" height=\"209\" data-original-width=\"210\" data-original-height=\"209\" itemprop=\"http:\/\/schema.org\/image\" title=\"fono 4\" alt=\"fono 4\" style=\"width: 210px; height: 209px;\" \/> <\/a> <\/div> <\/div> <!-- close group --> <div class=\"gallery-group images-1\" style=\"width: 213px; height: 213px;\" data-original-width=\"213\" data-original-height=\"213\" > <div class=\"tiled-gallery-item tiled-gallery-item-small\" itemprop=\"associatedMedia\" itemscope itemtype=\"http:\/\/schema.org\/ImageObject\"> <a href=\"https:\/\/www1.unicap.br\/assecom1\/projeto-de-extensao-docurso-de-fonoaudiologia-da-dicas-de-saude-vocal-para-professores\/fono-5-2\/\" border=\"0\" itemprop=\"url\"> <meta itemprop=\"width\" content=\"209\"> <meta itemprop=\"height\" content=\"209\"> <img data-attachment-id=\"94694\" data-orig-file=\"https:\/\/www1.unicap.br\/assecom1\/wp-content\/uploads\/2020\/08\/fono-5.png\" data-orig-size=\"596,596\" data-comments-opened=\"1\" data-image-meta=\"{&quot;aperture&quot;:&quot;0&quot;,&quot;credit&quot;:&quot;&quot;,&quot;camera&quot;:&quot;&quot;,&quot;caption&quot;:&quot;&quot;,&quot;created_timestamp&quot;:&quot;0&quot;,&quot;copyright&quot;:&quot;&quot;,&quot;focal_length&quot;:&quot;0&quot;,&quot;iso&quot;:&quot;0&quot;,&quot;shutter_speed&quot;:&quot;0&quot;,&quot;title&quot;:&quot;&quot;,&quot;orientation&quot;:&quot;0&quot;}\" data-image-title=\"fono 5\" data-image-description=\"\" data-medium-file=\"https:\/\/i0.wp.com\/www1.unicap.br\/assecom1\/wp-content\/uploads\/2020\/08\/fono-5.png?fit=300%2C300&#038;ssl=1\" data-large-file=\"https:\/\/i0.wp.com\/www1.unicap.br\/assecom1\/wp-content\/uploads\/2020\/08\/fono-5.png?fit=596%2C596&#038;ssl=1\" src=\"https:\/\/i0.wp.com\/www1.unicap.br\/assecom1\/wp-content\/uploads\/2020\/08\/fono-5.png?w=209&#038;h=209&#038;crop=1&#038;ssl=1\" width=\"209\" height=\"209\" data-original-width=\"209\" data-original-height=\"209\" itemprop=\"http:\/\/schema.org\/image\" title=\"fono 5\" alt=\"fono 5\" style=\"width: 209px; height: 209px;\" \/> <\/a> <\/div> <\/div> <!-- close group --> <div class=\"gallery-group images-1\" style=\"width: 213px; height: 213px;\" data-original-width=\"213\" data-original-height=\"213\" > <div class=\"tiled-gallery-item tiled-gallery-item-small\" itemprop=\"associatedMedia\" itemscope itemtype=\"http:\/\/schema.org\/ImageObject\"> <a href=\"https:\/\/www1.unicap.br\/assecom1\/projeto-de-extensao-docurso-de-fonoaudiologia-da-dicas-de-saude-vocal-para-professores\/fono-6\/\" border=\"0\" itemprop=\"url\"> <meta itemprop=\"width\" content=\"209\"> <meta itemprop=\"height\" content=\"209\"> <img data-attachment-id=\"94686\" data-orig-file=\"https:\/\/www1.unicap.br\/assecom1\/wp-content\/uploads\/2020\/08\/fono-6.png\" data-orig-size=\"596,596\" data-comments-opened=\"1\" data-image-meta=\"{&quot;aperture&quot;:&quot;0&quot;,&quot;credit&quot;:&quot;&quot;,&quot;camera&quot;:&quot;&quot;,&quot;caption&quot;:&quot;&quot;,&quot;created_timestamp&quot;:&quot;0&quot;,&quot;copyright&quot;:&quot;&quot;,&quot;focal_length&quot;:&quot;0&quot;,&quot;iso&quot;:&quot;0&quot;,&quot;shutter_speed&quot;:&quot;0&quot;,&quot;title&quot;:&quot;&quot;,&quot;orientation&quot;:&quot;0&quot;}\" data-image-title=\"fono 6\" data-image-description=\"\" data-medium-file=\"https:\/\/i0.wp.com\/www1.unicap.br\/assecom1\/wp-content\/uploads\/2020\/08\/fono-6.png?fit=300%2C300&#038;ssl=1\" data-large-file=\"https:\/\/i0.wp.com\/www1.unicap.br\/assecom1\/wp-content\/uploads\/2020\/08\/fono-6.png?fit=596%2C596&#038;ssl=1\" src=\"https:\/\/i0.wp.com\/www1.unicap.br\/assecom1\/wp-content\/uploads\/2020\/08\/fono-6.png?w=209&#038;h=209&#038;crop=1&#038;ssl=1\" width=\"209\" height=\"209\" data-original-width=\"209\" data-original-height=\"209\" itemprop=\"http:\/\/schema.org\/image\" title=\"fono 6\" alt=\"fono 6\" style=\"width: 209px; height: 209px;\" \/> <\/a> <\/div> <\/div> <!-- close group --> <\/div> <!-- close row --> <div class=\"gallery-row\" style=\"width: 640px; height: 160px;\" data-original-width=\"640\" data-original-height=\"160\" > <div class=\"gallery-group images-1\" style=\"width: 160px; height: 160px;\" data-original-width=\"160\" data-original-height=\"160\" > <div class=\"tiled-gallery-item tiled-gallery-item-small\" itemprop=\"associatedMedia\" itemscope itemtype=\"http:\/\/schema.org\/ImageObject\"> <a href=\"https:\/\/www1.unicap.br\/assecom1\/projeto-de-extensao-docurso-de-fonoaudiologia-da-dicas-de-saude-vocal-para-professores\/fono-7\/\" border=\"0\" itemprop=\"url\"> <meta itemprop=\"width\" content=\"156\"> <meta itemprop=\"height\" content=\"156\"> <img data-attachment-id=\"94685\" data-orig-file=\"https:\/\/www1.unicap.br\/assecom1\/wp-content\/uploads\/2020\/08\/fono-7.png\" data-orig-size=\"596,596\" data-comments-opened=\"1\" data-image-meta=\"{&quot;aperture&quot;:&quot;0&quot;,&quot;credit&quot;:&quot;&quot;,&quot;camera&quot;:&quot;&quot;,&quot;caption&quot;:&quot;&quot;,&quot;created_timestamp&quot;:&quot;0&quot;,&quot;copyright&quot;:&quot;&quot;,&quot;focal_length&quot;:&quot;0&quot;,&quot;iso&quot;:&quot;0&quot;,&quot;shutter_speed&quot;:&quot;0&quot;,&quot;title&quot;:&quot;&quot;,&quot;orientation&quot;:&quot;0&quot;}\" data-image-title=\"fono 7\" data-image-description=\"\" data-medium-file=\"https:\/\/i2.wp.com\/www1.unicap.br\/assecom1\/wp-content\/uploads\/2020\/08\/fono-7.png?fit=300%2C300&#038;ssl=1\" data-large-file=\"https:\/\/i2.wp.com\/www1.unicap.br\/assecom1\/wp-content\/uploads\/2020\/08\/fono-7.png?fit=596%2C596&#038;ssl=1\" src=\"https:\/\/i2.wp.com\/www1.unicap.br\/assecom1\/wp-content\/uploads\/2020\/08\/fono-7.png?w=156&#038;h=156&#038;crop=1&#038;ssl=1\" width=\"156\" height=\"156\" data-original-width=\"156\" data-original-height=\"156\" itemprop=\"http:\/\/schema.org\/image\" title=\"fono 7\" alt=\"fono 7\" style=\"width: 156px; height: 156px;\" \/> <\/a> <\/div> <\/div> <!-- close group --> <div class=\"gallery-group images-1\" style=\"width: 160px; height: 160px;\" data-original-width=\"160\" data-original-height=\"160\" > <div class=\"tiled-gallery-item tiled-gallery-item-small\" itemprop=\"associatedMedia\" itemscope itemtype=\"http:\/\/schema.org\/ImageObject\"> <a href=\"https:\/\/www1.unicap.br\/assecom1\/projeto-de-extensao-docurso-de-fonoaudiologia-da-dicas-de-saude-vocal-para-professores\/fono-8\/\" border=\"0\" itemprop=\"url\"> <meta itemprop=\"width\" content=\"156\"> <meta itemprop=\"height\" content=\"156\"> <img data-attachment-id=\"94684\" data-orig-file=\"https:\/\/www1.unicap.br\/assecom1\/wp-content\/uploads\/2020\/08\/fono-8.png\" data-orig-size=\"596,596\" data-comments-opened=\"1\" data-image-meta=\"{&quot;aperture&quot;:&quot;0&quot;,&quot;credit&quot;:&quot;&quot;,&quot;camera&quot;:&quot;&quot;,&quot;caption&quot;:&quot;&quot;,&quot;created_timestamp&quot;:&quot;0&quot;,&quot;copyright&quot;:&quot;&quot;,&quot;focal_length&quot;:&quot;0&quot;,&quot;iso&quot;:&quot;0&quot;,&quot;shutter_speed&quot;:&quot;0&quot;,&quot;title&quot;:&quot;&quot;,&quot;orientation&quot;:&quot;0&quot;}\" data-image-title=\"fono 8\" data-image-description=\"\" data-medium-file=\"https:\/\/i2.wp.com\/www1.unicap.br\/assecom1\/wp-content\/uploads\/2020\/08\/fono-8.png?fit=300%2C300&#038;ssl=1\" data-large-file=\"https:\/\/i2.wp.com\/www1.unicap.br\/assecom1\/wp-content\/uploads\/2020\/08\/fono-8.png?fit=596%2C596&#038;ssl=1\" src=\"https:\/\/i2.wp.com\/www1.unicap.br\/assecom1\/wp-content\/uploads\/2020\/08\/fono-8.png?w=156&#038;h=156&#038;crop=1&#038;ssl=1\" width=\"156\" height=\"156\" data-original-width=\"156\" data-original-height=\"156\" itemprop=\"http:\/\/schema.org\/image\" title=\"fono 8\" alt=\"fono 8\" style=\"width: 156px; height: 156px;\" \/> <\/a> <\/div> <\/div> <!-- close group --> <div class=\"gallery-group images-1\" style=\"width: 160px; height: 160px;\" data-original-width=\"160\" data-original-height=\"160\" > <div class=\"tiled-gallery-item tiled-gallery-item-small\" itemprop=\"associatedMedia\" itemscope itemtype=\"http:\/\/schema.org\/ImageObject\"> <a href=\"https:\/\/www1.unicap.br\/assecom1\/projeto-de-extensao-docurso-de-fonoaudiologia-da-dicas-de-saude-vocal-para-professores\/fono-9\/\" border=\"0\" itemprop=\"url\"> <meta itemprop=\"width\" content=\"156\"> <meta itemprop=\"height\" content=\"156\"> <img data-attachment-id=\"94683\" data-orig-file=\"https:\/\/www1.unicap.br\/assecom1\/wp-content\/uploads\/2020\/08\/fono-9.png\" data-orig-size=\"596,596\" data-comments-opened=\"1\" data-image-meta=\"{&quot;aperture&quot;:&quot;0&quot;,&quot;credit&quot;:&quot;&quot;,&quot;camera&quot;:&quot;&quot;,&quot;caption&quot;:&quot;&quot;,&quot;created_timestamp&quot;:&quot;0&quot;,&quot;copyright&quot;:&quot;&quot;,&quot;focal_length&quot;:&quot;0&quot;,&quot;iso&quot;:&quot;0&quot;,&quot;shutter_speed&quot;:&quot;0&quot;,&quot;title&quot;:&quot;&quot;,&quot;orientation&quot;:&quot;0&quot;}\" data-image-title=\"fono 9\" data-image-description=\"\" data-medium-file=\"https:\/\/i0.wp.com\/www1.unicap.br\/assecom1\/wp-content\/uploads\/2020\/08\/fono-9.png?fit=300%2C300&#038;ssl=1\" data-large-file=\"https:\/\/i0.wp.com\/www1.unicap.br\/assecom1\/wp-content\/uploads\/2020\/08\/fono-9.png?fit=596%2C596&#038;ssl=1\" src=\"https:\/\/i0.wp.com\/www1.unicap.br\/assecom1\/wp-content\/uploads\/2020\/08\/fono-9.png?w=156&#038;h=156&#038;crop=1&#038;ssl=1\" width=\"156\" height=\"156\" data-original-width=\"156\" data-original-height=\"156\" itemprop=\"http:\/\/schema.org\/image\" title=\"fono 9\" alt=\"fono 9\" style=\"width: 156px; height: 156px;\" \/> <\/a> <\/div> <\/div> <!-- close group --> <div class=\"gallery-group images-1\" style=\"width: 160px; height: 160px;\" data-original-width=\"160\" data-original-height=\"160\" > <div class=\"tiled-gallery-item tiled-gallery-item-small\" itemprop=\"associatedMedia\" itemscope itemtype=\"http:\/\/schema.org\/ImageObject\"> <a href=\"https:\/\/www1.unicap.br\/assecom1\/projeto-de-extensao-docurso-de-fonoaudiologia-da-dicas-de-saude-vocal-para-professores\/fono-10\/\" border=\"0\" itemprop=\"url\"> <meta itemprop=\"width\" content=\"156\"> <meta itemprop=\"height\" content=\"156\"> <img data-attachment-id=\"94682\" data-orig-file=\"https:\/\/www1.unicap.br\/assecom1\/wp-content\/uploads\/2020\/08\/fono-10.png\" data-orig-size=\"597,596\" data-comments-opened=\"1\" data-image-meta=\"{&quot;aperture&quot;:&quot;0&quot;,&quot;credit&quot;:&quot;&quot;,&quot;camera&quot;:&quot;&quot;,&quot;caption&quot;:&quot;&quot;,&quot;created_timestamp&quot;:&quot;0&quot;,&quot;copyright&quot;:&quot;&quot;,&quot;focal_length&quot;:&quot;0&quot;,&quot;iso&quot;:&quot;0&quot;,&quot;shutter_speed&quot;:&quot;0&quot;,&quot;title&quot;:&quot;&quot;,&quot;orientation&quot;:&quot;0&quot;}\" data-image-title=\"fono 10\" data-image-description=\"\" data-medium-file=\"https:\/\/i0.wp.com\/www1.unicap.br\/assecom1\/wp-content\/uploads\/2020\/08\/fono-10.png?fit=300%2C300&#038;ssl=1\" data-large-file=\"https:\/\/i0.wp.com\/www1.unicap.br\/assecom1\/wp-content\/uploads\/2020\/08\/fono-10.png?fit=597%2C596&#038;ssl=1\" src=\"https:\/\/i0.wp.com\/www1.unicap.br\/assecom1\/wp-content\/uploads\/2020\/08\/fono-10.png?w=156&#038;h=156&#038;crop=1&#038;ssl=1\" width=\"156\" height=\"156\" data-original-width=\"156\" data-original-height=\"156\" itemprop=\"http:\/\/schema.org\/image\" title=\"fono 10\" alt=\"fono 10\" style=\"width: 156px; height: 156px;\" \/> <\/a> <\/div> <\/div> <!-- close group --> <\/div> <!-- close row --> <\/div>\n","protected":false},"excerpt":{"rendered":"<p>Por Bernardo Sampaio &#8211; estagi\u00e1rio do curso de Jornalismo A mudan\u00e7a das aulas para o meio remoto exigiu (e exige) um refor\u00e7o extra na sa\u00fade vocal dos professores. Diante desta nova realidade, o curso de Fonoaudiologia desenvolve o projeto de extens\u00e3o A Vez da Voz, que tem como objetivo beneficiar a sa\u00fade vocal de quem [&hellip;]<\/p>\n","protected":false},"author":8,"featured_media":94690,"comment_status":"open","ping_status":"open","sticky":false,"template":"","format":"standard","meta":[],"categories":[4],"tags":[],"jetpack-related-posts":[],"_links":{"self":[{"href":"https:\/\/www1.unicap.br\/assecom1\/wp-json\/wp\/v2\/posts\/94681"}],"collection":[{"href":"https:\/\/www1.unicap.br\/assecom1\/wp-json\/wp\/v2\/posts"}],"about":[{"href":"https:\/\/www1.unicap.br\/assecom1\/wp-json\/wp\/v2\/types\/post"}],"author":[{"embeddable":true,"href":"https:\/\/www1.unicap.br\/assecom1\/wp-json\/wp\/v2\/users\/8"}],"replies":[{"embeddable":true,"href":"https:\/\/www1.unicap.br\/assecom1\/wp-json\/wp\/v2\/comments?post=94681"}],"version-history":[{"count":5,"href":"https:\/\/www1.unicap.br\/assecom1\/wp-json\/wp\/v2\/posts\/94681\/revisions"}],"predecessor-version":[{"id":94699,"href":"https:\/\/www1.unicap.br\/assecom1\/wp-json\/wp\/v2\/posts\/94681\/revisions\/94699"}],"wp:featuredmedia":[{"embeddable":true,"href":"https:\/\/www1.unicap.br\/assecom1\/wp-json\/wp\/v2\/media\/94690"}],"wp:attachment":[{"href":"https:\/\/www1.unicap.br\/assecom1\/wp-json\/wp\/v2\/media?parent=94681"}],"wp:term":[{"taxonomy":"category","embeddable":true,"href":"https:\/\/www1.unicap.br\/assecom1\/wp-json\/wp\/v2\/categories?post=94681"},{"taxonomy":"post_tag","embeddable":true,"href":"https:\/\/www1.unicap.br\/assecom1\/wp-json\/wp\/v2\/tags?post=94681"}],"curies":[{"name":"wp","href":"https:\/\/api.w.org\/{rel}","templated":true}]}}