{"id":93811,"date":"2020-03-25T16:57:50","date_gmt":"2020-03-25T19:57:50","guid":{"rendered":"http:\/\/www.unicap.br\/assecom1\/?p=93811"},"modified":"2020-03-25T19:20:03","modified_gmt":"2020-03-25T22:20:03","slug":"catolica-apoia-acao-emergencial-para-acolher-populacao-em-situacao-de-rua-no-predio-do-antigo-liceu","status":"publish","type":"post","link":"https:\/\/www1.unicap.br\/assecom1\/catolica-apoia-acao-emergencial-para-acolher-populacao-em-situacao-de-rua-no-predio-do-antigo-liceu\/","title":{"rendered":"Cat\u00f3lica apoia a\u00e7\u00e3o emergencial para atender a popula\u00e7\u00e3o em situa\u00e7\u00e3o de rua no pr\u00e9dio do antigo Liceu"},"content":{"rendered":"<p>A Universidade Cat\u00f3lica de Pernambuco firmar\u00e1 um conv\u00eanio de coopera\u00e7\u00e3o com a Prefeitura do Recife e o Porto Social para a cess\u00e3o tempor\u00e1ria de parte do pr\u00e9dio do antigo Liceu de Artes e Of\u00edcios, na Pra\u00e7a da Rep\u00fablica, e apoio para\u00a0 o funcionamento de um espa\u00e7o emergencial para assist\u00eancia \u00e0 popula\u00e7\u00e3o em situa\u00e7\u00e3o de rua. No local, os moradores de rua v\u00e3o receber alimenta\u00e7\u00e3o, tomar banho e lavar suas roupas.<\/p>\n<p>A decis\u00e3o foi tomada, na manh\u00e3 desta quarta-feira (25), em reuni\u00e3o realizada na Unicap, da qual participaram o Reitor, Padre Pedro Rubens, o Pr\u00f3-reitor Administrativo, M\u00e1rcio Waked, a secret\u00e1ria de Desenvolvimento Social, Juventude e Pol\u00edticas sobre Drogas e Direitos Humanos do Recife, Ana Rita Suassuna, o presidente do Porto Social, F\u00e1bio Silva, e o presidente da ONG Samaritanos, Rafael Ara\u00fajo.<\/p>\n<p>No encontro, ficou acertado tamb\u00e9m o apoio da Cat\u00f3lica \u00e0 campanha da ONG Novo Jeito para arrecada\u00e7\u00e3o de doa\u00e7\u00f5es para a compra de cestas b\u00e1sicas que ser\u00e3o distribu\u00eddas com pessoas em vulnerabilidade social. A meta \u00e9 doar 500 mil cestas b\u00e1sicas. A campanha teve in\u00edcio na sexta-feira e at\u00e9 esta quarta-feira (25) j\u00e1 arrecadou 15 mil cestas. Al\u00e9m da Cat\u00f3lica, a a\u00e7\u00e3o j\u00e1 conta com a parceria da Prefeitura do Recife, Porto Social e Transforma Recife.<\/p>\n<p>Quem quiser contribuir deve fazer o dep\u00f3sito de R$ 48 na conta banc\u00e1ria da ONG Novo Jeito, que ficar\u00e1 encarregada de comprar os alimentos, montar os kits e fazer as entregas. As cestas ser\u00e3o distribu\u00eddas para projetos sociais que atuam diretamente em comunidades com pessoas em vulnerabilidade social e com a popula\u00e7\u00e3o em situa\u00e7\u00e3o de rua. A distribui\u00e7\u00e3o das cestas ser\u00e1 feita em parceria com as ONGs cadastradas na plataforma Transforma Recife.<\/p>\n<p>A doa\u00e7\u00e3o dever\u00e1 ser feita na conta 130011107, ag\u00eancia 4048, Banco Santander, em favor da Associa\u00e7\u00e3o Novo Jeito, CNPJ 16.843.830\/0001-10. O comprovante deve ser enviado para o email contato@novojeito.com.<\/p>\n<p>A Cat\u00f3lica firmou tamb\u00e9m o compromisso de contribuir, por meio da Funda\u00e7\u00e3o Ant\u00f4nio dos Santos Abranches (Fasa), com a aquisi\u00e7\u00e3o de EPIs para os volunt\u00e1rios que est\u00e3o atuando junto \u00e0s fam\u00edlias em situa\u00e7\u00e3o de vulnerabilidade, bem como de promover o engajamento sua comunidade acad\u00eamica e divulgar a import\u00e2ncia de participa\u00e7\u00e3o em atividades de voluntariado neste momento de enfrentamento ao coronav\u00edrus.<\/p>\n","protected":false},"excerpt":{"rendered":"<p>A Universidade Cat\u00f3lica de Pernambuco firmar\u00e1 um conv\u00eanio de coopera\u00e7\u00e3o com a Prefeitura do Recife e o Porto Social para a cess\u00e3o tempor\u00e1ria de parte do pr\u00e9dio do antigo Liceu de Artes e Of\u00edcios, na Pra\u00e7a da Rep\u00fablica, e apoio para\u00a0 o funcionamento de um espa\u00e7o emergencial para assist\u00eancia \u00e0 popula\u00e7\u00e3o em situa\u00e7\u00e3o de rua. [&hellip;]<\/p>\n","protected":false},"author":2,"featured_media":93816,"comment_status":"open","ping_status":"open","sticky":false,"template":"","format":"standard","meta":[],"categories":[4],"tags":[],"jetpack-related-posts":[],"_links":{"self":[{"href":"https:\/\/www1.unicap.br\/assecom1\/wp-json\/wp\/v2\/posts\/93811"}],"collection":[{"href":"https:\/\/www1.unicap.br\/assecom1\/wp-json\/wp\/v2\/posts"}],"about":[{"href":"https:\/\/www1.unicap.br\/assecom1\/wp-json\/wp\/v2\/types\/post"}],"author":[{"embeddable":true,"href":"https:\/\/www1.unicap.br\/assecom1\/wp-json\/wp\/v2\/users\/2"}],"replies":[{"embeddable":true,"href":"https:\/\/www1.unicap.br\/assecom1\/wp-json\/wp\/v2\/comments?post=93811"}],"version-history":[{"count":6,"href":"https:\/\/www1.unicap.br\/assecom1\/wp-json\/wp\/v2\/posts\/93811\/revisions"}],"predecessor-version":[{"id":93819,"href":"https:\/\/www1.unicap.br\/assecom1\/wp-json\/wp\/v2\/posts\/93811\/revisions\/93819"}],"wp:featuredmedia":[{"embeddable":true,"href":"https:\/\/www1.unicap.br\/assecom1\/wp-json\/wp\/v2\/media\/93816"}],"wp:attachment":[{"href":"https:\/\/www1.unicap.br\/assecom1\/wp-json\/wp\/v2\/media?parent=93811"}],"wp:term":[{"taxonomy":"category","embeddable":true,"href":"https:\/\/www1.unicap.br\/assecom1\/wp-json\/wp\/v2\/categories?post=93811"},{"taxonomy":"post_tag","embeddable":true,"href":"https:\/\/www1.unicap.br\/assecom1\/wp-json\/wp\/v2\/tags?post=93811"}],"curies":[{"name":"wp","href":"https:\/\/api.w.org\/{rel}","templated":true}]}}