{"id":918,"date":"2010-04-07T19:16:36","date_gmt":"2010-04-07T22:16:36","guid":{"rendered":"http:\/\/www.unicap.br\/assecom1\/?p=918"},"modified":"2010-04-07T19:16:36","modified_gmt":"2010-04-07T22:16:36","slug":"reitor-participa-da-abertura-do-ii-congresso-internacional-de-tecnologia-aplicada-para-arquitetura-e-engenharia-sustentaveis","status":"publish","type":"post","link":"https:\/\/www1.unicap.br\/assecom1\/reitor-participa-da-abertura-do-ii-congresso-internacional-de-tecnologia-aplicada-para-arquitetura-e-engenharia-sustentaveis\/","title":{"rendered":"Reitor participa da abertura do II Congresso Internacional de Tecnologia Aplicada para Arquitetura e Engenharia Sustent\u00e1veis"},"content":{"rendered":"<p><a rel=\"attachment wp-att-920\" href=\"https:\/\/www1.unicap.br\/assecom1\/?attachment_id=920\"><img loading=\"lazy\" class=\"alignleft\" src=\"https:\/\/i0.wp.com\/www1.unicap.br\/assecom1\/wp-content\/uploads\/2010\/04\/SDC14566.jpg?resize=300%2C225&#038;ssl=1\" alt=\"\" data-recalc-dims=\"1\" \/><\/a>O Reitor da Universidade Cat\u00f3lica de Pernambuco, Padre Pedro Rubens, participou, na noite da \u00faltima ter\u00e7a-feira (06), da abertura oficial do II Congresso Internacional de Tecnologia Aplicada para Arquitetura e Engenharia Sustent\u00e1veis (CITAES 2010). Entre os presentes no evento, e que tamb\u00e9m compuseram a mesa, estavam o prefeito da cidade do Recife, Jo\u00e3o da Costa, o Reitor da Universidade de Pernambuco (UPE), Carlos Calado, o presidente do Sindicato Nacional da Arquitetura e da Engenharia (Sinaenco), Alberto de Oliveira, e representantes do governo do estado e de empresas ligadas ao ramo de arquitetura e engenharia.\u00a0<\/p>\n<p>Quem abriu a solenidade foi o presidente da Sinaenco, que ressaltou a import\u00e2ncia do evento, que tem como tema central \u201cCidades Sustent\u00e1veis\u201d, tendo em vista o crescimento urbano e populacional das cidades no mundo inteiro, e aproveitou a oportunidade, por ter a presen\u00e7a de autoridades governamentais de Pernambuco, para promover a sustentabilidade no estado. Logo em seguida, teve a palavra o prefeito Jo\u00e3o da Costa, que entre outras coisas, comentou sobre a desigualdade social mundial e prop\u00f4s a reflex\u00e3o da sustentabilidade no Recife.\u00a0<!--more--><\/p>\n<p>Logo ap\u00f3s a abertura oficial, feita por Alberto Oliveira e pelo prefeito do Recife, o primeiro palestrante do evento, o Dr. Marcos Magalh\u00e3es, introduziu com uma apresenta\u00e7\u00e3o sobre o desenvolvimento urbano e renda <em>per capta<\/em>, que calcula como \u00e9 feita a distribui\u00e7\u00e3o de renda por pessoa nos pa\u00edses, e ainda acrescentou sua explana\u00e7\u00e3o com um estudo feito pelo BRIC`s (Brasil, R\u00fassia, \u00cdndia e China), que afirma que o Brasil estar\u00e1, em 2050, no <em>ranking <\/em>dos cinco pa\u00edses mais desenvolvidos do mundo. Afirma\u00e7\u00e3o desacreditada por Magalh\u00e3es. \u201cO Brasil \u00e9 um pa\u00eds pobre, que investe pouco em crescimento. Ainda tem um n\u00famero pequeno de pessoas capacitadas. N\u00e3o acredito que estar\u00e1 entre os cinco pa\u00edses mais desenvolvidos no mundo na pr\u00f3xima d\u00e9cada\u201d, acrescentou Magalh\u00e3es.\u00a0<\/p>\n<p>Padre Pedro Rubens ainda participar\u00e1 do congresso como conferencista nesta quinta-feira (08).\u00a0O Reitor da Unicap presidir\u00e1 a confer\u00eancia sobre \u201cCidade Educada\u201d. Para ter acesso a programa\u00e7\u00e3o completa do evento acesse<a rel=\"attachment wp-att-920\" href=\"https:\/\/www1.unicap.br\/assecom1\/?attachment_id=920\"><\/a> a p\u00e1gina: <a title=\"Citaes 2010\" href=\"http:\/\/www.citaes.com.br\/?op=paginas&amp;tipo=secao&amp;secao=4&amp;pagina=5\" target=\"_blank\">http:\/\/www.citaes.com.br\/?op=paginas&amp;tipo=secao&amp;secao=4&amp;pagina=5<\/a><\/p>\n","protected":false},"excerpt":{"rendered":"<p>O Reitor da Universidade Cat\u00f3lica de Pernambuco, Padre Pedro Rubens, participou, na noite da \u00faltima ter\u00e7a-feira (06), da abertura oficial do II Congresso Internacional de Tecnologia Aplicada para Arquitetura e Engenharia Sustent\u00e1veis (CITAES 2010). Entre os presentes no evento, e que tamb\u00e9m compuseram a mesa, estavam o prefeito da cidade do Recife, Jo\u00e3o da Costa, [&hellip;]<\/p>\n","protected":false},"author":13,"featured_media":0,"comment_status":"open","ping_status":"open","sticky":false,"template":"","format":"standard","meta":[],"categories":[4],"tags":[],"jetpack-related-posts":[],"_links":{"self":[{"href":"https:\/\/www1.unicap.br\/assecom1\/wp-json\/wp\/v2\/posts\/918"}],"collection":[{"href":"https:\/\/www1.unicap.br\/assecom1\/wp-json\/wp\/v2\/posts"}],"about":[{"href":"https:\/\/www1.unicap.br\/assecom1\/wp-json\/wp\/v2\/types\/post"}],"author":[{"embeddable":true,"href":"https:\/\/www1.unicap.br\/assecom1\/wp-json\/wp\/v2\/users\/13"}],"replies":[{"embeddable":true,"href":"https:\/\/www1.unicap.br\/assecom1\/wp-json\/wp\/v2\/comments?post=918"}],"version-history":[{"count":0,"href":"https:\/\/www1.unicap.br\/assecom1\/wp-json\/wp\/v2\/posts\/918\/revisions"}],"wp:attachment":[{"href":"https:\/\/www1.unicap.br\/assecom1\/wp-json\/wp\/v2\/media?parent=918"}],"wp:term":[{"taxonomy":"category","embeddable":true,"href":"https:\/\/www1.unicap.br\/assecom1\/wp-json\/wp\/v2\/categories?post=918"},{"taxonomy":"post_tag","embeddable":true,"href":"https:\/\/www1.unicap.br\/assecom1\/wp-json\/wp\/v2\/tags?post=918"}],"curies":[{"name":"wp","href":"https:\/\/api.w.org\/{rel}","templated":true}]}}