{"id":9164,"date":"2010-09-15T20:14:17","date_gmt":"2010-09-15T23:14:17","guid":{"rendered":"http:\/\/www.unicap.br\/assecom1\/?p=9164"},"modified":"2010-09-15T20:14:17","modified_gmt":"2010-09-15T23:14:17","slug":"recife-sedia-o-iii-encontro-nacional-de-radio-e-ciencia","status":"publish","type":"post","link":"https:\/\/www1.unicap.br\/assecom1\/recife-sedia-o-iii-encontro-nacional-de-radio-e-ciencia\/","title":{"rendered":"Recife sedia o III Encontro Nacional de R\u00e1dio e Ci\u00eancia"},"content":{"rendered":"<p>Com informa\u00e7\u00f5es da Assessoria de Comunica\u00e7\u00e3o da UFPE<\/p>\n<p>A Universidade Federal de Pernambuco est\u00e1 realizando durante esta semana o III Encontro Nacional de R\u00e1dio e Ci\u00eancia.\u00a0O evento come\u00e7ou ontem (14) e vai at\u00e9 amanh\u00e3 (16), no audit\u00f3rio do CCSA da Institui\u00e7\u00e3o. Organizado pela Coordenadoria de Ensino de Ci\u00eancias do Nordeste (Cecine), o encontro tem como objetivo discutir a\u00e7\u00f5es e possibilidades de divulga\u00e7\u00e3o de ci\u00eancia e tecnologia atrav\u00e9s das ondas do r\u00e1dio.<\/p>\n<p>O evento chega \u00e0s terras pernambucanas pela primeira vez e d\u00e1 sequ\u00eancia aos dois encontros anteriores, realizados em Bras\u00edlia (2006) e em Belo Horizonte (2008).<\/p>\n<p>O III Encontro Nacional de R\u00e1dio e Ci\u00eancia conta com a participa\u00e7\u00e3o de especialistas na \u00e1rea, como Marzia Mazzonetto, da Espanha; Orlando Guilhon, superintendente de R\u00e1dio da Empresa Brasil de Comunica\u00e7\u00e3o; Ildeu de Castro Moreira, diretor do Departamento de Difus\u00e3o e Populariza\u00e7\u00e3o da Ci\u00eancia do MCT; entre outros.<\/p>\n<p>O evento oferece palestras, pain\u00e9is, mesas-redondas e minicursos.<\/p>\n<p><strong>Mais informa\u00e7\u00f5es<br \/>\n(81) 2126.7030<br \/>\n<\/strong><a title=\"blocked::http:\/\/www.radiociencia3.com.br\/\" href=\"http:\/\/www.radiociencia3.com.br\"><strong>www.radiociencia3.com.br<\/strong><\/a>\u00a0\u00a0<span>\u00a0<\/span><\/p>\n","protected":false},"excerpt":{"rendered":"<p>Com informa\u00e7\u00f5es da Assessoria de Comunica\u00e7\u00e3o da UFPE A Universidade Federal de Pernambuco est\u00e1 realizando durante esta semana o III Encontro Nacional de R\u00e1dio e Ci\u00eancia.\u00a0O evento come\u00e7ou ontem (14) e vai at\u00e9 amanh\u00e3 (16), no audit\u00f3rio do CCSA da Institui\u00e7\u00e3o. Organizado pela Coordenadoria de Ensino de Ci\u00eancias do Nordeste (Cecine), o encontro tem como [&hellip;]<\/p>\n","protected":false},"author":15,"featured_media":0,"comment_status":"open","ping_status":"open","sticky":false,"template":"","format":"standard","meta":[],"categories":[4],"tags":[],"jetpack-related-posts":[],"_links":{"self":[{"href":"https:\/\/www1.unicap.br\/assecom1\/wp-json\/wp\/v2\/posts\/9164"}],"collection":[{"href":"https:\/\/www1.unicap.br\/assecom1\/wp-json\/wp\/v2\/posts"}],"about":[{"href":"https:\/\/www1.unicap.br\/assecom1\/wp-json\/wp\/v2\/types\/post"}],"author":[{"embeddable":true,"href":"https:\/\/www1.unicap.br\/assecom1\/wp-json\/wp\/v2\/users\/15"}],"replies":[{"embeddable":true,"href":"https:\/\/www1.unicap.br\/assecom1\/wp-json\/wp\/v2\/comments?post=9164"}],"version-history":[{"count":0,"href":"https:\/\/www1.unicap.br\/assecom1\/wp-json\/wp\/v2\/posts\/9164\/revisions"}],"wp:attachment":[{"href":"https:\/\/www1.unicap.br\/assecom1\/wp-json\/wp\/v2\/media?parent=9164"}],"wp:term":[{"taxonomy":"category","embeddable":true,"href":"https:\/\/www1.unicap.br\/assecom1\/wp-json\/wp\/v2\/categories?post=9164"},{"taxonomy":"post_tag","embeddable":true,"href":"https:\/\/www1.unicap.br\/assecom1\/wp-json\/wp\/v2\/tags?post=9164"}],"curies":[{"name":"wp","href":"https:\/\/api.w.org\/{rel}","templated":true}]}}