{"id":9156,"date":"2010-09-15T20:21:20","date_gmt":"2010-09-15T23:21:20","guid":{"rendered":"http:\/\/www.unicap.br\/assecom1\/?p=9156"},"modified":"2010-09-15T20:21:20","modified_gmt":"2010-09-15T23:21:20","slug":"simposio-de-teologia-termina-com-conferencia-sobre-o-sagrado-e-a-beleza","status":"publish","type":"post","link":"https:\/\/www1.unicap.br\/assecom1\/simposio-de-teologia-termina-com-conferencia-sobre-o-sagrado-e-a-beleza\/","title":{"rendered":"Simp\u00f3sio de Teologia termina com confer\u00eancia sobre o sagrado e a beleza"},"content":{"rendered":"<p><a rel=\"attachment wp-att-9157\" href=\"https:\/\/www1.unicap.br\/assecom1\/?attachment_id=9157\"><img loading=\"lazy\" class=\"alignleft size-medium wp-image-9157\" src=\"https:\/\/i2.wp.com\/www1.unicap.br\/assecom1\/wp-content\/uploads\/2010\/09\/SDC13546.jpg?resize=300%2C225&#038;ssl=1\" alt=\"\" data-recalc-dims=\"1\" \/><\/a>O III Simp\u00f3sio Internacional de Teologia e Ci\u00eancia da Religi\u00e3o terminou sexta-feira (10) com a\u00a0confer\u00eancia\u00a0&#8220;<strong>O Sagrado e a Beleza<\/strong>\u201c,\u00a0ministrada pelo\u00a0paulista\u00a0Cl\u00e1udio Pastro, artista sacro\u00a0e liturgista. Assistiram \u00e0 palestra o Reitor, Padre Pedro Rubens; o Pr\u00f3-Reitor Comunit\u00e1rio, Padre Miguel Martins; o coordenador do curso de Teologia, Cla\u00fadio Vianney; o Padre Hugo Ara; e a Irm\u00e3\u00a0Maria Lu\u00edsa\u00a0Almendra, da Universidade Cat\u00f3lica Portuguesa\u00a0(UCP-Portugal).<\/p>\n<p>O artista tem realizado pinturas, vitrais, azulejos, altares, cruzes, vasos sagrados e esculturas para presbit\u00e9rios, capelas, igrejas, mosteiros e catedrais, n\u00e3o s\u00f3 no<a rel=\"attachment wp-att-9158\" href=\"https:\/\/www1.unicap.br\/assecom1\/?attachment_id=9158\"><\/a> Brasil, como tamb\u00e9m na Argentina, B\u00e9lgica, It\u00e1lia, Alemanha e Portugal. Um dos projetos feitos por Cl\u00e1udio\u00a0Pastro\u00a0aqui no Brasil \u00e9 a Bas\u00edlica de Nossa Senhora Aparecida.<\/p>\n<p>Na palestra, ele\u00a0conversou sobre arte sacra que, para ele, \u00e9 quando o esp\u00edrito toma\u00a0forma.\u00a0Suas igrejas se diferenciam das convencionais. Para Cl\u00e1udio,\u00a0os espa\u00e7os e as cores tamb\u00e9m\u00a0fazem parte da celebra\u00e7\u00e3o.\u00a0Definindo a for\u00e7a da\u00a0arte, citou S\u00e3o Greg\u00f3rio, que disse: &#8220;A palavra pode manipular, a imagem nos coloca diante de uma presen\u00e7a.&#8221; Conversou tamb\u00e9m\u00a0sobre as mudan\u00e7as que a Igreja vem sofrendo ao longo dos anos. &#8220;As pessoas n\u00e3o sabem ir\u00a0\u00e0 igreja. Hoje, uma igreja \u00e9 mais barulhenta que um sal\u00e3o de festa.&#8221;<\/p>\n<p>Ao final da palestra, ele apresentou v\u00e1rias imagens de reformas que ele fez em diversas partes do pa\u00eds, explicando o sentindo e o porqu\u00ea de cada uma.<\/p>\n","protected":false},"excerpt":{"rendered":"<p>O III Simp\u00f3sio Internacional de Teologia e Ci\u00eancia da Religi\u00e3o terminou sexta-feira (10) com a\u00a0confer\u00eancia\u00a0&#8220;O Sagrado e a Beleza\u201c,\u00a0ministrada pelo\u00a0paulista\u00a0Cl\u00e1udio Pastro, artista sacro\u00a0e liturgista. Assistiram \u00e0 palestra o Reitor, Padre Pedro Rubens; o Pr\u00f3-Reitor Comunit\u00e1rio, Padre Miguel Martins; o coordenador do curso de Teologia, Cla\u00fadio Vianney; o Padre Hugo Ara; e a Irm\u00e3\u00a0Maria Lu\u00edsa\u00a0Almendra, da [&hellip;]<\/p>\n","protected":false},"author":17,"featured_media":0,"comment_status":"open","ping_status":"open","sticky":false,"template":"","format":"standard","meta":[],"categories":[4],"tags":[],"jetpack-related-posts":[],"_links":{"self":[{"href":"https:\/\/www1.unicap.br\/assecom1\/wp-json\/wp\/v2\/posts\/9156"}],"collection":[{"href":"https:\/\/www1.unicap.br\/assecom1\/wp-json\/wp\/v2\/posts"}],"about":[{"href":"https:\/\/www1.unicap.br\/assecom1\/wp-json\/wp\/v2\/types\/post"}],"author":[{"embeddable":true,"href":"https:\/\/www1.unicap.br\/assecom1\/wp-json\/wp\/v2\/users\/17"}],"replies":[{"embeddable":true,"href":"https:\/\/www1.unicap.br\/assecom1\/wp-json\/wp\/v2\/comments?post=9156"}],"version-history":[{"count":0,"href":"https:\/\/www1.unicap.br\/assecom1\/wp-json\/wp\/v2\/posts\/9156\/revisions"}],"wp:attachment":[{"href":"https:\/\/www1.unicap.br\/assecom1\/wp-json\/wp\/v2\/media?parent=9156"}],"wp:term":[{"taxonomy":"category","embeddable":true,"href":"https:\/\/www1.unicap.br\/assecom1\/wp-json\/wp\/v2\/categories?post=9156"},{"taxonomy":"post_tag","embeddable":true,"href":"https:\/\/www1.unicap.br\/assecom1\/wp-json\/wp\/v2\/tags?post=9156"}],"curies":[{"name":"wp","href":"https:\/\/api.w.org\/{rel}","templated":true}]}}