{"id":90475,"date":"2019-09-18T19:32:59","date_gmt":"2019-09-18T22:32:59","guid":{"rendered":"http:\/\/www.unicap.br\/assecom1\/?p=90475"},"modified":"2019-09-19T09:33:31","modified_gmt":"2019-09-19T12:33:31","slug":"programa-de-voluntariado-universitario-e-ong-hospitalhacos-realizam-confraternizacao-e-formacao-para-voluntarios","status":"publish","type":"post","link":"https:\/\/www1.unicap.br\/assecom1\/programa-de-voluntariado-universitario-e-ong-hospitalhacos-realizam-confraternizacao-e-formacao-para-voluntarios\/","title":{"rendered":"Programa de Voluntariado Universit\u00e1rio e ONG Hospitalha\u00e7os realizam confraterniza\u00e7\u00e3o e forma\u00e7\u00e3o para volunt\u00e1rios"},"content":{"rendered":"<p>Para quem pensa que voluntariado \u00e9 s\u00f3 trabalho, est\u00e1 muito enganado! Al\u00e9m do servi\u00e7o prestado tamb\u00e9m s\u00e3o oferecidos diversos momentos que tem o objetivo de valorizar a amizade e o trabalho em equipe al\u00e9m de capacitar para que as a\u00e7\u00f5es sejam cada vez melhores. Assim, o Programa de Voluntariado da Unicap \u2013 VOU em parceria com a ONG Hospitalha\u00e7os, realizou duas a\u00e7\u00f5es no sentido de valorizar e capacitar o trabalho dos volunt\u00e1rios.<\/p>\n<p>A primeira iniciativa foi uma confraterniza\u00e7\u00e3o no dia 31\/08 em comemora\u00e7\u00e3o ao Dia Nacional do Voluntariado. Nessa tarde de s\u00e1bado os volunt\u00e1rios puderam partilhar as suas experi\u00eancias positivas com esse ato de doa\u00e7\u00e3o e altru\u00edsmo. Al\u00e9m disso, os participantes tamb\u00e9m participaram de sorteio de pr\u00eamios e pode conhecer um pouco mais outros volunt\u00e1rios que tamb\u00e9m doam seu tempo e trabalho para a constru\u00e7\u00e3o de um mundo melhor.<\/p>\n<div class=\"tiled-gallery type-rectangular tiled-gallery-unresized\" data-original-width=\"640\" data-carousel-extra='{&quot;blog_id&quot;:1,&quot;permalink&quot;:&quot;https:\\\/\\\/www1.unicap.br\\\/assecom1\\\/programa-de-voluntariado-universitario-e-ong-hospitalhacos-realizam-confraternizacao-e-formacao-para-voluntarios\\\/&quot;,&quot;likes_blog_id&quot;:205082007}' itemscope itemtype=\"http:\/\/schema.org\/ImageGallery\" > <div class=\"gallery-row\" style=\"width: 640px; height: 346px;\" data-original-width=\"640\" data-original-height=\"346\" > <div class=\"gallery-group images-1\" style=\"width: 391px; height: 346px;\" data-original-width=\"391\" data-original-height=\"346\" > <div class=\"tiled-gallery-item tiled-gallery-item-large\" itemprop=\"associatedMedia\" itemscope itemtype=\"http:\/\/schema.org\/ImageObject\"> <a href=\"https:\/\/www1.unicap.br\/assecom1\/programa-de-voluntariado-universitario-e-ong-hospitalhacos-realizam-confraternizacao-e-formacao-para-voluntarios\/contacao\/\" border=\"0\" itemprop=\"url\"> <meta itemprop=\"width\" content=\"387\"> <meta itemprop=\"height\" content=\"342\"> <img data-attachment-id=\"90479\" data-orig-file=\"https:\/\/www1.unicap.br\/assecom1\/wp-content\/uploads\/2019\/09\/contacao.jpeg\" data-orig-size=\"534,472\" data-comments-opened=\"1\" data-image-meta=\"{&quot;aperture&quot;:&quot;0&quot;,&quot;credit&quot;:&quot;&quot;,&quot;camera&quot;:&quot;&quot;,&quot;caption&quot;:&quot;&quot;,&quot;created_timestamp&quot;:&quot;0&quot;,&quot;copyright&quot;:&quot;&quot;,&quot;focal_length&quot;:&quot;0&quot;,&quot;iso&quot;:&quot;0&quot;,&quot;shutter_speed&quot;:&quot;0&quot;,&quot;title&quot;:&quot;&quot;,&quot;orientation&quot;:&quot;0&quot;}\" data-image-title=\"contacao\" data-image-description=\"\" data-medium-file=\"https:\/\/i0.wp.com\/www1.unicap.br\/assecom1\/wp-content\/uploads\/2019\/09\/contacao.jpeg?fit=300%2C265&#038;ssl=1\" data-large-file=\"https:\/\/i0.wp.com\/www1.unicap.br\/assecom1\/wp-content\/uploads\/2019\/09\/contacao.jpeg?fit=534%2C472&#038;ssl=1\" src=\"https:\/\/i0.wp.com\/www1.unicap.br\/assecom1\/wp-content\/uploads\/2019\/09\/contacao.jpeg?w=387&#038;h=342&#038;crop&#038;ssl=1\" width=\"387\" height=\"342\" data-original-width=\"387\" data-original-height=\"342\" itemprop=\"http:\/\/schema.org\/image\" title=\"contacao\" alt=\"contacao\" style=\"width: 387px; height: 342px;\" \/> <\/a> <\/div> <\/div> <!-- close group --> <div class=\"gallery-group images-2\" style=\"width: 249px; height: 346px;\" data-original-width=\"249\" data-original-height=\"346\" > <div class=\"tiled-gallery-item tiled-gallery-item-small\" itemprop=\"associatedMedia\" itemscope itemtype=\"http:\/\/schema.org\/ImageObject\"> <a href=\"https:\/\/www1.unicap.br\/assecom1\/programa-de-voluntariado-universitario-e-ong-hospitalhacos-realizam-confraternizacao-e-formacao-para-voluntarios\/confra-3\/\" border=\"0\" itemprop=\"url\"> <meta itemprop=\"width\" content=\"245\"> <meta itemprop=\"height\" content=\"154\"> <img data-attachment-id=\"90477\" data-orig-file=\"https:\/\/www1.unicap.br\/assecom1\/wp-content\/uploads\/2019\/09\/confra-3.jpg\" data-orig-size=\"915,576\" data-comments-opened=\"1\" data-image-meta=\"{&quot;aperture&quot;:&quot;0&quot;,&quot;credit&quot;:&quot;&quot;,&quot;camera&quot;:&quot;&quot;,&quot;caption&quot;:&quot;&quot;,&quot;created_timestamp&quot;:&quot;0&quot;,&quot;copyright&quot;:&quot;&quot;,&quot;focal_length&quot;:&quot;0&quot;,&quot;iso&quot;:&quot;0&quot;,&quot;shutter_speed&quot;:&quot;0&quot;,&quot;title&quot;:&quot;&quot;,&quot;orientation&quot;:&quot;0&quot;}\" data-image-title=\"confra 3\" data-image-description=\"\" data-medium-file=\"https:\/\/i2.wp.com\/www1.unicap.br\/assecom1\/wp-content\/uploads\/2019\/09\/confra-3.jpg?fit=300%2C189&#038;ssl=1\" data-large-file=\"https:\/\/i2.wp.com\/www1.unicap.br\/assecom1\/wp-content\/uploads\/2019\/09\/confra-3.jpg?fit=640%2C403&#038;ssl=1\" src=\"https:\/\/i2.wp.com\/www1.unicap.br\/assecom1\/wp-content\/uploads\/2019\/09\/confra-3.jpg?w=245&#038;h=154&#038;crop&#038;ssl=1\" width=\"245\" height=\"154\" data-original-width=\"245\" data-original-height=\"154\" itemprop=\"http:\/\/schema.org\/image\" title=\"confra 3\" alt=\"confra 3\" style=\"width: 245px; height: 154px;\" \/> <\/a> <\/div> <div class=\"tiled-gallery-item tiled-gallery-item-small\" itemprop=\"associatedMedia\" itemscope itemtype=\"http:\/\/schema.org\/ImageObject\"> <a href=\"https:\/\/www1.unicap.br\/assecom1\/programa-de-voluntariado-universitario-e-ong-hospitalhacos-realizam-confraternizacao-e-formacao-para-voluntarios\/confra-2\/\" border=\"0\" itemprop=\"url\"> <meta itemprop=\"width\" content=\"245\"> <meta itemprop=\"height\" content=\"184\"> <img data-attachment-id=\"90478\" data-orig-file=\"https:\/\/www1.unicap.br\/assecom1\/wp-content\/uploads\/2019\/09\/confra-2.jpg\" data-orig-size=\"768,576\" data-comments-opened=\"1\" data-image-meta=\"{&quot;aperture&quot;:&quot;0&quot;,&quot;credit&quot;:&quot;&quot;,&quot;camera&quot;:&quot;&quot;,&quot;caption&quot;:&quot;&quot;,&quot;created_timestamp&quot;:&quot;0&quot;,&quot;copyright&quot;:&quot;&quot;,&quot;focal_length&quot;:&quot;0&quot;,&quot;iso&quot;:&quot;0&quot;,&quot;shutter_speed&quot;:&quot;0&quot;,&quot;title&quot;:&quot;&quot;,&quot;orientation&quot;:&quot;0&quot;}\" data-image-title=\"confra 2\" data-image-description=\"\" data-medium-file=\"https:\/\/i1.wp.com\/www1.unicap.br\/assecom1\/wp-content\/uploads\/2019\/09\/confra-2.jpg?fit=300%2C225&#038;ssl=1\" data-large-file=\"https:\/\/i1.wp.com\/www1.unicap.br\/assecom1\/wp-content\/uploads\/2019\/09\/confra-2.jpg?fit=640%2C480&#038;ssl=1\" src=\"https:\/\/i1.wp.com\/www1.unicap.br\/assecom1\/wp-content\/uploads\/2019\/09\/confra-2.jpg?w=245&#038;h=184&#038;crop&#038;ssl=1\" width=\"245\" height=\"184\" data-original-width=\"245\" data-original-height=\"184\" itemprop=\"http:\/\/schema.org\/image\" title=\"confra 2\" alt=\"confra 2\" style=\"width: 245px; height: 184px;\" \/> <\/a> <\/div> <\/div> <!-- close group --> <\/div> <!-- close row --> <\/div>\n<p>O segundo encontro aconteceu em 14\/09. Nesse dia, a ONG Hospitalha\u00e7os e o Instituto Humanitas ofereceram o workshop \u201cComo contar hist\u00f3ria e encantar crian\u00e7as\u201d, ministrado pela contadora de hist\u00f3rias e professora, Flavioleta. Foi um momento em que os volunt\u00e1rios puderam receber dicas e aprender t\u00e9cnicas que ajudam a contar hist\u00f3rias para crian\u00e7as e assim desenvolver o imagina\u00e7\u00e3o, a criatividade e a capacidade de sonhar das crian\u00e7as atendidas, de uma maneira l\u00fadica e divertida.<\/p>\n<p>Dessa maneira, todos aprendem juntos e podem partilhar os seus conhecimentos e amizade com aqueles que mais precisam, de modo que juntos, volunt\u00e1rios, Ongs, Universidade e atendidos possam construir um mundo mais solid\u00e1rio e harmonioso.<\/p>\n<p>Se voc\u00ea deseja participar do Programa de Voluntariado Unversit\u00e1rio da Unicap \u2013 VOU acesse o site <a href=\"http:\/\/www.unicap.br\/vou\">www.unicap.br\/vou<\/a>. As inscri\u00e7\u00f5es para as experi\u00eancias de janeiro\/2020 j\u00e1 est\u00e3o abertas e ocorrer\u00e3o at\u00e9 o dia 31\/09. N\u00e3o perca tempo, chame os seus amigos e participe!<\/p>\n","protected":false},"excerpt":{"rendered":"<p>Para quem pensa que voluntariado \u00e9 s\u00f3 trabalho, est\u00e1 muito enganado! Al\u00e9m do servi\u00e7o prestado tamb\u00e9m s\u00e3o oferecidos diversos momentos que tem o objetivo de valorizar a amizade e o trabalho em equipe al\u00e9m de capacitar para que as a\u00e7\u00f5es sejam cada vez melhores. Assim, o Programa de Voluntariado da Unicap \u2013 VOU em parceria [&hellip;]<\/p>\n","protected":false},"author":2,"featured_media":90476,"comment_status":"open","ping_status":"open","sticky":false,"template":"","format":"standard","meta":[],"categories":[4],"tags":[],"jetpack-related-posts":[],"_links":{"self":[{"href":"https:\/\/www1.unicap.br\/assecom1\/wp-json\/wp\/v2\/posts\/90475"}],"collection":[{"href":"https:\/\/www1.unicap.br\/assecom1\/wp-json\/wp\/v2\/posts"}],"about":[{"href":"https:\/\/www1.unicap.br\/assecom1\/wp-json\/wp\/v2\/types\/post"}],"author":[{"embeddable":true,"href":"https:\/\/www1.unicap.br\/assecom1\/wp-json\/wp\/v2\/users\/2"}],"replies":[{"embeddable":true,"href":"https:\/\/www1.unicap.br\/assecom1\/wp-json\/wp\/v2\/comments?post=90475"}],"version-history":[{"count":4,"href":"https:\/\/www1.unicap.br\/assecom1\/wp-json\/wp\/v2\/posts\/90475\/revisions"}],"predecessor-version":[{"id":90510,"href":"https:\/\/www1.unicap.br\/assecom1\/wp-json\/wp\/v2\/posts\/90475\/revisions\/90510"}],"wp:featuredmedia":[{"embeddable":true,"href":"https:\/\/www1.unicap.br\/assecom1\/wp-json\/wp\/v2\/media\/90476"}],"wp:attachment":[{"href":"https:\/\/www1.unicap.br\/assecom1\/wp-json\/wp\/v2\/media?parent=90475"}],"wp:term":[{"taxonomy":"category","embeddable":true,"href":"https:\/\/www1.unicap.br\/assecom1\/wp-json\/wp\/v2\/categories?post=90475"},{"taxonomy":"post_tag","embeddable":true,"href":"https:\/\/www1.unicap.br\/assecom1\/wp-json\/wp\/v2\/tags?post=90475"}],"curies":[{"name":"wp","href":"https:\/\/api.w.org\/{rel}","templated":true}]}}