{"id":90280,"date":"2019-09-03T08:43:05","date_gmt":"2019-09-03T11:43:05","guid":{"rendered":"http:\/\/www.unicap.br\/assecom1\/?p=90280"},"modified":"2019-09-03T20:08:08","modified_gmt":"2019-09-03T23:08:08","slug":"professor-da-graduacao-e-pos-em-direito-da-catolica-apresenta-trabalhos-na-argentina","status":"publish","type":"post","link":"https:\/\/www1.unicap.br\/assecom1\/professor-da-graduacao-e-pos-em-direito-da-catolica-apresenta-trabalhos-na-argentina\/","title":{"rendered":"Professor da Gradua\u00e7\u00e3o e P\u00f3s em Direito da Cat\u00f3lica apresenta trabalhos na Argentina"},"content":{"rendered":"<p>O professor do curso de Direito e do Programa de P\u00f3s-Gradua\u00e7\u00e3o em Direito da Universidade Cat\u00f3lica de Pernambuco, F\u00e1bio T\u00falio Barroso, participar\u00e1 nos dias 4, 5 e 6 de setembro do XI Congresso Regional Americano de Direito do Trabalho, da Sociedad Internacional de Derecho del Trabajo y de la Seguridad Social, na cidade de C\u00f3rdoba, Argentina.<\/p>\n<p>O professor apresentar\u00e1 duas disserta\u00e7\u00f5es, em conjunto com sua orientanda de PIBIC e aluna do curso de Direito, Emelly Moura da Silva, e um informe nacional da Subse\u00e7\u00e3o Americana de Jovens Juristas, em conjunto com o professor da FGV Jorge Cavalcanti Boucinhas, sobre as novas tecnologias e o Direito do Trabalho.<\/p>\n<p>O pesquisador ainda realizar\u00e1 palestra no dia 6 sobre &#8220;El Trabajo Bajo Intermediacion (\u00bfO Dependencia?) de las Plataformas Virtuales. Impacto de las Tecnolog\u00edas de la Informaci\u00f3n&#8221;.<\/p>\n<p>Acompanhe a programa\u00e7\u00e3o do congresso no endere\u00e7o: <a href=\"http:\/\/www.cramecordoba2019.com.ar\/programa\/\">http:\/\/www.cramecordoba2019.com.ar\/programa\/<\/a>.<\/p>\n","protected":false},"excerpt":{"rendered":"<p>O professor do curso de Direito e do Programa de P\u00f3s-Gradua\u00e7\u00e3o em Direito da Universidade Cat\u00f3lica de Pernambuco, F\u00e1bio T\u00falio Barroso, participar\u00e1 nos dias 4, 5 e 6 de setembro do XI Congresso Regional Americano de Direito do Trabalho, da Sociedad Internacional de Derecho del Trabajo y de la Seguridad Social, na cidade de C\u00f3rdoba, [&hellip;]<\/p>\n","protected":false},"author":3,"featured_media":90282,"comment_status":"open","ping_status":"open","sticky":false,"template":"","format":"standard","meta":[],"categories":[4],"tags":[],"jetpack-related-posts":[],"_links":{"self":[{"href":"https:\/\/www1.unicap.br\/assecom1\/wp-json\/wp\/v2\/posts\/90280"}],"collection":[{"href":"https:\/\/www1.unicap.br\/assecom1\/wp-json\/wp\/v2\/posts"}],"about":[{"href":"https:\/\/www1.unicap.br\/assecom1\/wp-json\/wp\/v2\/types\/post"}],"author":[{"embeddable":true,"href":"https:\/\/www1.unicap.br\/assecom1\/wp-json\/wp\/v2\/users\/3"}],"replies":[{"embeddable":true,"href":"https:\/\/www1.unicap.br\/assecom1\/wp-json\/wp\/v2\/comments?post=90280"}],"version-history":[{"count":4,"href":"https:\/\/www1.unicap.br\/assecom1\/wp-json\/wp\/v2\/posts\/90280\/revisions"}],"predecessor-version":[{"id":90287,"href":"https:\/\/www1.unicap.br\/assecom1\/wp-json\/wp\/v2\/posts\/90280\/revisions\/90287"}],"wp:featuredmedia":[{"embeddable":true,"href":"https:\/\/www1.unicap.br\/assecom1\/wp-json\/wp\/v2\/media\/90282"}],"wp:attachment":[{"href":"https:\/\/www1.unicap.br\/assecom1\/wp-json\/wp\/v2\/media?parent=90280"}],"wp:term":[{"taxonomy":"category","embeddable":true,"href":"https:\/\/www1.unicap.br\/assecom1\/wp-json\/wp\/v2\/categories?post=90280"},{"taxonomy":"post_tag","embeddable":true,"href":"https:\/\/www1.unicap.br\/assecom1\/wp-json\/wp\/v2\/tags?post=90280"}],"curies":[{"name":"wp","href":"https:\/\/api.w.org\/{rel}","templated":true}]}}