{"id":8989,"date":"2010-09-12T19:42:57","date_gmt":"2010-09-12T22:42:57","guid":{"rendered":"http:\/\/www.unicap.br\/assecom1\/?p=8989"},"modified":"2010-09-12T19:42:57","modified_gmt":"2010-09-12T22:42:57","slug":"alunos-de-arquitetura-fazem-viagem-de-estudos-para-minas-gerais","status":"publish","type":"post","link":"https:\/\/www1.unicap.br\/assecom1\/alunos-de-arquitetura-fazem-viagem-de-estudos-para-minas-gerais\/","title":{"rendered":"Alunos de Arquitetura fazem viagem de estudos para Minas Gerais"},"content":{"rendered":"<p>Cinquenta e nove\u00a0alunos do curso de Arquitetura e Urbanismo da Universidade Cat\u00f3lica de Pernambuco embarcaram na madrugada deste domingo (12) para Minas Gerais, acompanhados dos professores Luciana Menezes e Andr\u00e9 Pina,\u00a0ambos da \u00e1rea de Hist\u00f3ria da Arquitetura.<\/p>\n<p>O\u00a0grupo desembarcou no aeroporto de Confins e seguiu direto para Ouro Preto. Na programa\u00e7\u00e3o, constam tamb\u00e9m visitas a\u00a0Mariana, Tiradentes\u00a0e Congonhas. Antes de retornar para o Recife, os futuros arquitetos visitam em Belo Horizonte o Complexo Arquitet\u00f4nico da Pampulha, projetado pelo mestre Oscar Niemeyer.<\/p>\n<p>Na manh\u00e3 de sexta-feira (10), os alunos participaram de um encontro, organizado pela coordenadora do curso, a professora Andr\u00e9a C\u00e2mara, \u00a0para conhecer todo o roteiro da viagem por meio de slides.<\/p>\n","protected":false},"excerpt":{"rendered":"<p>Cinquenta e nove\u00a0alunos do curso de Arquitetura e Urbanismo da Universidade Cat\u00f3lica de Pernambuco embarcaram na madrugada deste domingo (12) para Minas Gerais, acompanhados dos professores Luciana Menezes e Andr\u00e9 Pina,\u00a0ambos da \u00e1rea de Hist\u00f3ria da Arquitetura. O\u00a0grupo desembarcou no aeroporto de Confins e seguiu direto para Ouro Preto. Na programa\u00e7\u00e3o, constam tamb\u00e9m visitas a\u00a0Mariana, [&hellip;]<\/p>\n","protected":false},"author":15,"featured_media":0,"comment_status":"open","ping_status":"open","sticky":false,"template":"","format":"standard","meta":[],"categories":[4],"tags":[],"jetpack-related-posts":[],"_links":{"self":[{"href":"https:\/\/www1.unicap.br\/assecom1\/wp-json\/wp\/v2\/posts\/8989"}],"collection":[{"href":"https:\/\/www1.unicap.br\/assecom1\/wp-json\/wp\/v2\/posts"}],"about":[{"href":"https:\/\/www1.unicap.br\/assecom1\/wp-json\/wp\/v2\/types\/post"}],"author":[{"embeddable":true,"href":"https:\/\/www1.unicap.br\/assecom1\/wp-json\/wp\/v2\/users\/15"}],"replies":[{"embeddable":true,"href":"https:\/\/www1.unicap.br\/assecom1\/wp-json\/wp\/v2\/comments?post=8989"}],"version-history":[{"count":0,"href":"https:\/\/www1.unicap.br\/assecom1\/wp-json\/wp\/v2\/posts\/8989\/revisions"}],"wp:attachment":[{"href":"https:\/\/www1.unicap.br\/assecom1\/wp-json\/wp\/v2\/media?parent=8989"}],"wp:term":[{"taxonomy":"category","embeddable":true,"href":"https:\/\/www1.unicap.br\/assecom1\/wp-json\/wp\/v2\/categories?post=8989"},{"taxonomy":"post_tag","embeddable":true,"href":"https:\/\/www1.unicap.br\/assecom1\/wp-json\/wp\/v2\/tags?post=8989"}],"curies":[{"name":"wp","href":"https:\/\/api.w.org\/{rel}","templated":true}]}}