{"id":84632,"date":"2019-01-22T17:48:31","date_gmt":"2019-01-22T20:48:31","guid":{"rendered":"http:\/\/www.unicap.br\/assecom1\/?p=84632"},"modified":"2019-01-28T14:46:20","modified_gmt":"2019-01-28T17:46:20","slug":"curso-de-jornalismo-busca-parcerias-com-universidades-e-centros-de-pesquisa-de-portugal","status":"publish","type":"post","link":"https:\/\/www1.unicap.br\/assecom1\/curso-de-jornalismo-busca-parcerias-com-universidades-e-centros-de-pesquisa-de-portugal\/","title":{"rendered":"Curso de Jornalismo busca parcerias com universidades e centros de pesquisa de Portugal"},"content":{"rendered":"<p><em>Com Janna Joceli, pesquisadora e membro do Comit\u00ea Cient\u00edfico do iNOVA Media Lab, e Cristian Ruiz, pesquisador do iNOVA<\/em><\/p>\n<figure id=\"attachment_84644\" aria-describedby=\"caption-attachment-84644\" style=\"width: 300px\" class=\"wp-caption alignleft\"><img data-attachment-id=\"84644\" data-permalink=\"https:\/\/www1.unicap.br\/assecom1\/curso-de-jornalismo-busca-parcerias-com-universidades-e-centros-de-pesquisa-de-portugal\/coord-jornalismo-em-portugal-6\/\" data-orig-file=\"https:\/\/i1.wp.com\/www1.unicap.br\/assecom1\/wp-content\/uploads\/2019\/01\/Coord-Jornalismo-em-Portugal-6.jpeg?fit=1024%2C768&amp;ssl=1\" data-orig-size=\"1024,768\" data-comments-opened=\"1\" data-image-meta=\"{&quot;aperture&quot;:&quot;0&quot;,&quot;credit&quot;:&quot;&quot;,&quot;camera&quot;:&quot;&quot;,&quot;caption&quot;:&quot;&quot;,&quot;created_timestamp&quot;:&quot;0&quot;,&quot;copyright&quot;:&quot;&quot;,&quot;focal_length&quot;:&quot;0&quot;,&quot;iso&quot;:&quot;0&quot;,&quot;shutter_speed&quot;:&quot;0&quot;,&quot;title&quot;:&quot;&quot;,&quot;orientation&quot;:&quot;0&quot;}\" data-image-title=\"Coord-Jornalismo-em-Portugal (6)\" data-image-description=\"\" data-medium-file=\"https:\/\/i1.wp.com\/www1.unicap.br\/assecom1\/wp-content\/uploads\/2019\/01\/Coord-Jornalismo-em-Portugal-6.jpeg?fit=300%2C225&amp;ssl=1\" data-large-file=\"https:\/\/i1.wp.com\/www1.unicap.br\/assecom1\/wp-content\/uploads\/2019\/01\/Coord-Jornalismo-em-Portugal-6.jpeg?fit=640%2C480&amp;ssl=1\" loading=\"lazy\" class=\"size-medium wp-image-84644\" src=\"https:\/\/i1.wp.com\/www1.unicap.br\/assecom1\/wp-content\/uploads\/2019\/01\/Coord-Jornalismo-em-Portugal-6.jpeg?resize=300%2C225&#038;ssl=1\" alt=\"\" srcset=\"https:\/\/i1.wp.com\/www1.unicap.br\/assecom1\/wp-content\/uploads\/2019\/01\/Coord-Jornalismo-em-Portugal-6.jpeg?resize=300%2C225&amp;ssl=1 300w, https:\/\/i1.wp.com\/www1.unicap.br\/assecom1\/wp-content\/uploads\/2019\/01\/Coord-Jornalismo-em-Portugal-6.jpeg?resize=768%2C576&amp;ssl=1 768w, https:\/\/i1.wp.com\/www1.unicap.br\/assecom1\/wp-content\/uploads\/2019\/01\/Coord-Jornalismo-em-Portugal-6.jpeg?w=1024&amp;ssl=1 1024w\" sizes=\"(max-width: 300px) 100vw, 300px\" data-recalc-dims=\"1\" \/><figcaption id=\"caption-attachment-84644\" class=\"wp-caption-text\">Apresenta\u00e7\u00e3o do artigo sobre os Contos de If\u00e1 na Faculdade de Letras da Universidade de Coimbra<\/figcaption><\/figure>\n<p style=\"font-weight: 400;\">A Universidade de Coimbra sedia, nesta quinta (24) e sexta-feira (25) o VI Congresso Internacional de Comunica\u00e7\u00e3o, Jornalismo e Espa\u00e7o P\u00fablico, cuja tem\u00e1tica em 2019 \u00e9 <em>Media: Poder, Representa\u00e7\u00e3o e Epistemologias<\/em>. A iniciativa aborda comunica\u00e7\u00e3o pol\u00edtica, quest\u00f5es da representa\u00e7\u00e3o, epistemologia e metodologias no estudo das m\u00eddias, reunindo pesquisadores de Portugal e do Brasil. O congresso \u00e9 organizado pela Faculdade de Letras da Universidade de Coimbra e pelo CIC.Digital (Centro de Investiga\u00e7\u00e3o em Comunica\u00e7\u00e3o, Informa\u00e7\u00e3o e Cultura Digital) da Faculdade de Ci\u00eancias Sociais e Humanas da Universidade Nova de Lisboa.<\/p>\n<p style=\"font-weight: 400;\">A coordenadora do curso de Jornalismo, Prof\u00aa Dr\u00aa Carla Teixeira, participa do congresso apresentando dois trabalhos. O primeiro deles, \u201cImagens de um Brasil Verde e Amarelo: uma an\u00e1lise da campanha presidencial de 2018\u201d, produzido em parceria com a professora e coordenadora do curso de Publicidade, Thelma Guerra, no qual observam o discurso da campanha do atual presidente, Jair Bolsonaro, a partir de imagens publicadas no site Jornalistas Livres. A apresenta\u00e7\u00e3o acontece no dia 24, no painel Poder.<\/p>\n<figure id=\"attachment_84633\" aria-describedby=\"caption-attachment-84633\" style=\"width: 300px\" class=\"wp-caption alignright\"><a href=\"https:\/\/i1.wp.com\/www1.unicap.br\/assecom1\/wp-content\/uploads\/2019\/01\/Carla-Teixeira.jpg?ssl=1\"><img data-attachment-id=\"84633\" data-permalink=\"https:\/\/www1.unicap.br\/assecom1\/curso-de-jornalismo-busca-parcerias-com-universidades-e-centros-de-pesquisa-de-portugal\/carla-teixeira\/\" data-orig-file=\"https:\/\/i1.wp.com\/www1.unicap.br\/assecom1\/wp-content\/uploads\/2019\/01\/Carla-Teixeira.jpg?fit=1280%2C852&amp;ssl=1\" data-orig-size=\"1280,852\" data-comments-opened=\"1\" data-image-meta=\"{&quot;aperture&quot;:&quot;0&quot;,&quot;credit&quot;:&quot;&quot;,&quot;camera&quot;:&quot;&quot;,&quot;caption&quot;:&quot;&quot;,&quot;created_timestamp&quot;:&quot;0&quot;,&quot;copyright&quot;:&quot;&quot;,&quot;focal_length&quot;:&quot;0&quot;,&quot;iso&quot;:&quot;0&quot;,&quot;shutter_speed&quot;:&quot;0&quot;,&quot;title&quot;:&quot;&quot;,&quot;orientation&quot;:&quot;0&quot;}\" data-image-title=\"Carla Teixeira\" data-image-description=\"\" data-medium-file=\"https:\/\/i1.wp.com\/www1.unicap.br\/assecom1\/wp-content\/uploads\/2019\/01\/Carla-Teixeira.jpg?fit=300%2C200&amp;ssl=1\" data-large-file=\"https:\/\/i1.wp.com\/www1.unicap.br\/assecom1\/wp-content\/uploads\/2019\/01\/Carla-Teixeira.jpg?fit=640%2C426&amp;ssl=1\" loading=\"lazy\" class=\"size-medium wp-image-84633\" src=\"https:\/\/i1.wp.com\/www1.unicap.br\/assecom1\/wp-content\/uploads\/2019\/01\/Carla-Teixeira.jpg?resize=300%2C200&#038;ssl=1\" alt=\"\" srcset=\"https:\/\/i1.wp.com\/www1.unicap.br\/assecom1\/wp-content\/uploads\/2019\/01\/Carla-Teixeira.jpg?resize=300%2C200&amp;ssl=1 300w, https:\/\/i1.wp.com\/www1.unicap.br\/assecom1\/wp-content\/uploads\/2019\/01\/Carla-Teixeira.jpg?resize=768%2C511&amp;ssl=1 768w, https:\/\/i1.wp.com\/www1.unicap.br\/assecom1\/wp-content\/uploads\/2019\/01\/Carla-Teixeira.jpg?resize=1024%2C682&amp;ssl=1 1024w, https:\/\/i1.wp.com\/www1.unicap.br\/assecom1\/wp-content\/uploads\/2019\/01\/Carla-Teixeira.jpg?w=1280&amp;ssl=1 1280w\" sizes=\"(max-width: 300px) 100vw, 300px\" data-recalc-dims=\"1\" \/><\/a><figcaption id=\"caption-attachment-84633\" class=\"wp-caption-text\">Foto: redes sociais<\/figcaption><\/figure>\n<p style=\"font-weight: 400;\">O segundo artigo foi produzido com o professor Luiz Carlos Pinto, do curso de Jornalismo e do Mestrado em \u00a0Ind\u00fastrias Criativas. \u201cContos de If\u00e1: representatividade, tecnologia e narrativas de emancipa\u00e7\u00e3o\u201d. O trabalho observa a produ\u00e7\u00e3o do jogo: um webgame educativo de aventura que possui como tem\u00e1tica a mitologia afro-ind\u00edgena brasileira. Contos de If\u00e1 \u00e9 uma produ\u00e7\u00e3o conjunta entre o terreiro de matriz afro-ind\u00edgena Il\u00ea Ax\u00e9 Oxum Kar\u00ea, localizado em Guadalupe, Olinda, Regi\u00e3o Metropolitana do Recife, em Pernambuco; o Centro Cultural Coco da Umbigada e o 3 Ecologias, laborat\u00f3rio de desenvolvimento de softwares, intera\u00e7\u00e3o na internet e arte digital.<\/p>\n<p style=\"font-weight: 400;\">Antes do congresso, a coordenadora Carla Teixeira vistou a Universidade Nova de Lisboa, onde apresentou os projetos da Ag\u00eancia do curso de Jornalismo, a Unilab, e da ag\u00eancia Combog\u00f3, no iNOVA Media Lab, laborat\u00f3rio de pesquisa aplicada dedicado \u00e0 converg\u00eancia transdisciplinar de m\u00eddia digital e tecnologias emergentes. O laborat\u00f3rio est\u00e1 organizado em torno de seis linhas de pesquisa: narrativa imersiva e interativa, visualiza\u00e7\u00e3o de informa\u00e7\u00e3o, m\u00e9todos digitais e plataformas web, comunica\u00e7\u00e3o cient\u00edfica, jornalismo digital e o futuro da educa\u00e7\u00e3o.<\/p>\n<p style=\"font-weight: 400;\">No roteiro ainda est\u00e3o o Centro de Estudos de Comunica\u00e7\u00e3o e Sociedade da Universidade do Minho, nesta ter\u00e7a (22), onde ser\u00e1 recebida pelo vice-diretor, professor Luis Ant\u00f3nio Santos, e o DigiMedia, na Universidade de Aveiro, onde conversa com o coordenador do grupo de pesquisa sobre Jogos e Transm\u00eddia, Nelson Zagalo.\u00a0 O DigiMedia \u00e9 um centro de pesquisa interdisciplinar da Universidade de Aveiro que se dedica \u00e0 inova\u00e7\u00e3o no desenho de novas abordagens de intera\u00e7\u00e3o para aplica\u00e7\u00f5es de m\u00eddia digital centradas no ser humano. S\u00e3o pesquisadores das \u00e1reas de Ci\u00eancias e Tecnologias da Comunica\u00e7\u00e3o, Sociologia, Filosofia e Ci\u00eancia da Computa\u00e7\u00e3o, atuando em equipes transversais que desenvolvem pesquisas nas \u00e1reas de Cibercultura e Converg\u00eancia de M\u00eddia, Novas M\u00eddias e Entretenimento Digital e M\u00eddias para comunidades conectadas.<\/p>\n<div class=\"tiled-gallery type-rectangular tiled-gallery-unresized\" data-original-width=\"640\" data-carousel-extra='{&quot;blog_id&quot;:1,&quot;permalink&quot;:&quot;https:\\\/\\\/www1.unicap.br\\\/assecom1\\\/curso-de-jornalismo-busca-parcerias-com-universidades-e-centros-de-pesquisa-de-portugal\\\/&quot;,&quot;likes_blog_id&quot;:205082007}' itemscope itemtype=\"http:\/\/schema.org\/ImageGallery\" > <div class=\"gallery-row\" style=\"width: 640px; height: 108px;\" data-original-width=\"640\" data-original-height=\"108\" > <div class=\"gallery-group images-1\" style=\"width: 99px; height: 108px;\" data-original-width=\"99\" data-original-height=\"108\" > <div class=\"tiled-gallery-item tiled-gallery-item-small\" itemprop=\"associatedMedia\" itemscope itemtype=\"http:\/\/schema.org\/ImageObject\"> <a href=\"https:\/\/www1.unicap.br\/assecom1\/curso-de-jornalismo-busca-parcerias-com-universidades-e-centros-de-pesquisa-de-portugal\/coord-jornalismo-em-portugal-2\/\" border=\"0\" itemprop=\"url\"> <meta itemprop=\"width\" content=\"95\"> <meta itemprop=\"height\" content=\"104\"> <img data-attachment-id=\"84640\" data-orig-file=\"https:\/\/www1.unicap.br\/assecom1\/wp-content\/uploads\/2019\/01\/Coord-Jornalismo-em-Portugal-2.jpeg\" data-orig-size=\"996,1092\" data-comments-opened=\"1\" data-image-meta=\"{&quot;aperture&quot;:&quot;0&quot;,&quot;credit&quot;:&quot;&quot;,&quot;camera&quot;:&quot;&quot;,&quot;caption&quot;:&quot;&quot;,&quot;created_timestamp&quot;:&quot;0&quot;,&quot;copyright&quot;:&quot;&quot;,&quot;focal_length&quot;:&quot;0&quot;,&quot;iso&quot;:&quot;0&quot;,&quot;shutter_speed&quot;:&quot;0&quot;,&quot;title&quot;:&quot;&quot;,&quot;orientation&quot;:&quot;0&quot;}\" data-image-title=\"Coord-Jornalismo-em-Portugal (2)\" data-image-description=\"\" data-medium-file=\"https:\/\/i2.wp.com\/www1.unicap.br\/assecom1\/wp-content\/uploads\/2019\/01\/Coord-Jornalismo-em-Portugal-2.jpeg?fit=274%2C300&#038;ssl=1\" data-large-file=\"https:\/\/i2.wp.com\/www1.unicap.br\/assecom1\/wp-content\/uploads\/2019\/01\/Coord-Jornalismo-em-Portugal-2.jpeg?fit=640%2C702&#038;ssl=1\" src=\"https:\/\/i2.wp.com\/www1.unicap.br\/assecom1\/wp-content\/uploads\/2019\/01\/Coord-Jornalismo-em-Portugal-2.jpeg?w=95&#038;h=104&#038;crop&#038;ssl=1\" width=\"95\" height=\"104\" data-original-width=\"95\" data-original-height=\"104\" itemprop=\"http:\/\/schema.org\/image\" title=\"Coord-Jornalismo-em-Portugal (2)\" alt=\"Com o professor Luis Ant\u00f3nio, da Universidade do Minho\" style=\"width: 95px; height: 104px;\" \/> <\/a> <div class=\"tiled-gallery-caption\" itemprop=\"caption description\"> Com o professor Luis Ant\u00f3nio, da Universidade do Minho <\/div> <\/div> <\/div> <!-- close group --> <div class=\"gallery-group images-1\" style=\"width: 212px; height: 108px;\" data-original-width=\"212\" data-original-height=\"108\" > <div class=\"tiled-gallery-item tiled-gallery-item-small\" itemprop=\"associatedMedia\" itemscope itemtype=\"http:\/\/schema.org\/ImageObject\"> <a href=\"https:\/\/www1.unicap.br\/assecom1\/curso-de-jornalismo-busca-parcerias-com-universidades-e-centros-de-pesquisa-de-portugal\/coord-jornalismo-em-portugal-3\/\" border=\"0\" itemprop=\"url\"> <meta itemprop=\"width\" content=\"208\"> <meta itemprop=\"height\" content=\"104\"> <img data-attachment-id=\"84641\" data-orig-file=\"https:\/\/www1.unicap.br\/assecom1\/wp-content\/uploads\/2019\/01\/Coord-Jornalismo-em-Portugal-3.jpeg\" data-orig-size=\"1168,584\" data-comments-opened=\"1\" data-image-meta=\"{&quot;aperture&quot;:&quot;0&quot;,&quot;credit&quot;:&quot;&quot;,&quot;camera&quot;:&quot;&quot;,&quot;caption&quot;:&quot;&quot;,&quot;created_timestamp&quot;:&quot;0&quot;,&quot;copyright&quot;:&quot;&quot;,&quot;focal_length&quot;:&quot;0&quot;,&quot;iso&quot;:&quot;0&quot;,&quot;shutter_speed&quot;:&quot;0&quot;,&quot;title&quot;:&quot;&quot;,&quot;orientation&quot;:&quot;0&quot;}\" data-image-title=\"Coord-Jornalismo-em-Portugal (3)\" data-image-description=\"\" data-medium-file=\"https:\/\/i1.wp.com\/www1.unicap.br\/assecom1\/wp-content\/uploads\/2019\/01\/Coord-Jornalismo-em-Portugal-3.jpeg?fit=300%2C150&#038;ssl=1\" data-large-file=\"https:\/\/i1.wp.com\/www1.unicap.br\/assecom1\/wp-content\/uploads\/2019\/01\/Coord-Jornalismo-em-Portugal-3.jpeg?fit=640%2C320&#038;ssl=1\" src=\"https:\/\/i1.wp.com\/www1.unicap.br\/assecom1\/wp-content\/uploads\/2019\/01\/Coord-Jornalismo-em-Portugal-3.jpeg?w=208&#038;h=104&#038;crop&#038;ssl=1\" width=\"208\" height=\"104\" data-original-width=\"208\" data-original-height=\"104\" itemprop=\"http:\/\/schema.org\/image\" title=\"Coord-Jornalismo-em-Portugal (3)\" alt=\"Coord-Jornalismo-em-Portugal (3)\" style=\"width: 208px; height: 104px;\" \/> <\/a> <\/div> <\/div> <!-- close group --> <div class=\"gallery-group images-1\" style=\"width: 143px; height: 108px;\" data-original-width=\"143\" data-original-height=\"108\" > <div class=\"tiled-gallery-item tiled-gallery-item-small\" itemprop=\"associatedMedia\" itemscope itemtype=\"http:\/\/schema.org\/ImageObject\"> <a href=\"https:\/\/www1.unicap.br\/assecom1\/curso-de-jornalismo-busca-parcerias-com-universidades-e-centros-de-pesquisa-de-portugal\/coord-jornalismo-em-portugal-4\/\" border=\"0\" itemprop=\"url\"> <meta itemprop=\"width\" content=\"139\"> <meta itemprop=\"height\" content=\"104\"> <img data-attachment-id=\"84642\" data-orig-file=\"https:\/\/www1.unicap.br\/assecom1\/wp-content\/uploads\/2019\/01\/Coord-Jornalismo-em-Portugal-4.jpeg\" data-orig-size=\"1280,960\" data-comments-opened=\"1\" data-image-meta=\"{&quot;aperture&quot;:&quot;0&quot;,&quot;credit&quot;:&quot;&quot;,&quot;camera&quot;:&quot;&quot;,&quot;caption&quot;:&quot;&quot;,&quot;created_timestamp&quot;:&quot;0&quot;,&quot;copyright&quot;:&quot;&quot;,&quot;focal_length&quot;:&quot;0&quot;,&quot;iso&quot;:&quot;0&quot;,&quot;shutter_speed&quot;:&quot;0&quot;,&quot;title&quot;:&quot;&quot;,&quot;orientation&quot;:&quot;0&quot;}\" data-image-title=\"Coord-Jornalismo-em-Portugal (4)\" data-image-description=\"\" data-medium-file=\"https:\/\/i2.wp.com\/www1.unicap.br\/assecom1\/wp-content\/uploads\/2019\/01\/Coord-Jornalismo-em-Portugal-4.jpeg?fit=300%2C225&#038;ssl=1\" data-large-file=\"https:\/\/i2.wp.com\/www1.unicap.br\/assecom1\/wp-content\/uploads\/2019\/01\/Coord-Jornalismo-em-Portugal-4.jpeg?fit=640%2C480&#038;ssl=1\" src=\"https:\/\/i2.wp.com\/www1.unicap.br\/assecom1\/wp-content\/uploads\/2019\/01\/Coord-Jornalismo-em-Portugal-4.jpeg?w=139&#038;h=104&#038;crop&#038;ssl=1\" width=\"139\" height=\"104\" data-original-width=\"139\" data-original-height=\"104\" itemprop=\"http:\/\/schema.org\/image\" title=\"Coord-Jornalismo-em-Portugal (4)\" alt=\"A Universidade de Aveiro\" style=\"width: 139px; height: 104px;\" \/> <\/a> <div class=\"tiled-gallery-caption\" itemprop=\"caption description\"> A Universidade de Aveiro <\/div> <\/div> <\/div> <!-- close group --> <div class=\"gallery-group images-1\" style=\"width: 186px; height: 108px;\" data-original-width=\"186\" data-original-height=\"108\" > <div class=\"tiled-gallery-item tiled-gallery-item-small\" itemprop=\"associatedMedia\" itemscope itemtype=\"http:\/\/schema.org\/ImageObject\"> <a href=\"https:\/\/www1.unicap.br\/assecom1\/curso-de-jornalismo-busca-parcerias-com-universidades-e-centros-de-pesquisa-de-portugal\/coord-jornalismo-em-portugal-5\/\" border=\"0\" itemprop=\"url\"> <meta itemprop=\"width\" content=\"182\"> <meta itemprop=\"height\" content=\"104\"> <img data-attachment-id=\"84643\" data-orig-file=\"https:\/\/www1.unicap.br\/assecom1\/wp-content\/uploads\/2019\/01\/Coord-Jornalismo-em-Portugal-5.jpeg\" data-orig-size=\"1129,648\" data-comments-opened=\"1\" data-image-meta=\"{&quot;aperture&quot;:&quot;0&quot;,&quot;credit&quot;:&quot;&quot;,&quot;camera&quot;:&quot;&quot;,&quot;caption&quot;:&quot;&quot;,&quot;created_timestamp&quot;:&quot;0&quot;,&quot;copyright&quot;:&quot;&quot;,&quot;focal_length&quot;:&quot;0&quot;,&quot;iso&quot;:&quot;0&quot;,&quot;shutter_speed&quot;:&quot;0&quot;,&quot;title&quot;:&quot;&quot;,&quot;orientation&quot;:&quot;0&quot;}\" data-image-title=\"Coord-Jornalismo-em-Portugal (5)\" data-image-description=\"\" data-medium-file=\"https:\/\/i2.wp.com\/www1.unicap.br\/assecom1\/wp-content\/uploads\/2019\/01\/Coord-Jornalismo-em-Portugal-5.jpeg?fit=300%2C172&#038;ssl=1\" data-large-file=\"https:\/\/i2.wp.com\/www1.unicap.br\/assecom1\/wp-content\/uploads\/2019\/01\/Coord-Jornalismo-em-Portugal-5.jpeg?fit=640%2C368&#038;ssl=1\" src=\"https:\/\/i2.wp.com\/www1.unicap.br\/assecom1\/wp-content\/uploads\/2019\/01\/Coord-Jornalismo-em-Portugal-5.jpeg?w=182&#038;h=104&#038;crop&#038;ssl=1\" width=\"182\" height=\"104\" data-original-width=\"182\" data-original-height=\"104\" itemprop=\"http:\/\/schema.org\/image\" title=\"Coord-Jornalismo-em-Portugal (5)\" alt=\"Encontro com Nelson Zagalo na Universidade de Aveiro\" style=\"width: 182px; height: 104px;\" \/> <\/a> <div class=\"tiled-gallery-caption\" itemprop=\"caption description\"> Encontro com Nelson Zagalo na Universidade de Aveiro <\/div> <\/div> <\/div> <!-- close group --> <\/div> <!-- close row --> <\/div>\n","protected":false},"excerpt":{"rendered":"<p>Com Janna Joceli, pesquisadora e membro do Comit\u00ea Cient\u00edfico do iNOVA Media Lab, e Cristian Ruiz, pesquisador do iNOVA A Universidade de Coimbra sedia, nesta quinta (24) e sexta-feira (25) o VI Congresso Internacional de Comunica\u00e7\u00e3o, Jornalismo e Espa\u00e7o P\u00fablico, cuja tem\u00e1tica em 2019 \u00e9 Media: Poder, Representa\u00e7\u00e3o e Epistemologias. A iniciativa aborda comunica\u00e7\u00e3o pol\u00edtica, [&hellip;]<\/p>\n","protected":false},"author":8,"featured_media":84639,"comment_status":"open","ping_status":"open","sticky":false,"template":"","format":"standard","meta":[],"categories":[4],"tags":[],"jetpack-related-posts":[],"_links":{"self":[{"href":"https:\/\/www1.unicap.br\/assecom1\/wp-json\/wp\/v2\/posts\/84632"}],"collection":[{"href":"https:\/\/www1.unicap.br\/assecom1\/wp-json\/wp\/v2\/posts"}],"about":[{"href":"https:\/\/www1.unicap.br\/assecom1\/wp-json\/wp\/v2\/types\/post"}],"author":[{"embeddable":true,"href":"https:\/\/www1.unicap.br\/assecom1\/wp-json\/wp\/v2\/users\/8"}],"replies":[{"embeddable":true,"href":"https:\/\/www1.unicap.br\/assecom1\/wp-json\/wp\/v2\/comments?post=84632"}],"version-history":[{"count":7,"href":"https:\/\/www1.unicap.br\/assecom1\/wp-json\/wp\/v2\/posts\/84632\/revisions"}],"predecessor-version":[{"id":84686,"href":"https:\/\/www1.unicap.br\/assecom1\/wp-json\/wp\/v2\/posts\/84632\/revisions\/84686"}],"wp:featuredmedia":[{"embeddable":true,"href":"https:\/\/www1.unicap.br\/assecom1\/wp-json\/wp\/v2\/media\/84639"}],"wp:attachment":[{"href":"https:\/\/www1.unicap.br\/assecom1\/wp-json\/wp\/v2\/media?parent=84632"}],"wp:term":[{"taxonomy":"category","embeddable":true,"href":"https:\/\/www1.unicap.br\/assecom1\/wp-json\/wp\/v2\/categories?post=84632"},{"taxonomy":"post_tag","embeddable":true,"href":"https:\/\/www1.unicap.br\/assecom1\/wp-json\/wp\/v2\/tags?post=84632"}],"curies":[{"name":"wp","href":"https:\/\/api.w.org\/{rel}","templated":true}]}}