{"id":8411,"date":"2010-08-30T08:36:14","date_gmt":"2010-08-30T11:36:14","guid":{"rendered":"http:\/\/www.unicap.br\/assecom1\/?p=8411"},"modified":"2010-08-30T08:36:14","modified_gmt":"2010-08-30T11:36:14","slug":"aspectos-eticos-em-pesquisas-envolvendo-seres-humanos-e-tema-de-conferencia-no-iii-simcbio","status":"publish","type":"post","link":"https:\/\/www1.unicap.br\/assecom1\/aspectos-eticos-em-pesquisas-envolvendo-seres-humanos-e-tema-de-conferencia-no-iii-simcbio\/","title":{"rendered":"Aspectos \u00c9ticos em Pesquisas envolvendo Seres Humanos \u00e9 tema de confer\u00eancia no III Simcbio"},"content":{"rendered":"<p>O coordenador do Mestrado em Ci\u00eancias da Religi\u00e3o e integrante do Comit\u00ea de \u00c9tica em Pesquisa da Cat\u00f3lica, Gilbraz de Souza Arag\u00e3o, participou do III\u00a0Simcbio apresentando uma palestra sobre os &#8220;Aspectos \u00c9ticos em Pesquisas envolvendo Seres Humanos&#8221;, na noite\u00a0de quinta-feira(26).<\/p>\n<p>O professor dividiu sua palestra em duas partes: primeiro analisou como o aluno\/pesquisador\u00a0pode ser \u00e9tico fazendo um trabalho que envolve o ser humano; e como o\u00a0Comint\u00ea de \u00c9tica avalia esse projeto.\u00a0 Mostrou\u00a0 desde como\u00a0estruturar\u00a0capas, e introdu\u00e7\u00f5es, aos m\u00e9todos utilizados para essas pesquisas que, segundo\u00a0ele, \u00e9 uma das partes que mais gastam tempo na hora de analisar\u00a0 os projetos, pois para se fazer as pesquisas n\u00e3o pode existr discrimina\u00e7\u00f5es &#8211; quanto \u00e0s pessoas a serem analisadas &#8211;\u00a0 e nem oferecer riscos a essas pessoas. &#8220;A pesquisa n\u00e3o deve servir s\u00f3 ao meio acad\u00eamico, ela deve trazer\u00a0melhorias para a vida das pessoas.&#8221;<\/p>\n<p>Finalizou dizendo que para ser \u00e9tico o pesquisador tem que ter sensibilidade. De nada valem as regras, se ele n\u00e3o for sens\u00edvel ao que acontece ao seu redor.\u00a0&#8220;O pesquisador tem que ter cora\u00e7\u00e3o, precisa sentir as pessoas em sua capacidade completa. N\u00e3o precisa ser religioso nem nada, mas precisa ter essa sensibilidade&#8221;, ressaltou.<\/p>\n","protected":false},"excerpt":{"rendered":"<p>O coordenador do Mestrado em Ci\u00eancias da Religi\u00e3o e integrante do Comit\u00ea de \u00c9tica em Pesquisa da Cat\u00f3lica, Gilbraz de Souza Arag\u00e3o, participou do III\u00a0Simcbio apresentando uma palestra sobre os &#8220;Aspectos \u00c9ticos em Pesquisas envolvendo Seres Humanos&#8221;, na noite\u00a0de quinta-feira(26). O professor dividiu sua palestra em duas partes: primeiro analisou como o aluno\/pesquisador\u00a0pode ser \u00e9tico [&hellip;]<\/p>\n","protected":false},"author":17,"featured_media":0,"comment_status":"open","ping_status":"open","sticky":false,"template":"","format":"standard","meta":[],"categories":[4],"tags":[],"jetpack-related-posts":[],"_links":{"self":[{"href":"https:\/\/www1.unicap.br\/assecom1\/wp-json\/wp\/v2\/posts\/8411"}],"collection":[{"href":"https:\/\/www1.unicap.br\/assecom1\/wp-json\/wp\/v2\/posts"}],"about":[{"href":"https:\/\/www1.unicap.br\/assecom1\/wp-json\/wp\/v2\/types\/post"}],"author":[{"embeddable":true,"href":"https:\/\/www1.unicap.br\/assecom1\/wp-json\/wp\/v2\/users\/17"}],"replies":[{"embeddable":true,"href":"https:\/\/www1.unicap.br\/assecom1\/wp-json\/wp\/v2\/comments?post=8411"}],"version-history":[{"count":0,"href":"https:\/\/www1.unicap.br\/assecom1\/wp-json\/wp\/v2\/posts\/8411\/revisions"}],"wp:attachment":[{"href":"https:\/\/www1.unicap.br\/assecom1\/wp-json\/wp\/v2\/media?parent=8411"}],"wp:term":[{"taxonomy":"category","embeddable":true,"href":"https:\/\/www1.unicap.br\/assecom1\/wp-json\/wp\/v2\/categories?post=8411"},{"taxonomy":"post_tag","embeddable":true,"href":"https:\/\/www1.unicap.br\/assecom1\/wp-json\/wp\/v2\/tags?post=8411"}],"curies":[{"name":"wp","href":"https:\/\/api.w.org\/{rel}","templated":true}]}}