{"id":79708,"date":"2018-06-27T00:46:08","date_gmt":"2018-06-27T03:46:08","guid":{"rendered":"http:\/\/www.unicap.br\/assecom1\/?p=79708"},"modified":"2018-06-27T11:43:35","modified_gmt":"2018-06-27T14:43:35","slug":"professor-marcio-waked-participa-de-forum-da-uniao-europeia-sobre-comercio-justo","status":"publish","type":"post","link":"https:\/\/www1.unicap.br\/assecom1\/professor-marcio-waked-participa-de-forum-da-uniao-europeia-sobre-comercio-justo\/","title":{"rendered":"Professor M\u00e1rcio Waked participa de F\u00f3rum da Uni\u00e3o Europeia sobre com\u00e9rcio justo"},"content":{"rendered":"<p><a href=\"https:\/\/i2.wp.com\/www1.unicap.br\/assecom1\/wp-content\/uploads\/2018\/06\/Prof-Marcio-Waked-1.jpeg?ssl=1\"><img data-attachment-id=\"79759\" data-permalink=\"https:\/\/www1.unicap.br\/assecom1\/professor-marcio-waked-participa-de-forum-da-uniao-europeia-sobre-comercio-justo\/prof-marcio-waked-1\/\" data-orig-file=\"https:\/\/i2.wp.com\/www1.unicap.br\/assecom1\/wp-content\/uploads\/2018\/06\/Prof-Marcio-Waked-1.jpeg?fit=1280%2C851&amp;ssl=1\" data-orig-size=\"1280,851\" data-comments-opened=\"1\" data-image-meta=\"{&quot;aperture&quot;:&quot;0&quot;,&quot;credit&quot;:&quot;&quot;,&quot;camera&quot;:&quot;&quot;,&quot;caption&quot;:&quot;&quot;,&quot;created_timestamp&quot;:&quot;0&quot;,&quot;copyright&quot;:&quot;&quot;,&quot;focal_length&quot;:&quot;0&quot;,&quot;iso&quot;:&quot;0&quot;,&quot;shutter_speed&quot;:&quot;0&quot;,&quot;title&quot;:&quot;&quot;,&quot;orientation&quot;:&quot;0&quot;}\" data-image-title=\"Prof-Marcio-Waked (1)\" data-image-description=\"\" data-medium-file=\"https:\/\/i2.wp.com\/www1.unicap.br\/assecom1\/wp-content\/uploads\/2018\/06\/Prof-Marcio-Waked-1.jpeg?fit=300%2C199&amp;ssl=1\" data-large-file=\"https:\/\/i2.wp.com\/www1.unicap.br\/assecom1\/wp-content\/uploads\/2018\/06\/Prof-Marcio-Waked-1.jpeg?fit=640%2C426&amp;ssl=1\" loading=\"lazy\" class=\"alignnone wp-image-79759 size-full\" src=\"https:\/\/i2.wp.com\/www1.unicap.br\/assecom1\/wp-content\/uploads\/2018\/06\/Prof-Marcio-Waked-1.jpeg?resize=640%2C426&#038;ssl=1\" alt=\"\" srcset=\"https:\/\/i2.wp.com\/www1.unicap.br\/assecom1\/wp-content\/uploads\/2018\/06\/Prof-Marcio-Waked-1.jpeg?w=1280&amp;ssl=1 1280w, https:\/\/i2.wp.com\/www1.unicap.br\/assecom1\/wp-content\/uploads\/2018\/06\/Prof-Marcio-Waked-1.jpeg?resize=300%2C200&amp;ssl=1 300w, https:\/\/i2.wp.com\/www1.unicap.br\/assecom1\/wp-content\/uploads\/2018\/06\/Prof-Marcio-Waked-1.jpeg?resize=768%2C511&amp;ssl=1 768w, https:\/\/i2.wp.com\/www1.unicap.br\/assecom1\/wp-content\/uploads\/2018\/06\/Prof-Marcio-Waked-1.jpeg?resize=1024%2C681&amp;ssl=1 1024w\" sizes=\"(max-width: 640px) 100vw, 640px\" data-recalc-dims=\"1\" \/><\/a><\/p>\n<p>O coordenador da Cat\u00f3lica Business School, Prof. Dr. M\u00e1rcio Waked, participou na \u00faltima quinta-feira (21), no Rio de Janeiro, do primeiro F\u00f3rum de Discuss\u00e3o sobre Com\u00e9rcio Justo e \u00c9tico entre a Uni\u00e3o Europeia e o Brasil. Ele fez palestra sobre o caso de sucesso da Bio Fair Trade, empresa social de com\u00e9rcio justo pernambucana, da qual \u00e9 s\u00f3cio, e que tem como principal objetivo apoiar pequenos grupos de artes\u00e3os brasileiros no acesso aos mercados. O evento reuniu os principais atores do com\u00e9rcio justo no pa\u00eds.<\/p>\n<p>De acordo com o professor M\u00e1rcio, o compromisso da Bio Fair Trade \u00e9 com o desenvolvimento sustent\u00e1vel destes grupos de artes\u00e3os e das comunidades nas quais eles est\u00e3o inseridos. &#8220;Por meio das negocia\u00e7\u00f5es junto a clientes nacionais e internacionais, a Bio Fair Trade estabelece parcerias de longo prazo entre produtores e compradores, dentro dos princ\u00edpios do Com\u00e9rcio Justo. Desde 2007, trabalhamos para que milhares de pessoas em todo o Brasil tenham oportunidade de ter uma vida mais digna por meio do seu trabalho, desempenhando um importante papel de cidadania social&#8221;, explica.<\/p>\n<p>O principal objetivo do F\u00f3rum foi promover a troca de informa\u00e7\u00f5es e identificar novas oportunidades de neg\u00f3cios entre a UE e o Brasil que facilitem o com\u00e9rcio de produtos justos e \u00e9ticos.<\/p>\n<p>&nbsp;<\/p>\n<p><a href=\"https:\/\/i0.wp.com\/www1.unicap.br\/assecom1\/wp-content\/uploads\/2018\/06\/Prof-Marcio-Waked-2-e1530058534858.jpeg?ssl=1\"><img data-attachment-id=\"79760\" data-permalink=\"https:\/\/www1.unicap.br\/assecom1\/professor-marcio-waked-participa-de-forum-da-uniao-europeia-sobre-comercio-justo\/prof-marcio-waked-2\/\" data-orig-file=\"https:\/\/i0.wp.com\/www1.unicap.br\/assecom1\/wp-content\/uploads\/2018\/06\/Prof-Marcio-Waked-2-e1530058534858.jpeg?fit=860%2C531&amp;ssl=1\" data-orig-size=\"860,531\" data-comments-opened=\"1\" data-image-meta=\"{&quot;aperture&quot;:&quot;0&quot;,&quot;credit&quot;:&quot;&quot;,&quot;camera&quot;:&quot;&quot;,&quot;caption&quot;:&quot;&quot;,&quot;created_timestamp&quot;:&quot;0&quot;,&quot;copyright&quot;:&quot;&quot;,&quot;focal_length&quot;:&quot;0&quot;,&quot;iso&quot;:&quot;0&quot;,&quot;shutter_speed&quot;:&quot;0&quot;,&quot;title&quot;:&quot;&quot;,&quot;orientation&quot;:&quot;0&quot;}\" data-image-title=\"Prof-Marcio-Waked (2)\" data-image-description=\"\" data-medium-file=\"https:\/\/i0.wp.com\/www1.unicap.br\/assecom1\/wp-content\/uploads\/2018\/06\/Prof-Marcio-Waked-2-e1530058534858.jpeg?fit=300%2C185&amp;ssl=1\" data-large-file=\"https:\/\/i0.wp.com\/www1.unicap.br\/assecom1\/wp-content\/uploads\/2018\/06\/Prof-Marcio-Waked-2-e1530058534858.jpeg?fit=576%2C1024&amp;ssl=1\" loading=\"lazy\" class=\"alignright size-medium wp-image-79760\" src=\"https:\/\/i2.wp.com\/www1.unicap.br\/assecom1\/wp-content\/uploads\/2018\/06\/Prof-Marcio-Waked-2-e1530058534858-300x185.jpeg?resize=300%2C185&#038;ssl=1\" alt=\"\" srcset=\"https:\/\/i0.wp.com\/www1.unicap.br\/assecom1\/wp-content\/uploads\/2018\/06\/Prof-Marcio-Waked-2-e1530058534858.jpeg?resize=300%2C185&amp;ssl=1 300w, https:\/\/i0.wp.com\/www1.unicap.br\/assecom1\/wp-content\/uploads\/2018\/06\/Prof-Marcio-Waked-2-e1530058534858.jpeg?resize=768%2C474&amp;ssl=1 768w, https:\/\/i0.wp.com\/www1.unicap.br\/assecom1\/wp-content\/uploads\/2018\/06\/Prof-Marcio-Waked-2-e1530058534858.jpeg?w=860&amp;ssl=1 860w\" sizes=\"(max-width: 300px) 100vw, 300px\" data-recalc-dims=\"1\" \/> <\/a>No in\u00edcio do m\u00eas, o professor M\u00e1rcio participou do F\u00f3rum de Finan\u00e7as Sociais e Neg\u00f3cios de Impacto, realizado em S\u00e3o Paulo. O evento contou com a participa\u00e7\u00e3o de cerca de mil pessoas. e teve seis palestrantes estrangeiros e 170 brasileiros. O coordenador da Cat\u00f3lica Business School fez palestra sobre Os Desafios da Academia para Avan\u00e7os da Inova\u00e7\u00e3o Social no Brasil.<\/p>\n<p><strong>O que \u00e9 com\u00e9rcio justo<\/strong><\/p>\n<p>O Com\u00e9rcio Justo (Fair Trade, em ingl\u00eas), \u00e9 um movimento internacional que surgiu em meados do s\u00e9culo 20, nos Estados Unidos e Europa, e \u00e9 definido pela Organiza\u00e7\u00e3o Mundial de Com\u00e9rcio Justo (WFTO) como uma \u201cparceria comercial, baseada em di\u00e1logo, transpar\u00eancia e respeito, que busca maior equidade no com\u00e9rcio internacional. Ele contribui para o desenvolvimento sustent\u00e1vel por meio de melhores condi\u00e7\u00f5es de troca e a garantia dos direitos para produtores e trabalhadores marginalizados, principalmente do Hemisf\u00e9rio Sul\u201d.<\/p>\n","protected":false},"excerpt":{"rendered":"<p>O coordenador da Cat\u00f3lica Business School, Prof. Dr. M\u00e1rcio Waked, participou na \u00faltima quinta-feira (21), no Rio de Janeiro, do primeiro F\u00f3rum de Discuss\u00e3o sobre Com\u00e9rcio Justo e \u00c9tico entre a Uni\u00e3o Europeia e o Brasil. Ele fez palestra sobre o caso de sucesso da Bio Fair Trade, empresa social de com\u00e9rcio justo pernambucana, da [&hellip;]<\/p>\n","protected":false},"author":2,"featured_media":79759,"comment_status":"open","ping_status":"open","sticky":false,"template":"","format":"standard","meta":[],"categories":[4],"tags":[],"jetpack-related-posts":[],"_links":{"self":[{"href":"https:\/\/www1.unicap.br\/assecom1\/wp-json\/wp\/v2\/posts\/79708"}],"collection":[{"href":"https:\/\/www1.unicap.br\/assecom1\/wp-json\/wp\/v2\/posts"}],"about":[{"href":"https:\/\/www1.unicap.br\/assecom1\/wp-json\/wp\/v2\/types\/post"}],"author":[{"embeddable":true,"href":"https:\/\/www1.unicap.br\/assecom1\/wp-json\/wp\/v2\/users\/2"}],"replies":[{"embeddable":true,"href":"https:\/\/www1.unicap.br\/assecom1\/wp-json\/wp\/v2\/comments?post=79708"}],"version-history":[{"count":7,"href":"https:\/\/www1.unicap.br\/assecom1\/wp-json\/wp\/v2\/posts\/79708\/revisions"}],"predecessor-version":[{"id":79770,"href":"https:\/\/www1.unicap.br\/assecom1\/wp-json\/wp\/v2\/posts\/79708\/revisions\/79770"}],"wp:featuredmedia":[{"embeddable":true,"href":"https:\/\/www1.unicap.br\/assecom1\/wp-json\/wp\/v2\/media\/79759"}],"wp:attachment":[{"href":"https:\/\/www1.unicap.br\/assecom1\/wp-json\/wp\/v2\/media?parent=79708"}],"wp:term":[{"taxonomy":"category","embeddable":true,"href":"https:\/\/www1.unicap.br\/assecom1\/wp-json\/wp\/v2\/categories?post=79708"},{"taxonomy":"post_tag","embeddable":true,"href":"https:\/\/www1.unicap.br\/assecom1\/wp-json\/wp\/v2\/tags?post=79708"}],"curies":[{"name":"wp","href":"https:\/\/api.w.org\/{rel}","templated":true}]}}