{"id":77789,"date":"2018-04-11T14:15:54","date_gmt":"2018-04-11T17:15:54","guid":{"rendered":"http:\/\/www.unicap.br\/assecom1\/?p=77789"},"modified":"2018-04-11T14:15:54","modified_gmt":"2018-04-11T17:15:54","slug":"midia-internacional-e-fake-news-em-debate-nesta-quarta-11-na-catolica","status":"publish","type":"post","link":"https:\/\/www1.unicap.br\/assecom1\/midia-internacional-e-fake-news-em-debate-nesta-quarta-11-na-catolica\/","title":{"rendered":"M\u00eddia Internacional e Fake News em debate nesta quarta (11) na Cat\u00f3lica"},"content":{"rendered":"<p><img data-attachment-id=\"77790\" data-permalink=\"https:\/\/www1.unicap.br\/assecom1\/midia-internacional-e-fake-news-em-debate-nesta-quarta-11-na-catolica\/palestra-4\/\" data-orig-file=\"https:\/\/i1.wp.com\/www1.unicap.br\/assecom1\/wp-content\/uploads\/2018\/04\/palestra.jpeg?fit=850%2C850&amp;ssl=1\" data-orig-size=\"850,850\" data-comments-opened=\"1\" data-image-meta=\"{&quot;aperture&quot;:&quot;0&quot;,&quot;credit&quot;:&quot;&quot;,&quot;camera&quot;:&quot;&quot;,&quot;caption&quot;:&quot;&quot;,&quot;created_timestamp&quot;:&quot;0&quot;,&quot;copyright&quot;:&quot;&quot;,&quot;focal_length&quot;:&quot;0&quot;,&quot;iso&quot;:&quot;0&quot;,&quot;shutter_speed&quot;:&quot;0&quot;,&quot;title&quot;:&quot;&quot;,&quot;orientation&quot;:&quot;0&quot;}\" data-image-title=\"palestra\" data-image-description=\"\" data-medium-file=\"https:\/\/i1.wp.com\/www1.unicap.br\/assecom1\/wp-content\/uploads\/2018\/04\/palestra.jpeg?fit=300%2C300&amp;ssl=1\" data-large-file=\"https:\/\/i1.wp.com\/www1.unicap.br\/assecom1\/wp-content\/uploads\/2018\/04\/palestra.jpeg?fit=640%2C640&amp;ssl=1\" loading=\"lazy\" class=\"size-medium wp-image-77790 alignleft\" src=\"https:\/\/i1.wp.com\/www1.unicap.br\/assecom1\/wp-content\/uploads\/2018\/04\/palestra.jpeg?resize=300%2C300&#038;ssl=1\" alt=\"\" srcset=\"https:\/\/i1.wp.com\/www1.unicap.br\/assecom1\/wp-content\/uploads\/2018\/04\/palestra.jpeg?resize=300%2C300&amp;ssl=1 300w, https:\/\/i1.wp.com\/www1.unicap.br\/assecom1\/wp-content\/uploads\/2018\/04\/palestra.jpeg?resize=150%2C150&amp;ssl=1 150w, https:\/\/i1.wp.com\/www1.unicap.br\/assecom1\/wp-content\/uploads\/2018\/04\/palestra.jpeg?resize=768%2C768&amp;ssl=1 768w, https:\/\/i1.wp.com\/www1.unicap.br\/assecom1\/wp-content\/uploads\/2018\/04\/palestra.jpeg?resize=65%2C65&amp;ssl=1 65w, https:\/\/i1.wp.com\/www1.unicap.br\/assecom1\/wp-content\/uploads\/2018\/04\/palestra.jpeg?w=850&amp;ssl=1 850w\" sizes=\"(max-width: 300px) 100vw, 300px\" data-recalc-dims=\"1\" \/>A egressa do curso de Jornalismo da Cat\u00f3lica e mestra em Comunica\u00e7\u00e3o pela UFPE, Mariana Lins, estar\u00e1 nesta quarta-feira (11), \u00e0s 18h, no audit\u00f3rio G1 da Cat\u00f3lica, com a palestra <em>A import\u00e2ncia da M\u00eddia Internacional<\/em>. A iniciativa faz parte do I Ciclo de Palestras do Pernambuco Model United Nations (PEMUN), projeto universit\u00e1rio de simula\u00e7\u00f5es de organismos internacionais.<\/p>\n<p>Segundo ela, o enfoque ser\u00e3o os desafios e estrat\u00e9gias da atividade jornal\u00edstica na era das <em>Fake News<\/em> e como isso tem afetado o cen\u00e1rio pol\u00edtico global. \u201cVou abordar como a desordem informacional se tornou o grande desafio contempor\u00e2neo na rela\u00e7\u00e3o da imprensa com os governos democr\u00e1ticos, tomando a elei\u00e7\u00e3o de Donald Trump, nos EUA, como ponto de partida. O evento tem o apoio do curso de Jornalismo da Cat\u00f3lica e tem entrada franca.<\/p>\n","protected":false},"excerpt":{"rendered":"<p>A egressa do curso de Jornalismo da Cat\u00f3lica e mestra em Comunica\u00e7\u00e3o pela UFPE, Mariana Lins, estar\u00e1 nesta quarta-feira (11), \u00e0s 18h, no audit\u00f3rio G1 da Cat\u00f3lica, com a palestra A import\u00e2ncia da M\u00eddia Internacional. A iniciativa faz parte do I Ciclo de Palestras do Pernambuco Model United Nations (PEMUN), projeto universit\u00e1rio de simula\u00e7\u00f5es de [&hellip;]<\/p>\n","protected":false},"author":8,"featured_media":77790,"comment_status":"open","ping_status":"open","sticky":false,"template":"","format":"standard","meta":[],"categories":[4],"tags":[],"jetpack-related-posts":[],"_links":{"self":[{"href":"https:\/\/www1.unicap.br\/assecom1\/wp-json\/wp\/v2\/posts\/77789"}],"collection":[{"href":"https:\/\/www1.unicap.br\/assecom1\/wp-json\/wp\/v2\/posts"}],"about":[{"href":"https:\/\/www1.unicap.br\/assecom1\/wp-json\/wp\/v2\/types\/post"}],"author":[{"embeddable":true,"href":"https:\/\/www1.unicap.br\/assecom1\/wp-json\/wp\/v2\/users\/8"}],"replies":[{"embeddable":true,"href":"https:\/\/www1.unicap.br\/assecom1\/wp-json\/wp\/v2\/comments?post=77789"}],"version-history":[{"count":1,"href":"https:\/\/www1.unicap.br\/assecom1\/wp-json\/wp\/v2\/posts\/77789\/revisions"}],"predecessor-version":[{"id":77791,"href":"https:\/\/www1.unicap.br\/assecom1\/wp-json\/wp\/v2\/posts\/77789\/revisions\/77791"}],"wp:featuredmedia":[{"embeddable":true,"href":"https:\/\/www1.unicap.br\/assecom1\/wp-json\/wp\/v2\/media\/77790"}],"wp:attachment":[{"href":"https:\/\/www1.unicap.br\/assecom1\/wp-json\/wp\/v2\/media?parent=77789"}],"wp:term":[{"taxonomy":"category","embeddable":true,"href":"https:\/\/www1.unicap.br\/assecom1\/wp-json\/wp\/v2\/categories?post=77789"},{"taxonomy":"post_tag","embeddable":true,"href":"https:\/\/www1.unicap.br\/assecom1\/wp-json\/wp\/v2\/tags?post=77789"}],"curies":[{"name":"wp","href":"https:\/\/api.w.org\/{rel}","templated":true}]}}