{"id":76582,"date":"2018-02-23T17:49:17","date_gmt":"2018-02-23T20:49:17","guid":{"rendered":"http:\/\/www.unicap.br\/assecom1\/?p=76582"},"modified":"2018-02-27T15:53:26","modified_gmt":"2018-02-27T18:53:26","slug":"solenidade-em-homenagem-a-mirian-de-sa-pereira-emociona-a-comunidade-academica-da-unicap","status":"publish","type":"post","link":"https:\/\/www1.unicap.br\/assecom1\/solenidade-em-homenagem-a-mirian-de-sa-pereira-emociona-a-comunidade-academica-da-unicap\/","title":{"rendered":"Solenidade em homenagem a Mirian de S\u00e1 Pereira emociona a comunidade acad\u00eamica da Unicap"},"content":{"rendered":"<figure id=\"attachment_76602\" aria-describedby=\"caption-attachment-76602\" style=\"width: 640px\" class=\"wp-caption alignleft\"><img data-attachment-id=\"76602\" data-permalink=\"https:\/\/www1.unicap.br\/assecom1\/solenidade-em-homenagem-a-mirian-de-sa-pereira-emociona-a-comunidade-academica-da-unicap\/_dsc0307\/\" data-orig-file=\"https:\/\/i2.wp.com\/www1.unicap.br\/assecom1\/wp-content\/uploads\/2018\/02\/DSC0307.jpg?fit=3216%2C2136&amp;ssl=1\" data-orig-size=\"3216,2136\" data-comments-opened=\"1\" data-image-meta=\"{&quot;aperture&quot;:&quot;4.8&quot;,&quot;credit&quot;:&quot;&quot;,&quot;camera&quot;:&quot;NIKON D90&quot;,&quot;caption&quot;:&quot;&quot;,&quot;created_timestamp&quot;:&quot;1519385102&quot;,&quot;copyright&quot;:&quot;&quot;,&quot;focal_length&quot;:&quot;48&quot;,&quot;iso&quot;:&quot;800&quot;,&quot;shutter_speed&quot;:&quot;0.02&quot;,&quot;title&quot;:&quot;&quot;,&quot;orientation&quot;:&quot;1&quot;}\" data-image-title=\"_DSC0307\" data-image-description=\"\" data-medium-file=\"https:\/\/i2.wp.com\/www1.unicap.br\/assecom1\/wp-content\/uploads\/2018\/02\/DSC0307.jpg?fit=300%2C199&amp;ssl=1\" data-large-file=\"https:\/\/i2.wp.com\/www1.unicap.br\/assecom1\/wp-content\/uploads\/2018\/02\/DSC0307.jpg?fit=640%2C425&amp;ssl=1\" loading=\"lazy\" class=\"wp-image-76602 size-large\" src=\"https:\/\/i2.wp.com\/www1.unicap.br\/assecom1\/wp-content\/uploads\/2018\/02\/DSC0307.jpg?resize=640%2C425&#038;ssl=1\" alt=\"\" srcset=\"https:\/\/i2.wp.com\/www1.unicap.br\/assecom1\/wp-content\/uploads\/2018\/02\/DSC0307.jpg?resize=1024%2C680&amp;ssl=1 1024w, https:\/\/i2.wp.com\/www1.unicap.br\/assecom1\/wp-content\/uploads\/2018\/02\/DSC0307.jpg?resize=300%2C200&amp;ssl=1 300w, https:\/\/i2.wp.com\/www1.unicap.br\/assecom1\/wp-content\/uploads\/2018\/02\/DSC0307.jpg?resize=768%2C510&amp;ssl=1 768w, https:\/\/i2.wp.com\/www1.unicap.br\/assecom1\/wp-content\/uploads\/2018\/02\/DSC0307.jpg?w=1280&amp;ssl=1 1280w, https:\/\/i2.wp.com\/www1.unicap.br\/assecom1\/wp-content\/uploads\/2018\/02\/DSC0307.jpg?w=1920&amp;ssl=1 1920w\" sizes=\"(max-width: 640px) 100vw, 640px\" data-recalc-dims=\"1\" \/><figcaption id=\"caption-attachment-76602\" class=\"wp-caption-text\">Fotos: Niedja Dias<\/figcaption><\/figure>\n<p>A comunidade acad\u00eamica da Universidade Cat\u00f3lica de Pernambuco viveu uma manh\u00e3 emocionante nesta sexta-feira (23) com a outorga do t\u00edtulo de Doutora Honoris Causa \u00e0 professora do Centro de Ci\u00eancias Jur\u00eddicas (CCJ), Mirian de S\u00e1 Pereira. Professores, funcion\u00e1rios, ex-alunos e amigos fizeram quest\u00e3o de cumprimentar a educadora que \u00e9 considerada um \u00edcone para Unicap. J\u00e1 s\u00e3o quase 50 anos de dedica\u00e7\u00e3o \u00e0s salas de aula.<\/p>\n<p><img data-attachment-id=\"76599\" data-permalink=\"https:\/\/www1.unicap.br\/assecom1\/solenidade-em-homenagem-a-mirian-de-sa-pereira-emociona-a-comunidade-academica-da-unicap\/_dsc0258\/\" data-orig-file=\"https:\/\/i2.wp.com\/www1.unicap.br\/assecom1\/wp-content\/uploads\/2018\/02\/DSC0258.jpg?fit=2988%2C1852&amp;ssl=1\" data-orig-size=\"2988,1852\" data-comments-opened=\"1\" data-image-meta=\"{&quot;aperture&quot;:&quot;4.2&quot;,&quot;credit&quot;:&quot;&quot;,&quot;camera&quot;:&quot;NIKON D90&quot;,&quot;caption&quot;:&quot;&quot;,&quot;created_timestamp&quot;:&quot;1519383213&quot;,&quot;copyright&quot;:&quot;&quot;,&quot;focal_length&quot;:&quot;30&quot;,&quot;iso&quot;:&quot;800&quot;,&quot;shutter_speed&quot;:&quot;0.025&quot;,&quot;title&quot;:&quot;&quot;,&quot;orientation&quot;:&quot;1&quot;}\" data-image-title=\"_DSC0258\" data-image-description=\"\" data-medium-file=\"https:\/\/i2.wp.com\/www1.unicap.br\/assecom1\/wp-content\/uploads\/2018\/02\/DSC0258.jpg?fit=300%2C186&amp;ssl=1\" data-large-file=\"https:\/\/i2.wp.com\/www1.unicap.br\/assecom1\/wp-content\/uploads\/2018\/02\/DSC0258.jpg?fit=640%2C397&amp;ssl=1\" loading=\"lazy\" class=\"size-medium wp-image-76599 alignleft\" src=\"https:\/\/i2.wp.com\/www1.unicap.br\/assecom1\/wp-content\/uploads\/2018\/02\/DSC0258.jpg?resize=300%2C186&#038;ssl=1\" alt=\"\" srcset=\"https:\/\/i2.wp.com\/www1.unicap.br\/assecom1\/wp-content\/uploads\/2018\/02\/DSC0258.jpg?resize=300%2C186&amp;ssl=1 300w, https:\/\/i2.wp.com\/www1.unicap.br\/assecom1\/wp-content\/uploads\/2018\/02\/DSC0258.jpg?resize=768%2C476&amp;ssl=1 768w, https:\/\/i2.wp.com\/www1.unicap.br\/assecom1\/wp-content\/uploads\/2018\/02\/DSC0258.jpg?resize=1024%2C635&amp;ssl=1 1024w, https:\/\/i2.wp.com\/www1.unicap.br\/assecom1\/wp-content\/uploads\/2018\/02\/DSC0258.jpg?w=1280&amp;ssl=1 1280w, https:\/\/i2.wp.com\/www1.unicap.br\/assecom1\/wp-content\/uploads\/2018\/02\/DSC0258.jpg?w=1920&amp;ssl=1 1920w\" sizes=\"(max-width: 300px) 100vw, 300px\" data-recalc-dims=\"1\" \/>A programa\u00e7\u00e3o come\u00e7ou com um momento oracional na Capela da Universidade conduzido pelo Reitor, Padre pedro Rubens, e pelo Padre Jaime Trudell. Na sequ\u00eancia, a solenidade de concess\u00e3o do t\u00edtulo aconteceu no audit\u00f3rio Padre Ant\u00f4nio Vieira (G2). Foi exibido um v\u00eddeo com depoimentos de professores sobre o legado da Professora Mirian. A produ\u00e7\u00e3o do cineasta e assessor de Cultura da Unicap, Leo Tabosa, comoveu o audit\u00f3rio. O hino nacional foi executado ao vivo pelo MPB Unicap, que tem entre os seus integrantes, um ex-aluno de Mirian, Percy Marques.<\/p>\n<p><img data-attachment-id=\"76597\" data-permalink=\"https:\/\/www1.unicap.br\/assecom1\/solenidade-em-homenagem-a-mirian-de-sa-pereira-emociona-a-comunidade-academica-da-unicap\/_dsc0239\/\" data-orig-file=\"https:\/\/i2.wp.com\/www1.unicap.br\/assecom1\/wp-content\/uploads\/2018\/02\/DSC0239.jpg?fit=3216%2C2136&amp;ssl=1\" data-orig-size=\"3216,2136\" data-comments-opened=\"1\" data-image-meta=\"{&quot;aperture&quot;:&quot;4.2&quot;,&quot;credit&quot;:&quot;&quot;,&quot;camera&quot;:&quot;NIKON D90&quot;,&quot;caption&quot;:&quot;&quot;,&quot;created_timestamp&quot;:&quot;1519383042&quot;,&quot;copyright&quot;:&quot;&quot;,&quot;focal_length&quot;:&quot;30&quot;,&quot;iso&quot;:&quot;800&quot;,&quot;shutter_speed&quot;:&quot;0.02&quot;,&quot;title&quot;:&quot;&quot;,&quot;orientation&quot;:&quot;1&quot;}\" data-image-title=\"_DSC0239\" data-image-description=\"\" data-medium-file=\"https:\/\/i2.wp.com\/www1.unicap.br\/assecom1\/wp-content\/uploads\/2018\/02\/DSC0239.jpg?fit=300%2C199&amp;ssl=1\" data-large-file=\"https:\/\/i2.wp.com\/www1.unicap.br\/assecom1\/wp-content\/uploads\/2018\/02\/DSC0239.jpg?fit=640%2C425&amp;ssl=1\" loading=\"lazy\" class=\"size-medium wp-image-76597 alignleft\" src=\"https:\/\/i2.wp.com\/www1.unicap.br\/assecom1\/wp-content\/uploads\/2018\/02\/DSC0239.jpg?resize=300%2C199&#038;ssl=1\" alt=\"\" srcset=\"https:\/\/i2.wp.com\/www1.unicap.br\/assecom1\/wp-content\/uploads\/2018\/02\/DSC0239.jpg?resize=300%2C200&amp;ssl=1 300w, https:\/\/i2.wp.com\/www1.unicap.br\/assecom1\/wp-content\/uploads\/2018\/02\/DSC0239.jpg?resize=768%2C510&amp;ssl=1 768w, https:\/\/i2.wp.com\/www1.unicap.br\/assecom1\/wp-content\/uploads\/2018\/02\/DSC0239.jpg?resize=1024%2C680&amp;ssl=1 1024w, https:\/\/i2.wp.com\/www1.unicap.br\/assecom1\/wp-content\/uploads\/2018\/02\/DSC0239.jpg?w=1280&amp;ssl=1 1280w, https:\/\/i2.wp.com\/www1.unicap.br\/assecom1\/wp-content\/uploads\/2018\/02\/DSC0239.jpg?w=1920&amp;ssl=1 1920w\" sizes=\"(max-width: 300px) 100vw, 300px\" data-recalc-dims=\"1\" \/>Um dos momentos mais bonitos e simb\u00f3licos foi quando os diretores de centro a conduziram pelo meio do audit\u00f3rio at\u00e9 a mesa composta pelo Reitor da Unicap, Prof. Dr. Padre Pedro Rubens; pelo Reitor da Asces, professor Paulo Muniz; pela Pr\u00f3-reitora de Pesquisa e P\u00f3s-gradua\u00e7\u00e3o, Prof\u00aa Dr\u00aa Valdenice Jos\u00e9 Raimundo; pelo Pr\u00f3-reitor de Gradua\u00e7\u00e3o e Extens\u00e3o, Prof. Dr. Degislando N\u00f3brega; pelo Pr\u00f3-reitor Administrativo, Prof. MsC. Luciano Jos\u00e9 Pinheiro Barros; pela diretora do Centro de Ci\u00eancias Jur\u00eddicas, Prof\u00aa Dr\u00aa Maria Luiza Ramos.<\/p>\n<p><img data-attachment-id=\"76598\" data-permalink=\"https:\/\/www1.unicap.br\/assecom1\/solenidade-em-homenagem-a-mirian-de-sa-pereira-emociona-a-comunidade-academica-da-unicap\/_dsc0249\/\" data-orig-file=\"https:\/\/i1.wp.com\/www1.unicap.br\/assecom1\/wp-content\/uploads\/2018\/02\/DSC0249.jpg?fit=3216%2C2136&amp;ssl=1\" data-orig-size=\"3216,2136\" data-comments-opened=\"1\" data-image-meta=\"{&quot;aperture&quot;:&quot;3.8&quot;,&quot;credit&quot;:&quot;&quot;,&quot;camera&quot;:&quot;NIKON D90&quot;,&quot;caption&quot;:&quot;&quot;,&quot;created_timestamp&quot;:&quot;1519383126&quot;,&quot;copyright&quot;:&quot;&quot;,&quot;focal_length&quot;:&quot;21&quot;,&quot;iso&quot;:&quot;800&quot;,&quot;shutter_speed&quot;:&quot;0.025&quot;,&quot;title&quot;:&quot;&quot;,&quot;orientation&quot;:&quot;1&quot;}\" data-image-title=\"_DSC0249\" data-image-description=\"\" data-medium-file=\"https:\/\/i1.wp.com\/www1.unicap.br\/assecom1\/wp-content\/uploads\/2018\/02\/DSC0249.jpg?fit=300%2C199&amp;ssl=1\" data-large-file=\"https:\/\/i1.wp.com\/www1.unicap.br\/assecom1\/wp-content\/uploads\/2018\/02\/DSC0249.jpg?fit=640%2C425&amp;ssl=1\" loading=\"lazy\" class=\"size-medium wp-image-76598 alignleft\" src=\"https:\/\/i1.wp.com\/www1.unicap.br\/assecom1\/wp-content\/uploads\/2018\/02\/DSC0249.jpg?resize=300%2C199&#038;ssl=1\" alt=\"\" srcset=\"https:\/\/i1.wp.com\/www1.unicap.br\/assecom1\/wp-content\/uploads\/2018\/02\/DSC0249.jpg?resize=300%2C200&amp;ssl=1 300w, https:\/\/i1.wp.com\/www1.unicap.br\/assecom1\/wp-content\/uploads\/2018\/02\/DSC0249.jpg?resize=768%2C510&amp;ssl=1 768w, https:\/\/i1.wp.com\/www1.unicap.br\/assecom1\/wp-content\/uploads\/2018\/02\/DSC0249.jpg?resize=1024%2C680&amp;ssl=1 1024w, https:\/\/i1.wp.com\/www1.unicap.br\/assecom1\/wp-content\/uploads\/2018\/02\/DSC0249.jpg?w=1280&amp;ssl=1 1280w, https:\/\/i1.wp.com\/www1.unicap.br\/assecom1\/wp-content\/uploads\/2018\/02\/DSC0249.jpg?w=1920&amp;ssl=1 1920w\" sizes=\"(max-width: 300px) 100vw, 300px\" data-recalc-dims=\"1\" \/>A emo\u00e7\u00e3o tomou conta quando a Prof.\u00aa Dr\u00aa Mar\u00edlia Montengro fez um pronunciamento em nome do corpo docente e dos funcion\u00e1rios. Olhos marejados, voz embargada afloraram os sentimentos daquela que \u00e9 considerada uma &#8220;filha acad\u00eamica&#8221; da professora Mirian. Mar\u00edlia foi aluna de sociologia jur\u00eddica em 1995. Durante o discurso, Mar\u00edlia utilizou versos de Rubem Alves para enaltecer os feitos de Mirian de S\u00e1 Pereira enquanto educadora. &#8220;Educador, ao contr\u00e1rio, n\u00e3o \u00e9 profiss\u00e3o \u00e9 voca\u00e7\u00e3o. E toda voca\u00e7\u00e3o nasce de um grande amor, de uma grande esperan\u00e7a. Duas palavras que representam t\u00e3o bem a experi\u00eancia de conviver com a professora Mirian: amor e esperan\u00e7a&#8221;.<\/p>\n<p><img data-attachment-id=\"76601\" data-permalink=\"https:\/\/www1.unicap.br\/assecom1\/solenidade-em-homenagem-a-mirian-de-sa-pereira-emociona-a-comunidade-academica-da-unicap\/_dsc0283\/\" data-orig-file=\"https:\/\/i1.wp.com\/www1.unicap.br\/assecom1\/wp-content\/uploads\/2018\/02\/DSC0283.jpg?fit=3216%2C2136&amp;ssl=1\" data-orig-size=\"3216,2136\" data-comments-opened=\"1\" data-image-meta=\"{&quot;aperture&quot;:&quot;4.2&quot;,&quot;credit&quot;:&quot;&quot;,&quot;camera&quot;:&quot;NIKON D90&quot;,&quot;caption&quot;:&quot;&quot;,&quot;created_timestamp&quot;:&quot;1519383646&quot;,&quot;copyright&quot;:&quot;&quot;,&quot;focal_length&quot;:&quot;32&quot;,&quot;iso&quot;:&quot;800&quot;,&quot;shutter_speed&quot;:&quot;0.02&quot;,&quot;title&quot;:&quot;&quot;,&quot;orientation&quot;:&quot;1&quot;}\" data-image-title=\"_DSC0283\" data-image-description=\"\" data-medium-file=\"https:\/\/i1.wp.com\/www1.unicap.br\/assecom1\/wp-content\/uploads\/2018\/02\/DSC0283.jpg?fit=300%2C199&amp;ssl=1\" data-large-file=\"https:\/\/i1.wp.com\/www1.unicap.br\/assecom1\/wp-content\/uploads\/2018\/02\/DSC0283.jpg?fit=640%2C425&amp;ssl=1\" loading=\"lazy\" class=\"size-medium wp-image-76601 alignleft\" src=\"https:\/\/i1.wp.com\/www1.unicap.br\/assecom1\/wp-content\/uploads\/2018\/02\/DSC0283.jpg?resize=300%2C199&#038;ssl=1\" alt=\"\" srcset=\"https:\/\/i1.wp.com\/www1.unicap.br\/assecom1\/wp-content\/uploads\/2018\/02\/DSC0283.jpg?resize=300%2C200&amp;ssl=1 300w, https:\/\/i1.wp.com\/www1.unicap.br\/assecom1\/wp-content\/uploads\/2018\/02\/DSC0283.jpg?resize=768%2C510&amp;ssl=1 768w, https:\/\/i1.wp.com\/www1.unicap.br\/assecom1\/wp-content\/uploads\/2018\/02\/DSC0283.jpg?resize=1024%2C680&amp;ssl=1 1024w, https:\/\/i1.wp.com\/www1.unicap.br\/assecom1\/wp-content\/uploads\/2018\/02\/DSC0283.jpg?w=1280&amp;ssl=1 1280w, https:\/\/i1.wp.com\/www1.unicap.br\/assecom1\/wp-content\/uploads\/2018\/02\/DSC0283.jpg?w=1920&amp;ssl=1 1920w\" sizes=\"(max-width: 300px) 100vw, 300px\" data-recalc-dims=\"1\" \/>Ela tamb\u00e9m destacou a capacidade de escuta da professora Mirian e sua disponibilidade em atender a todos. &#8220;At\u00e9 hoje me pergunto como no tempo dela cabiam t\u00e3o bem a sua fam\u00edlia todos os seus alunos, ex-alunos, professores, funcion\u00e1rios. Acredito que Cec\u00edlia e Virg\u00edlio tamb\u00e9m se perguntam isso at\u00e9 hoje. E aproveito essa oportunidade para agradecer, e sei que voc\u00eas j\u00e1 ouviram isso tantas e tantas vezes, mas realmente precisamos e devemos repetir. Muito obrigada por partilhar a m\u00e3e de voc\u00eas conosco&#8221;, disse Mar\u00edlia interrompida pelas palmas do audit\u00f3rio. Os filhos da professora Mirian estavam emocionad\u00edssimos neste momento.<\/p>\n<p>Em outro trechos do discurso, Mar\u00edlia relembrou os feitos acad\u00eamicos da professora Mirian a exemplo do N\u00facleo de Pesquisa em Sociologia Jur\u00eddica (1992) e da capacita\u00e7\u00e3o dos professores numa \u00e9poca em que a pesquisa dava os primeiros passos na Unicap. &#8220;A professora Mirian tamb\u00e9m incentivou grande parte do corpo docente para a realiza\u00e7\u00e3o de um mestrado na PUC S\u00e3o Paulo em um conv\u00eanio firmado com a Unicap. Ent\u00e3o a professora Mirian proporcionava ao mesmo tempo a forma\u00e7\u00e3o de novos professores, ex-alunos, para retornarem \u00e0 Unicap, ao mesmo tempo que incentivava os professores que aqui j\u00e1 estavam a buscar novas formas de capacita\u00e7\u00e3o e titula\u00e7\u00e3o&#8221;, disse Mar\u00edlia relembrando um outro feito de Mirian, a cria\u00e7\u00e3o do Mestrado em Direito, no ano de 2005 (hoje o Programa de P\u00f3s-gradua\u00e7\u00e3o em Direito (PPGD) conta tamb\u00e9m com Doutorado).<\/p>\n<p><img data-attachment-id=\"76603\" data-permalink=\"https:\/\/www1.unicap.br\/assecom1\/solenidade-em-homenagem-a-mirian-de-sa-pereira-emociona-a-comunidade-academica-da-unicap\/_dsc0321\/\" data-orig-file=\"https:\/\/i0.wp.com\/www1.unicap.br\/assecom1\/wp-content\/uploads\/2018\/02\/DSC0321.jpg?fit=2674%2C2044&amp;ssl=1\" data-orig-size=\"2674,2044\" data-comments-opened=\"1\" data-image-meta=\"{&quot;aperture&quot;:&quot;3.5&quot;,&quot;credit&quot;:&quot;&quot;,&quot;camera&quot;:&quot;NIKON D90&quot;,&quot;caption&quot;:&quot;&quot;,&quot;created_timestamp&quot;:&quot;1519385198&quot;,&quot;copyright&quot;:&quot;&quot;,&quot;focal_length&quot;:&quot;18&quot;,&quot;iso&quot;:&quot;800&quot;,&quot;shutter_speed&quot;:&quot;0.02&quot;,&quot;title&quot;:&quot;&quot;,&quot;orientation&quot;:&quot;1&quot;}\" data-image-title=\"_DSC0321\" data-image-description=\"\" data-medium-file=\"https:\/\/i0.wp.com\/www1.unicap.br\/assecom1\/wp-content\/uploads\/2018\/02\/DSC0321.jpg?fit=300%2C229&amp;ssl=1\" data-large-file=\"https:\/\/i0.wp.com\/www1.unicap.br\/assecom1\/wp-content\/uploads\/2018\/02\/DSC0321.jpg?fit=640%2C489&amp;ssl=1\" loading=\"lazy\" class=\"size-medium wp-image-76603 alignleft\" src=\"https:\/\/i0.wp.com\/www1.unicap.br\/assecom1\/wp-content\/uploads\/2018\/02\/DSC0321.jpg?resize=300%2C229&#038;ssl=1\" alt=\"\" srcset=\"https:\/\/i0.wp.com\/www1.unicap.br\/assecom1\/wp-content\/uploads\/2018\/02\/DSC0321.jpg?resize=300%2C229&amp;ssl=1 300w, https:\/\/i0.wp.com\/www1.unicap.br\/assecom1\/wp-content\/uploads\/2018\/02\/DSC0321.jpg?resize=768%2C587&amp;ssl=1 768w, https:\/\/i0.wp.com\/www1.unicap.br\/assecom1\/wp-content\/uploads\/2018\/02\/DSC0321.jpg?resize=1024%2C783&amp;ssl=1 1024w, https:\/\/i0.wp.com\/www1.unicap.br\/assecom1\/wp-content\/uploads\/2018\/02\/DSC0321.jpg?w=1280&amp;ssl=1 1280w, https:\/\/i0.wp.com\/www1.unicap.br\/assecom1\/wp-content\/uploads\/2018\/02\/DSC0321.jpg?w=1920&amp;ssl=1 1920w\" sizes=\"(max-width: 300px) 100vw, 300px\" data-recalc-dims=\"1\" \/><\/p>\n<p>No seu agradecimento final, Mar\u00edlia falou da import\u00e2ncia do t\u00edtulo diante do legado da homenageada. &#8220;Tenho certeza, professora Mirian, que a entrega desse t\u00edtulo \u00e9 muito mais relevante para n\u00f3s, pois sela a sua import\u00e2ncia em nossas vidas e na nossa forma\u00e7\u00e3o. A senhora \u00e9 muito maior que esse t\u00edtulo! Sem precisar dele, proporcionou essa titula\u00e7\u00e3o para v\u00e1rias gera\u00e7\u00f5es de ex-alunos. Obrigada por aceitar essa homenagem por nos aliviar um pouco pelo tamanho da gratid\u00e3o que temos por tudo que aprendemos&#8221;.<\/p>\n<p>Logo depois do discurso, a professora Mirian recebeu das m\u00e3os do Reitor o diploma de Doutora Honoris Causa. O Capelo e a Epitoche foram colocados pela Prof\u00aa Dr\u00aa Maria Rita de Holanda. A coordenadora do curso de Direito, Prof\u00aa Dr\u00aa Cynthia Suassuna, e as representantes do N\u00facleo Docente Estruturante (NDE), Prof\u00aas Dr\u00aas Catarina Almeida de Oliveira e Theresa Christine de Albuquerque N\u00f3brega, entregaram um corbelle de flores.<\/p>\n<p><img data-attachment-id=\"76604\" data-permalink=\"https:\/\/www1.unicap.br\/assecom1\/solenidade-em-homenagem-a-mirian-de-sa-pereira-emociona-a-comunidade-academica-da-unicap\/_dsc0330\/\" data-orig-file=\"https:\/\/i0.wp.com\/www1.unicap.br\/assecom1\/wp-content\/uploads\/2018\/02\/DSC0330.jpg?fit=2880%2C1848&amp;ssl=1\" data-orig-size=\"2880,1848\" data-comments-opened=\"1\" data-image-meta=\"{&quot;aperture&quot;:&quot;3.5&quot;,&quot;credit&quot;:&quot;&quot;,&quot;camera&quot;:&quot;NIKON D90&quot;,&quot;caption&quot;:&quot;&quot;,&quot;created_timestamp&quot;:&quot;1519385336&quot;,&quot;copyright&quot;:&quot;&quot;,&quot;focal_length&quot;:&quot;18&quot;,&quot;iso&quot;:&quot;800&quot;,&quot;shutter_speed&quot;:&quot;0.02&quot;,&quot;title&quot;:&quot;&quot;,&quot;orientation&quot;:&quot;1&quot;}\" data-image-title=\"_DSC0330\" data-image-description=\"\" data-medium-file=\"https:\/\/i0.wp.com\/www1.unicap.br\/assecom1\/wp-content\/uploads\/2018\/02\/DSC0330.jpg?fit=300%2C193&amp;ssl=1\" data-large-file=\"https:\/\/i0.wp.com\/www1.unicap.br\/assecom1\/wp-content\/uploads\/2018\/02\/DSC0330.jpg?fit=640%2C411&amp;ssl=1\" loading=\"lazy\" class=\"size-medium wp-image-76604 alignleft\" src=\"https:\/\/i0.wp.com\/www1.unicap.br\/assecom1\/wp-content\/uploads\/2018\/02\/DSC0330.jpg?resize=300%2C193&#038;ssl=1\" alt=\"\" srcset=\"https:\/\/i0.wp.com\/www1.unicap.br\/assecom1\/wp-content\/uploads\/2018\/02\/DSC0330.jpg?resize=300%2C193&amp;ssl=1 300w, https:\/\/i0.wp.com\/www1.unicap.br\/assecom1\/wp-content\/uploads\/2018\/02\/DSC0330.jpg?resize=768%2C493&amp;ssl=1 768w, https:\/\/i0.wp.com\/www1.unicap.br\/assecom1\/wp-content\/uploads\/2018\/02\/DSC0330.jpg?resize=1024%2C657&amp;ssl=1 1024w, https:\/\/i0.wp.com\/www1.unicap.br\/assecom1\/wp-content\/uploads\/2018\/02\/DSC0330.jpg?w=1280&amp;ssl=1 1280w, https:\/\/i0.wp.com\/www1.unicap.br\/assecom1\/wp-content\/uploads\/2018\/02\/DSC0330.jpg?w=1920&amp;ssl=1 1920w\" sizes=\"(max-width: 300px) 100vw, 300px\" data-recalc-dims=\"1\" \/>O pronunciamento da professora Mirian teve um tom de agradecimento. &#8220;N\u00e3o me vejo uma pessoa especial e com m\u00e9ritos, mas sim comum <em>modus operandi<\/em> que faz parte da estrutura da vida de uma irm\u00e3 mais velha de uma fam\u00edlia de onze filhos onde a paci\u00eancia, a responsabilidade e o acolhimento ao outro s\u00e3o marcas registradas, da\u00ed a raz\u00e3o da empatia da Universidade Cat\u00f3lica por mim. A busca pelo servi\u00e7o e amor ao pr\u00f3ximo que identifica a miss\u00e3o dos jesu\u00edtas tamb\u00e9m permeou a minha resist\u00eancia pessoal. O processo educativo defendido pela Unicap sempre exigiu a execu\u00e7\u00e3o de projetos pedag\u00f3gicos voltados para compreens\u00e3o da realidade e para a busca da resolu\u00e7\u00e3o de problemas sociais. Em outras palavras, para n\u00f3s a constru\u00e7\u00e3o do conhecimento n\u00e3o pode ser dissociado da pr\u00e1tica&#8221;.<\/p>\n<p>Ela finalizou falando sobre a miss\u00e3o jesu\u00edta e os princ\u00edpios de Santo In\u00e1cio de Loyola. &#8220;A Universidade Cat\u00f3lica de Pernambuco realizou em minha vida pessoal esse papel transformador de crescimento pessoal. A institui\u00e7\u00e3o abriu as portas para que eu me tornasse parte da comunidade jesu\u00edta seguindo e acreditando nos princ\u00edpios de Santo In\u00e1cio de Loyola. Estar na Universidade Cat\u00f3lica me fez compreender verdadeiramente o significado da express\u00e3o de Santo In\u00e1cio de Loyola que levo por toda minha vida: amar \u00e9 servir. Obrigada a todos!&#8221;<\/p>\n<p><img data-attachment-id=\"76605\" data-permalink=\"https:\/\/www1.unicap.br\/assecom1\/solenidade-em-homenagem-a-mirian-de-sa-pereira-emociona-a-comunidade-academica-da-unicap\/_dsc0347\/\" data-orig-file=\"https:\/\/i0.wp.com\/www1.unicap.br\/assecom1\/wp-content\/uploads\/2018\/02\/DSC0347.jpg?fit=3216%2C2136&amp;ssl=1\" data-orig-size=\"3216,2136\" data-comments-opened=\"1\" data-image-meta=\"{&quot;aperture&quot;:&quot;4.8&quot;,&quot;credit&quot;:&quot;&quot;,&quot;camera&quot;:&quot;NIKON D90&quot;,&quot;caption&quot;:&quot;&quot;,&quot;created_timestamp&quot;:&quot;1519385626&quot;,&quot;copyright&quot;:&quot;&quot;,&quot;focal_length&quot;:&quot;42&quot;,&quot;iso&quot;:&quot;800&quot;,&quot;shutter_speed&quot;:&quot;0.02&quot;,&quot;title&quot;:&quot;&quot;,&quot;orientation&quot;:&quot;1&quot;}\" data-image-title=\"_DSC0347\" data-image-description=\"\" data-medium-file=\"https:\/\/i0.wp.com\/www1.unicap.br\/assecom1\/wp-content\/uploads\/2018\/02\/DSC0347.jpg?fit=300%2C199&amp;ssl=1\" data-large-file=\"https:\/\/i0.wp.com\/www1.unicap.br\/assecom1\/wp-content\/uploads\/2018\/02\/DSC0347.jpg?fit=640%2C425&amp;ssl=1\" loading=\"lazy\" class=\"size-medium wp-image-76605 alignleft\" src=\"https:\/\/i0.wp.com\/www1.unicap.br\/assecom1\/wp-content\/uploads\/2018\/02\/DSC0347.jpg?resize=300%2C199&#038;ssl=1\" alt=\"\" srcset=\"https:\/\/i0.wp.com\/www1.unicap.br\/assecom1\/wp-content\/uploads\/2018\/02\/DSC0347.jpg?resize=300%2C200&amp;ssl=1 300w, https:\/\/i0.wp.com\/www1.unicap.br\/assecom1\/wp-content\/uploads\/2018\/02\/DSC0347.jpg?resize=768%2C510&amp;ssl=1 768w, https:\/\/i0.wp.com\/www1.unicap.br\/assecom1\/wp-content\/uploads\/2018\/02\/DSC0347.jpg?resize=1024%2C680&amp;ssl=1 1024w, https:\/\/i0.wp.com\/www1.unicap.br\/assecom1\/wp-content\/uploads\/2018\/02\/DSC0347.jpg?w=1280&amp;ssl=1 1280w, https:\/\/i0.wp.com\/www1.unicap.br\/assecom1\/wp-content\/uploads\/2018\/02\/DSC0347.jpg?w=1920&amp;ssl=1 1920w\" sizes=\"(max-width: 300px) 100vw, 300px\" data-recalc-dims=\"1\" \/>O encerramento da solenidade foi marcada pelo discurso de Padre Pedro Rubens. Ele relembrou outro Doutor Honoris Causa da Unicap, Dom Helder Camara, que recebeu o t\u00edtulo em 22 de mar\u00e7o de 1983 e na ocasi\u00e3o pediu a Universidade que criasse uma disciplina chamada Justi\u00e7a. &#8220;A solicita\u00e7\u00e3o de Dom Helder corresponde \u00e0 orienta\u00e7\u00e3o da miss\u00e3o jesu\u00edta, confirmada nas \u00faltimas congrega\u00e7\u00f5es gerais a saber: &#8220;A miss\u00e3o da Companhia de Jesus hoje \u00e9 o servi\u00e7o da f\u00e9, da qual a promo\u00e7\u00e3o da justi\u00e7a constitui uma exig\u00eancia absoluta, pois a reconcilia\u00e7\u00e3o com Deus requer a reconcilia\u00e7\u00e3o das pessoas entre si&#8221;.\u00a0Padre Pedro fez uma pausa no discurso para a execu\u00e7\u00e3o de um \u00e1udio no qual Dom Helder declama o poema <a href=\"https:\/\/www.youtube.com\/watch?v=seYRPaE6uSk\">Invoca\u00e7\u00e3o \u00e0 Mariama<\/a>\u00a0.<\/p>\n<p>Em outro trecho ele relembrou a cria\u00e7\u00e3o da C\u00e1tedra Dom Helder Camara de Direitos Humanos, 26 anos depois da outorga do t\u00edtulo. &#8220;De forma mais incorporada na matriz do curso e no<em> ethos<\/em> dessa institui\u00e7\u00e3o, professora Mirian foi atendendo a esse pedido de forma muito diversa, encarnando esse esp\u00edrito em cada gesto, cada ato, cada palavra e at\u00e9 em seus sil\u00eancios, cuja eloqu\u00eancia ecoa at\u00e9 hoje aqui e na cidade, de gera\u00e7\u00e3o em gera\u00e7\u00e3o&#8230;&#8221;.<\/p>\n<p>Ao final, ele agradeceu pelos quase 50 anos de dedica\u00e7\u00e3o \u00e0 Universidade. &#8220;Nossa gratid\u00e3o a senhora, professora Miriam, \u00e9 uma aposta na esperan\u00e7a em uma sociedade mais justa, em um pa\u00eds onde n\u00e3o haja pobres e ricos, opressores e oprimidos, ju\u00edzes e injusti\u00e7ados, mas todos irm\u00e3os no direito e na justi\u00e7a. Assim seja!&#8221;<\/p>\n<div class=\"tiled-gallery type-rectangular tiled-gallery-unresized\" data-original-width=\"640\" data-carousel-extra='{&quot;blog_id&quot;:1,&quot;permalink&quot;:&quot;https:\\\/\\\/www1.unicap.br\\\/assecom1\\\/solenidade-em-homenagem-a-mirian-de-sa-pereira-emociona-a-comunidade-academica-da-unicap\\\/&quot;,&quot;likes_blog_id&quot;:205082007}' itemscope itemtype=\"http:\/\/schema.org\/ImageGallery\" > <div class=\"gallery-row\" style=\"width: 640px; height: 553px;\" data-original-width=\"640\" data-original-height=\"553\" > <div class=\"gallery-group images-3\" style=\"width: 271px; height: 553px;\" data-original-width=\"271\" data-original-height=\"553\" > <div class=\"tiled-gallery-item tiled-gallery-item-large\" itemprop=\"associatedMedia\" itemscope itemtype=\"http:\/\/schema.org\/ImageObject\"> <a href=\"https:\/\/www1.unicap.br\/assecom1\/solenidade-em-homenagem-a-mirian-de-sa-pereira-emociona-a-comunidade-academica-da-unicap\/_dsc0405\/\" border=\"0\" itemprop=\"url\"> <meta itemprop=\"width\" content=\"267\"> <meta itemprop=\"height\" content=\"198\"> <img data-attachment-id=\"76606\" data-orig-file=\"https:\/\/www1.unicap.br\/assecom1\/wp-content\/uploads\/2018\/02\/DSC0405.jpg\" data-orig-size=\"2738,2032\" data-comments-opened=\"1\" data-image-meta=\"{&quot;aperture&quot;:&quot;8&quot;,&quot;credit&quot;:&quot;&quot;,&quot;camera&quot;:&quot;NIKON D90&quot;,&quot;caption&quot;:&quot;&quot;,&quot;created_timestamp&quot;:&quot;1519388108&quot;,&quot;copyright&quot;:&quot;&quot;,&quot;focal_length&quot;:&quot;18&quot;,&quot;iso&quot;:&quot;800&quot;,&quot;shutter_speed&quot;:&quot;0.01&quot;,&quot;title&quot;:&quot;&quot;,&quot;orientation&quot;:&quot;1&quot;}\" data-image-title=\"_DSC0405\" data-image-description=\"\" data-medium-file=\"https:\/\/i0.wp.com\/www1.unicap.br\/assecom1\/wp-content\/uploads\/2018\/02\/DSC0405.jpg?fit=300%2C223&#038;ssl=1\" data-large-file=\"https:\/\/i0.wp.com\/www1.unicap.br\/assecom1\/wp-content\/uploads\/2018\/02\/DSC0405.jpg?fit=640%2C475&#038;ssl=1\" src=\"https:\/\/i0.wp.com\/www1.unicap.br\/assecom1\/wp-content\/uploads\/2018\/02\/DSC0405.jpg?w=267&#038;h=198&#038;crop&#038;ssl=1\" width=\"267\" height=\"198\" data-original-width=\"267\" data-original-height=\"198\" itemprop=\"http:\/\/schema.org\/image\" title=\"_DSC0405\" alt=\"_DSC0405\" style=\"width: 267px; height: 198px;\" \/> <\/a> <\/div> <div class=\"tiled-gallery-item tiled-gallery-item-large\" itemprop=\"associatedMedia\" itemscope itemtype=\"http:\/\/schema.org\/ImageObject\"> <a href=\"https:\/\/www1.unicap.br\/assecom1\/solenidade-em-homenagem-a-mirian-de-sa-pereira-emociona-a-comunidade-academica-da-unicap\/_dsc0264\/\" border=\"0\" itemprop=\"url\"> <meta itemprop=\"width\" content=\"267\"> <meta itemprop=\"height\" content=\"177\"> <img data-attachment-id=\"76600\" data-orig-file=\"https:\/\/www1.unicap.br\/assecom1\/wp-content\/uploads\/2018\/02\/DSC0264.jpg\" data-orig-size=\"3216,2136\" data-comments-opened=\"1\" data-image-meta=\"{&quot;aperture&quot;:&quot;3.5&quot;,&quot;credit&quot;:&quot;&quot;,&quot;camera&quot;:&quot;NIKON D90&quot;,&quot;caption&quot;:&quot;&quot;,&quot;created_timestamp&quot;:&quot;1519383329&quot;,&quot;copyright&quot;:&quot;&quot;,&quot;focal_length&quot;:&quot;18&quot;,&quot;iso&quot;:&quot;800&quot;,&quot;shutter_speed&quot;:&quot;0.02&quot;,&quot;title&quot;:&quot;&quot;,&quot;orientation&quot;:&quot;1&quot;}\" data-image-title=\"_DSC0264\" data-image-description=\"\" data-medium-file=\"https:\/\/i0.wp.com\/www1.unicap.br\/assecom1\/wp-content\/uploads\/2018\/02\/DSC0264.jpg?fit=300%2C199&#038;ssl=1\" data-large-file=\"https:\/\/i0.wp.com\/www1.unicap.br\/assecom1\/wp-content\/uploads\/2018\/02\/DSC0264.jpg?fit=640%2C425&#038;ssl=1\" src=\"https:\/\/i0.wp.com\/www1.unicap.br\/assecom1\/wp-content\/uploads\/2018\/02\/DSC0264.jpg?w=267&#038;h=177&#038;crop&#038;ssl=1\" width=\"267\" height=\"177\" data-original-width=\"267\" data-original-height=\"177\" itemprop=\"http:\/\/schema.org\/image\" title=\"_DSC0264\" alt=\"_DSC0264\" style=\"width: 267px; height: 177px;\" \/> <\/a> <\/div> <div class=\"tiled-gallery-item tiled-gallery-item-large\" itemprop=\"associatedMedia\" itemscope itemtype=\"http:\/\/schema.org\/ImageObject\"> <a href=\"https:\/\/www1.unicap.br\/assecom1\/solenidade-em-homenagem-a-mirian-de-sa-pereira-emociona-a-comunidade-academica-da-unicap\/_dsc0258\/\" border=\"0\" itemprop=\"url\"> <meta itemprop=\"width\" content=\"267\"> <meta itemprop=\"height\" content=\"166\"> <img data-attachment-id=\"76599\" data-orig-file=\"https:\/\/www1.unicap.br\/assecom1\/wp-content\/uploads\/2018\/02\/DSC0258.jpg\" data-orig-size=\"2988,1852\" data-comments-opened=\"1\" data-image-meta=\"{&quot;aperture&quot;:&quot;4.2&quot;,&quot;credit&quot;:&quot;&quot;,&quot;camera&quot;:&quot;NIKON D90&quot;,&quot;caption&quot;:&quot;&quot;,&quot;created_timestamp&quot;:&quot;1519383213&quot;,&quot;copyright&quot;:&quot;&quot;,&quot;focal_length&quot;:&quot;30&quot;,&quot;iso&quot;:&quot;800&quot;,&quot;shutter_speed&quot;:&quot;0.025&quot;,&quot;title&quot;:&quot;&quot;,&quot;orientation&quot;:&quot;1&quot;}\" data-image-title=\"_DSC0258\" data-image-description=\"\" data-medium-file=\"https:\/\/i2.wp.com\/www1.unicap.br\/assecom1\/wp-content\/uploads\/2018\/02\/DSC0258.jpg?fit=300%2C186&#038;ssl=1\" data-large-file=\"https:\/\/i2.wp.com\/www1.unicap.br\/assecom1\/wp-content\/uploads\/2018\/02\/DSC0258.jpg?fit=640%2C397&#038;ssl=1\" src=\"https:\/\/i2.wp.com\/www1.unicap.br\/assecom1\/wp-content\/uploads\/2018\/02\/DSC0258.jpg?w=267&#038;h=166&#038;crop&#038;ssl=1\" width=\"267\" height=\"166\" data-original-width=\"267\" data-original-height=\"166\" itemprop=\"http:\/\/schema.org\/image\" title=\"_DSC0258\" alt=\"_DSC0258\" style=\"width: 267px; height: 166px;\" \/> <\/a> <\/div> <\/div> <!-- close group --> <div class=\"gallery-group images-1\" style=\"width: 369px; height: 553px;\" data-original-width=\"369\" data-original-height=\"553\" > <div class=\"tiled-gallery-item tiled-gallery-item-large\" itemprop=\"associatedMedia\" itemscope itemtype=\"http:\/\/schema.org\/ImageObject\"> <a href=\"https:\/\/www1.unicap.br\/assecom1\/solenidade-em-homenagem-a-mirian-de-sa-pereira-emociona-a-comunidade-academica-da-unicap\/_dsc0131\/\" border=\"0\" itemprop=\"url\"> <meta itemprop=\"width\" content=\"365\"> <meta itemprop=\"height\" content=\"549\"> <img data-attachment-id=\"76596\" data-orig-file=\"https:\/\/www1.unicap.br\/assecom1\/wp-content\/uploads\/2018\/02\/DSC0131.jpg\" data-orig-size=\"2136,3216\" data-comments-opened=\"1\" data-image-meta=\"{&quot;aperture&quot;:&quot;7.1&quot;,&quot;credit&quot;:&quot;&quot;,&quot;camera&quot;:&quot;NIKON D90&quot;,&quot;caption&quot;:&quot;&quot;,&quot;created_timestamp&quot;:&quot;1519380264&quot;,&quot;copyright&quot;:&quot;&quot;,&quot;focal_length&quot;:&quot;18&quot;,&quot;iso&quot;:&quot;800&quot;,&quot;shutter_speed&quot;:&quot;0.02&quot;,&quot;title&quot;:&quot;&quot;,&quot;orientation&quot;:&quot;1&quot;}\" data-image-title=\"_DSC0131\" data-image-description=\"\" data-medium-file=\"https:\/\/i2.wp.com\/www1.unicap.br\/assecom1\/wp-content\/uploads\/2018\/02\/DSC0131.jpg?fit=199%2C300&#038;ssl=1\" data-large-file=\"https:\/\/i2.wp.com\/www1.unicap.br\/assecom1\/wp-content\/uploads\/2018\/02\/DSC0131.jpg?fit=640%2C964&#038;ssl=1\" src=\"https:\/\/i2.wp.com\/www1.unicap.br\/assecom1\/wp-content\/uploads\/2018\/02\/DSC0131.jpg?w=365&#038;h=549&#038;crop&#038;ssl=1\" width=\"365\" height=\"549\" data-original-width=\"365\" data-original-height=\"549\" itemprop=\"http:\/\/schema.org\/image\" title=\"_DSC0131\" alt=\"_DSC0131\" style=\"width: 365px; height: 549px;\" \/> <\/a> <\/div> <\/div> <!-- close group --> <\/div> <!-- close row --> <div class=\"gallery-row\" style=\"width: 640px; height: 292px;\" data-original-width=\"640\" data-original-height=\"292\" > <div class=\"gallery-group images-1\" style=\"width: 437px; height: 292px;\" data-original-width=\"437\" data-original-height=\"292\" > <div class=\"tiled-gallery-item tiled-gallery-item-large\" itemprop=\"associatedMedia\" itemscope itemtype=\"http:\/\/schema.org\/ImageObject\"> <a href=\"https:\/\/www1.unicap.br\/assecom1\/solenidade-em-homenagem-a-mirian-de-sa-pereira-emociona-a-comunidade-academica-da-unicap\/_dsc0109\/\" border=\"0\" itemprop=\"url\"> <meta itemprop=\"width\" content=\"433\"> <meta itemprop=\"height\" content=\"288\"> <img data-attachment-id=\"76595\" data-orig-file=\"https:\/\/www1.unicap.br\/assecom1\/wp-content\/uploads\/2018\/02\/DSC0109.jpg\" data-orig-size=\"3216,2136\" data-comments-opened=\"1\" data-image-meta=\"{&quot;aperture&quot;:&quot;16&quot;,&quot;credit&quot;:&quot;&quot;,&quot;camera&quot;:&quot;NIKON D90&quot;,&quot;caption&quot;:&quot;&quot;,&quot;created_timestamp&quot;:&quot;1519379903&quot;,&quot;copyright&quot;:&quot;&quot;,&quot;focal_length&quot;:&quot;70&quot;,&quot;iso&quot;:&quot;800&quot;,&quot;shutter_speed&quot;:&quot;0.02&quot;,&quot;title&quot;:&quot;&quot;,&quot;orientation&quot;:&quot;1&quot;}\" data-image-title=\"_DSC0109\" data-image-description=\"\" data-medium-file=\"https:\/\/i1.wp.com\/www1.unicap.br\/assecom1\/wp-content\/uploads\/2018\/02\/DSC0109.jpg?fit=300%2C199&#038;ssl=1\" data-large-file=\"https:\/\/i1.wp.com\/www1.unicap.br\/assecom1\/wp-content\/uploads\/2018\/02\/DSC0109.jpg?fit=640%2C425&#038;ssl=1\" src=\"https:\/\/i1.wp.com\/www1.unicap.br\/assecom1\/wp-content\/uploads\/2018\/02\/DSC0109.jpg?w=433&#038;h=288&#038;crop&#038;ssl=1\" width=\"433\" height=\"288\" data-original-width=\"433\" data-original-height=\"288\" itemprop=\"http:\/\/schema.org\/image\" title=\"_DSC0109\" alt=\"_DSC0109\" style=\"width: 433px; height: 288px;\" \/> <\/a> <\/div> <\/div> <!-- close group --> <div class=\"gallery-group images-2\" style=\"width: 203px; height: 292px;\" data-original-width=\"203\" data-original-height=\"292\" > <div class=\"tiled-gallery-item tiled-gallery-item-small\" itemprop=\"associatedMedia\" itemscope itemtype=\"http:\/\/schema.org\/ImageObject\"> <a href=\"https:\/\/www1.unicap.br\/assecom1\/solenidade-em-homenagem-a-mirian-de-sa-pereira-emociona-a-comunidade-academica-da-unicap\/_dsc0044-5\/\" border=\"0\" itemprop=\"url\"> <meta itemprop=\"width\" content=\"199\"> <meta itemprop=\"height\" content=\"132\"> <img data-attachment-id=\"76594\" data-orig-file=\"https:\/\/www1.unicap.br\/assecom1\/wp-content\/uploads\/2018\/02\/DSC0044.jpg\" data-orig-size=\"3216,2136\" data-comments-opened=\"1\" data-image-meta=\"{&quot;aperture&quot;:&quot;10&quot;,&quot;credit&quot;:&quot;&quot;,&quot;camera&quot;:&quot;NIKON D90&quot;,&quot;caption&quot;:&quot;&quot;,&quot;created_timestamp&quot;:&quot;1519378257&quot;,&quot;copyright&quot;:&quot;&quot;,&quot;focal_length&quot;:&quot;25&quot;,&quot;iso&quot;:&quot;800&quot;,&quot;shutter_speed&quot;:&quot;0.016666666666667&quot;,&quot;title&quot;:&quot;&quot;,&quot;orientation&quot;:&quot;1&quot;}\" data-image-title=\"_DSC0044\" data-image-description=\"\" data-medium-file=\"https:\/\/i0.wp.com\/www1.unicap.br\/assecom1\/wp-content\/uploads\/2018\/02\/DSC0044.jpg?fit=300%2C199&#038;ssl=1\" data-large-file=\"https:\/\/i0.wp.com\/www1.unicap.br\/assecom1\/wp-content\/uploads\/2018\/02\/DSC0044.jpg?fit=640%2C425&#038;ssl=1\" src=\"https:\/\/i0.wp.com\/www1.unicap.br\/assecom1\/wp-content\/uploads\/2018\/02\/DSC0044.jpg?w=199&#038;h=132&#038;crop&#038;ssl=1\" width=\"199\" height=\"132\" data-original-width=\"199\" data-original-height=\"132\" itemprop=\"http:\/\/schema.org\/image\" title=\"_DSC0044\" alt=\"_DSC0044\" style=\"width: 199px; height: 132px;\" \/> <\/a> <\/div> <div class=\"tiled-gallery-item tiled-gallery-item-small\" itemprop=\"associatedMedia\" itemscope itemtype=\"http:\/\/schema.org\/ImageObject\"> <a href=\"https:\/\/www1.unicap.br\/assecom1\/solenidade-em-homenagem-a-mirian-de-sa-pereira-emociona-a-comunidade-academica-da-unicap\/_dsc0321\/\" border=\"0\" itemprop=\"url\"> <meta itemprop=\"width\" content=\"199\"> <meta itemprop=\"height\" content=\"152\"> <img data-attachment-id=\"76603\" data-orig-file=\"https:\/\/www1.unicap.br\/assecom1\/wp-content\/uploads\/2018\/02\/DSC0321.jpg\" data-orig-size=\"2674,2044\" data-comments-opened=\"1\" data-image-meta=\"{&quot;aperture&quot;:&quot;3.5&quot;,&quot;credit&quot;:&quot;&quot;,&quot;camera&quot;:&quot;NIKON D90&quot;,&quot;caption&quot;:&quot;&quot;,&quot;created_timestamp&quot;:&quot;1519385198&quot;,&quot;copyright&quot;:&quot;&quot;,&quot;focal_length&quot;:&quot;18&quot;,&quot;iso&quot;:&quot;800&quot;,&quot;shutter_speed&quot;:&quot;0.02&quot;,&quot;title&quot;:&quot;&quot;,&quot;orientation&quot;:&quot;1&quot;}\" data-image-title=\"_DSC0321\" data-image-description=\"\" data-medium-file=\"https:\/\/i0.wp.com\/www1.unicap.br\/assecom1\/wp-content\/uploads\/2018\/02\/DSC0321.jpg?fit=300%2C229&#038;ssl=1\" data-large-file=\"https:\/\/i0.wp.com\/www1.unicap.br\/assecom1\/wp-content\/uploads\/2018\/02\/DSC0321.jpg?fit=640%2C489&#038;ssl=1\" src=\"https:\/\/i0.wp.com\/www1.unicap.br\/assecom1\/wp-content\/uploads\/2018\/02\/DSC0321.jpg?w=199&#038;h=152&#038;crop&#038;ssl=1\" width=\"199\" height=\"152\" data-original-width=\"199\" data-original-height=\"152\" itemprop=\"http:\/\/schema.org\/image\" title=\"_DSC0321\" alt=\"_DSC0321\" style=\"width: 199px; height: 152px;\" \/> <\/a> <\/div> <\/div> <!-- close group --> <\/div> <!-- close row --> <\/div>\n","protected":false},"excerpt":{"rendered":"<p>A comunidade acad\u00eamica da Universidade Cat\u00f3lica de Pernambuco viveu uma manh\u00e3 emocionante nesta sexta-feira (23) com a outorga do t\u00edtulo de Doutora Honoris Causa \u00e0 professora do Centro de Ci\u00eancias Jur\u00eddicas (CCJ), Mirian de S\u00e1 Pereira. Professores, funcion\u00e1rios, ex-alunos e amigos fizeram quest\u00e3o de cumprimentar a educadora que \u00e9 considerada um \u00edcone para Unicap. J\u00e1 [&hellip;]<\/p>\n","protected":false},"author":8,"featured_media":76602,"comment_status":"open","ping_status":"open","sticky":false,"template":"","format":"standard","meta":[],"categories":[286,4],"tags":[],"jetpack-related-posts":[],"_links":{"self":[{"href":"https:\/\/www1.unicap.br\/assecom1\/wp-json\/wp\/v2\/posts\/76582"}],"collection":[{"href":"https:\/\/www1.unicap.br\/assecom1\/wp-json\/wp\/v2\/posts"}],"about":[{"href":"https:\/\/www1.unicap.br\/assecom1\/wp-json\/wp\/v2\/types\/post"}],"author":[{"embeddable":true,"href":"https:\/\/www1.unicap.br\/assecom1\/wp-json\/wp\/v2\/users\/8"}],"replies":[{"embeddable":true,"href":"https:\/\/www1.unicap.br\/assecom1\/wp-json\/wp\/v2\/comments?post=76582"}],"version-history":[{"count":13,"href":"https:\/\/www1.unicap.br\/assecom1\/wp-json\/wp\/v2\/posts\/76582\/revisions"}],"predecessor-version":[{"id":76613,"href":"https:\/\/www1.unicap.br\/assecom1\/wp-json\/wp\/v2\/posts\/76582\/revisions\/76613"}],"wp:featuredmedia":[{"embeddable":true,"href":"https:\/\/www1.unicap.br\/assecom1\/wp-json\/wp\/v2\/media\/76602"}],"wp:attachment":[{"href":"https:\/\/www1.unicap.br\/assecom1\/wp-json\/wp\/v2\/media?parent=76582"}],"wp:term":[{"taxonomy":"category","embeddable":true,"href":"https:\/\/www1.unicap.br\/assecom1\/wp-json\/wp\/v2\/categories?post=76582"},{"taxonomy":"post_tag","embeddable":true,"href":"https:\/\/www1.unicap.br\/assecom1\/wp-json\/wp\/v2\/tags?post=76582"}],"curies":[{"name":"wp","href":"https:\/\/api.w.org\/{rel}","templated":true}]}}