{"id":74363,"date":"2017-10-31T23:42:46","date_gmt":"2017-11-01T02:42:46","guid":{"rendered":"http:\/\/www.unicap.br\/assecom1\/?p=74363"},"modified":"2017-10-31T23:42:46","modified_gmt":"2017-11-01T02:42:46","slug":"fe-e-alegria-promove-festival-da-primavera","status":"publish","type":"post","link":"https:\/\/www1.unicap.br\/assecom1\/fe-e-alegria-promove-festival-da-primavera\/","title":{"rendered":"F\u00e9 e Alegria promove Festival da Primavera"},"content":{"rendered":"<p>&nbsp;<\/p>\n<p>A Funda\u00e7\u00e3o F\u00e9 e Alegria, em parceria com o Liceu N\u00f3brega, realizou nos dias 19 e 20 de outubro a quinta edi\u00e7\u00e3o do Festival da Primavera.<\/p>\n<p>Esse festival \u00e9 uma amostra art\u00edstica de talentos em diferentes linguagens, que leva os estudantes a se empenharem e realizarem trabalhos bel\u00edssimos, cada um com o que se identifica. No evento, foram apresentados trabalhos desenvolvidos por 200 jovens que participam das oficinas do F\u00e9 e Alegria e do Liceu. Eles apresentaram pe\u00e7as teatrais, m\u00fasica instrumental, dan\u00e7a e improvisa\u00e7\u00e3o, canto e exposi\u00e7\u00e3o de desenhos.<\/p>\n<p>O festival foi organizado pelos educadores do F\u00e9 e Alegria Lin Caitano e Rany Hilston, da oficina de dan\u00e7a; Kedma Macedo, da oficina de teatro; Isaac Assun\u00e7\u00e3o, da oficina de artes visuais; Vivian Oliveira e Ednaldo Menezes, da oficina de Cidadania e Humanismo; e Marivaldo Lima, da oficina de esportes. Contaram com a colabora\u00e7\u00e3o da coordena\u00e7\u00e3o pedag\u00f3gica do Liceu, professores, e a coordena\u00e7\u00e3o e os estagi\u00e1rios do F\u00e9 e Alegria.<\/p>\n<p><img data-attachment-id=\"74365\" data-permalink=\"https:\/\/www1.unicap.br\/assecom1\/fe-e-alegria-promove-festival-da-primavera\/whatsapp-image-2017-10-27-at-17-18-36\/\" data-orig-file=\"https:\/\/i0.wp.com\/www1.unicap.br\/assecom1\/wp-content\/uploads\/2017\/10\/WhatsApp-Image-2017-10-27-at-17.18.36.jpeg?fit=1280%2C960&amp;ssl=1\" data-orig-size=\"1280,960\" data-comments-opened=\"1\" data-image-meta=\"{&quot;aperture&quot;:&quot;0&quot;,&quot;credit&quot;:&quot;&quot;,&quot;camera&quot;:&quot;&quot;,&quot;caption&quot;:&quot;&quot;,&quot;created_timestamp&quot;:&quot;0&quot;,&quot;copyright&quot;:&quot;&quot;,&quot;focal_length&quot;:&quot;0&quot;,&quot;iso&quot;:&quot;0&quot;,&quot;shutter_speed&quot;:&quot;0&quot;,&quot;title&quot;:&quot;&quot;,&quot;orientation&quot;:&quot;0&quot;}\" data-image-title=\"WhatsApp Image 2017-10-27 at 17.18.36\" data-image-description=\"\" data-medium-file=\"https:\/\/i0.wp.com\/www1.unicap.br\/assecom1\/wp-content\/uploads\/2017\/10\/WhatsApp-Image-2017-10-27-at-17.18.36.jpeg?fit=300%2C225&amp;ssl=1\" data-large-file=\"https:\/\/i0.wp.com\/www1.unicap.br\/assecom1\/wp-content\/uploads\/2017\/10\/WhatsApp-Image-2017-10-27-at-17.18.36.jpeg?fit=640%2C480&amp;ssl=1\" loading=\"lazy\" class=\"alignnone size-medium wp-image-74365\" src=\"https:\/\/i0.wp.com\/www1.unicap.br\/assecom1\/wp-content\/uploads\/2017\/10\/WhatsApp-Image-2017-10-27-at-17.18.36.jpeg?resize=300%2C225&#038;ssl=1\" alt=\"\" srcset=\"https:\/\/i0.wp.com\/www1.unicap.br\/assecom1\/wp-content\/uploads\/2017\/10\/WhatsApp-Image-2017-10-27-at-17.18.36.jpeg?resize=300%2C225&amp;ssl=1 300w, https:\/\/i0.wp.com\/www1.unicap.br\/assecom1\/wp-content\/uploads\/2017\/10\/WhatsApp-Image-2017-10-27-at-17.18.36.jpeg?resize=768%2C576&amp;ssl=1 768w, https:\/\/i0.wp.com\/www1.unicap.br\/assecom1\/wp-content\/uploads\/2017\/10\/WhatsApp-Image-2017-10-27-at-17.18.36.jpeg?resize=1024%2C768&amp;ssl=1 1024w, https:\/\/i0.wp.com\/www1.unicap.br\/assecom1\/wp-content\/uploads\/2017\/10\/WhatsApp-Image-2017-10-27-at-17.18.36.jpeg?resize=320%2C240&amp;ssl=1 320w, https:\/\/i0.wp.com\/www1.unicap.br\/assecom1\/wp-content\/uploads\/2017\/10\/WhatsApp-Image-2017-10-27-at-17.18.36.jpeg?w=1280&amp;ssl=1 1280w\" sizes=\"(max-width: 300px) 100vw, 300px\" data-recalc-dims=\"1\" \/><img data-attachment-id=\"74366\" data-permalink=\"https:\/\/www1.unicap.br\/assecom1\/fe-e-alegria-promove-festival-da-primavera\/whatsapp-image-2017-10-27-at-17-18-41\/\" data-orig-file=\"https:\/\/i1.wp.com\/www1.unicap.br\/assecom1\/wp-content\/uploads\/2017\/10\/WhatsApp-Image-2017-10-27-at-17.18.41.jpeg?fit=1280%2C960&amp;ssl=1\" data-orig-size=\"1280,960\" data-comments-opened=\"1\" data-image-meta=\"{&quot;aperture&quot;:&quot;0&quot;,&quot;credit&quot;:&quot;&quot;,&quot;camera&quot;:&quot;&quot;,&quot;caption&quot;:&quot;&quot;,&quot;created_timestamp&quot;:&quot;0&quot;,&quot;copyright&quot;:&quot;&quot;,&quot;focal_length&quot;:&quot;0&quot;,&quot;iso&quot;:&quot;0&quot;,&quot;shutter_speed&quot;:&quot;0&quot;,&quot;title&quot;:&quot;&quot;,&quot;orientation&quot;:&quot;0&quot;}\" data-image-title=\"WhatsApp Image 2017-10-27 at 17.18.41\" data-image-description=\"\" data-medium-file=\"https:\/\/i1.wp.com\/www1.unicap.br\/assecom1\/wp-content\/uploads\/2017\/10\/WhatsApp-Image-2017-10-27-at-17.18.41.jpeg?fit=300%2C225&amp;ssl=1\" data-large-file=\"https:\/\/i1.wp.com\/www1.unicap.br\/assecom1\/wp-content\/uploads\/2017\/10\/WhatsApp-Image-2017-10-27-at-17.18.41.jpeg?fit=640%2C480&amp;ssl=1\" loading=\"lazy\" class=\"alignnone size-medium wp-image-74366\" src=\"https:\/\/i1.wp.com\/www1.unicap.br\/assecom1\/wp-content\/uploads\/2017\/10\/WhatsApp-Image-2017-10-27-at-17.18.41.jpeg?resize=300%2C225&#038;ssl=1\" alt=\"\" srcset=\"https:\/\/i1.wp.com\/www1.unicap.br\/assecom1\/wp-content\/uploads\/2017\/10\/WhatsApp-Image-2017-10-27-at-17.18.41.jpeg?resize=300%2C225&amp;ssl=1 300w, https:\/\/i1.wp.com\/www1.unicap.br\/assecom1\/wp-content\/uploads\/2017\/10\/WhatsApp-Image-2017-10-27-at-17.18.41.jpeg?resize=768%2C576&amp;ssl=1 768w, https:\/\/i1.wp.com\/www1.unicap.br\/assecom1\/wp-content\/uploads\/2017\/10\/WhatsApp-Image-2017-10-27-at-17.18.41.jpeg?resize=1024%2C768&amp;ssl=1 1024w, https:\/\/i1.wp.com\/www1.unicap.br\/assecom1\/wp-content\/uploads\/2017\/10\/WhatsApp-Image-2017-10-27-at-17.18.41.jpeg?resize=320%2C240&amp;ssl=1 320w, https:\/\/i1.wp.com\/www1.unicap.br\/assecom1\/wp-content\/uploads\/2017\/10\/WhatsApp-Image-2017-10-27-at-17.18.41.jpeg?w=1280&amp;ssl=1 1280w\" sizes=\"(max-width: 300px) 100vw, 300px\" data-recalc-dims=\"1\" \/><img data-attachment-id=\"74367\" data-permalink=\"https:\/\/www1.unicap.br\/assecom1\/fe-e-alegria-promove-festival-da-primavera\/whatsapp-image-2017-10-27-at-17-19-05-2\/\" data-orig-file=\"https:\/\/i2.wp.com\/www1.unicap.br\/assecom1\/wp-content\/uploads\/2017\/10\/WhatsApp-Image-2017-10-27-at-17.19.05-1.jpeg?fit=1280%2C960&amp;ssl=1\" data-orig-size=\"1280,960\" data-comments-opened=\"1\" data-image-meta=\"{&quot;aperture&quot;:&quot;0&quot;,&quot;credit&quot;:&quot;&quot;,&quot;camera&quot;:&quot;&quot;,&quot;caption&quot;:&quot;&quot;,&quot;created_timestamp&quot;:&quot;0&quot;,&quot;copyright&quot;:&quot;&quot;,&quot;focal_length&quot;:&quot;0&quot;,&quot;iso&quot;:&quot;0&quot;,&quot;shutter_speed&quot;:&quot;0&quot;,&quot;title&quot;:&quot;&quot;,&quot;orientation&quot;:&quot;0&quot;}\" data-image-title=\"WhatsApp Image 2017-10-27 at 17.19.05\" data-image-description=\"\" data-medium-file=\"https:\/\/i2.wp.com\/www1.unicap.br\/assecom1\/wp-content\/uploads\/2017\/10\/WhatsApp-Image-2017-10-27-at-17.19.05-1.jpeg?fit=300%2C225&amp;ssl=1\" data-large-file=\"https:\/\/i2.wp.com\/www1.unicap.br\/assecom1\/wp-content\/uploads\/2017\/10\/WhatsApp-Image-2017-10-27-at-17.19.05-1.jpeg?fit=640%2C480&amp;ssl=1\" loading=\"lazy\" class=\"alignnone size-medium wp-image-74367\" src=\"https:\/\/i2.wp.com\/www1.unicap.br\/assecom1\/wp-content\/uploads\/2017\/10\/WhatsApp-Image-2017-10-27-at-17.19.05-1.jpeg?resize=300%2C225&#038;ssl=1\" alt=\"\" srcset=\"https:\/\/i2.wp.com\/www1.unicap.br\/assecom1\/wp-content\/uploads\/2017\/10\/WhatsApp-Image-2017-10-27-at-17.19.05-1.jpeg?resize=300%2C225&amp;ssl=1 300w, https:\/\/i2.wp.com\/www1.unicap.br\/assecom1\/wp-content\/uploads\/2017\/10\/WhatsApp-Image-2017-10-27-at-17.19.05-1.jpeg?resize=768%2C576&amp;ssl=1 768w, https:\/\/i2.wp.com\/www1.unicap.br\/assecom1\/wp-content\/uploads\/2017\/10\/WhatsApp-Image-2017-10-27-at-17.19.05-1.jpeg?resize=1024%2C768&amp;ssl=1 1024w, https:\/\/i2.wp.com\/www1.unicap.br\/assecom1\/wp-content\/uploads\/2017\/10\/WhatsApp-Image-2017-10-27-at-17.19.05-1.jpeg?resize=320%2C240&amp;ssl=1 320w, https:\/\/i2.wp.com\/www1.unicap.br\/assecom1\/wp-content\/uploads\/2017\/10\/WhatsApp-Image-2017-10-27-at-17.19.05-1.jpeg?w=1280&amp;ssl=1 1280w\" sizes=\"(max-width: 300px) 100vw, 300px\" data-recalc-dims=\"1\" \/><img data-attachment-id=\"74368\" data-permalink=\"https:\/\/www1.unicap.br\/assecom1\/fe-e-alegria-promove-festival-da-primavera\/whatsapp-image-2017-10-27-at-17-17-51\/\" data-orig-file=\"https:\/\/i2.wp.com\/www1.unicap.br\/assecom1\/wp-content\/uploads\/2017\/10\/WhatsApp-Image-2017-10-27-at-17.17.51.jpeg?fit=1280%2C960&amp;ssl=1\" data-orig-size=\"1280,960\" data-comments-opened=\"1\" data-image-meta=\"{&quot;aperture&quot;:&quot;0&quot;,&quot;credit&quot;:&quot;&quot;,&quot;camera&quot;:&quot;&quot;,&quot;caption&quot;:&quot;&quot;,&quot;created_timestamp&quot;:&quot;0&quot;,&quot;copyright&quot;:&quot;&quot;,&quot;focal_length&quot;:&quot;0&quot;,&quot;iso&quot;:&quot;0&quot;,&quot;shutter_speed&quot;:&quot;0&quot;,&quot;title&quot;:&quot;&quot;,&quot;orientation&quot;:&quot;0&quot;}\" data-image-title=\"WhatsApp Image 2017-10-27 at 17.17.51\" data-image-description=\"\" data-medium-file=\"https:\/\/i2.wp.com\/www1.unicap.br\/assecom1\/wp-content\/uploads\/2017\/10\/WhatsApp-Image-2017-10-27-at-17.17.51.jpeg?fit=300%2C225&amp;ssl=1\" data-large-file=\"https:\/\/i2.wp.com\/www1.unicap.br\/assecom1\/wp-content\/uploads\/2017\/10\/WhatsApp-Image-2017-10-27-at-17.17.51.jpeg?fit=640%2C480&amp;ssl=1\" loading=\"lazy\" class=\"alignnone size-medium wp-image-74368\" src=\"https:\/\/i2.wp.com\/www1.unicap.br\/assecom1\/wp-content\/uploads\/2017\/10\/WhatsApp-Image-2017-10-27-at-17.17.51.jpeg?resize=300%2C225&#038;ssl=1\" alt=\"\" srcset=\"https:\/\/i2.wp.com\/www1.unicap.br\/assecom1\/wp-content\/uploads\/2017\/10\/WhatsApp-Image-2017-10-27-at-17.17.51.jpeg?resize=300%2C225&amp;ssl=1 300w, https:\/\/i2.wp.com\/www1.unicap.br\/assecom1\/wp-content\/uploads\/2017\/10\/WhatsApp-Image-2017-10-27-at-17.17.51.jpeg?resize=768%2C576&amp;ssl=1 768w, https:\/\/i2.wp.com\/www1.unicap.br\/assecom1\/wp-content\/uploads\/2017\/10\/WhatsApp-Image-2017-10-27-at-17.17.51.jpeg?resize=1024%2C768&amp;ssl=1 1024w, https:\/\/i2.wp.com\/www1.unicap.br\/assecom1\/wp-content\/uploads\/2017\/10\/WhatsApp-Image-2017-10-27-at-17.17.51.jpeg?resize=320%2C240&amp;ssl=1 320w, https:\/\/i2.wp.com\/www1.unicap.br\/assecom1\/wp-content\/uploads\/2017\/10\/WhatsApp-Image-2017-10-27-at-17.17.51.jpeg?w=1280&amp;ssl=1 1280w\" sizes=\"(max-width: 300px) 100vw, 300px\" data-recalc-dims=\"1\" \/><img data-attachment-id=\"74369\" data-permalink=\"https:\/\/www1.unicap.br\/assecom1\/fe-e-alegria-promove-festival-da-primavera\/whatsapp-image-2017-10-27-at-20-43-46-1\/\" data-orig-file=\"https:\/\/i2.wp.com\/www1.unicap.br\/assecom1\/wp-content\/uploads\/2017\/10\/WhatsApp-Image-2017-10-27-at-20.43.46-1.jpeg?fit=1048%2C590&amp;ssl=1\" data-orig-size=\"1048,590\" data-comments-opened=\"1\" data-image-meta=\"{&quot;aperture&quot;:&quot;0&quot;,&quot;credit&quot;:&quot;&quot;,&quot;camera&quot;:&quot;&quot;,&quot;caption&quot;:&quot;&quot;,&quot;created_timestamp&quot;:&quot;0&quot;,&quot;copyright&quot;:&quot;&quot;,&quot;focal_length&quot;:&quot;0&quot;,&quot;iso&quot;:&quot;0&quot;,&quot;shutter_speed&quot;:&quot;0&quot;,&quot;title&quot;:&quot;&quot;,&quot;orientation&quot;:&quot;0&quot;}\" data-image-title=\"WhatsApp Image 2017-10-27 at 20.43.46 (1)\" data-image-description=\"\" data-medium-file=\"https:\/\/i2.wp.com\/www1.unicap.br\/assecom1\/wp-content\/uploads\/2017\/10\/WhatsApp-Image-2017-10-27-at-20.43.46-1.jpeg?fit=300%2C169&amp;ssl=1\" data-large-file=\"https:\/\/i2.wp.com\/www1.unicap.br\/assecom1\/wp-content\/uploads\/2017\/10\/WhatsApp-Image-2017-10-27-at-20.43.46-1.jpeg?fit=640%2C360&amp;ssl=1\" loading=\"lazy\" class=\"alignnone size-medium wp-image-74369\" src=\"https:\/\/i2.wp.com\/www1.unicap.br\/assecom1\/wp-content\/uploads\/2017\/10\/WhatsApp-Image-2017-10-27-at-20.43.46-1.jpeg?resize=300%2C169&#038;ssl=1\" alt=\"\" srcset=\"https:\/\/i2.wp.com\/www1.unicap.br\/assecom1\/wp-content\/uploads\/2017\/10\/WhatsApp-Image-2017-10-27-at-20.43.46-1.jpeg?resize=300%2C169&amp;ssl=1 300w, https:\/\/i2.wp.com\/www1.unicap.br\/assecom1\/wp-content\/uploads\/2017\/10\/WhatsApp-Image-2017-10-27-at-20.43.46-1.jpeg?resize=768%2C432&amp;ssl=1 768w, https:\/\/i2.wp.com\/www1.unicap.br\/assecom1\/wp-content\/uploads\/2017\/10\/WhatsApp-Image-2017-10-27-at-20.43.46-1.jpeg?resize=1024%2C576&amp;ssl=1 1024w, https:\/\/i2.wp.com\/www1.unicap.br\/assecom1\/wp-content\/uploads\/2017\/10\/WhatsApp-Image-2017-10-27-at-20.43.46-1.jpeg?w=1048&amp;ssl=1 1048w\" sizes=\"(max-width: 300px) 100vw, 300px\" data-recalc-dims=\"1\" \/><img data-attachment-id=\"74370\" data-permalink=\"https:\/\/www1.unicap.br\/assecom1\/fe-e-alegria-promove-festival-da-primavera\/whatsapp-image-2017-10-27-at-17-20-46\/\" data-orig-file=\"https:\/\/i2.wp.com\/www1.unicap.br\/assecom1\/wp-content\/uploads\/2017\/10\/WhatsApp-Image-2017-10-27-at-17.20.46.jpeg?fit=1280%2C960&amp;ssl=1\" data-orig-size=\"1280,960\" data-comments-opened=\"1\" data-image-meta=\"{&quot;aperture&quot;:&quot;0&quot;,&quot;credit&quot;:&quot;&quot;,&quot;camera&quot;:&quot;&quot;,&quot;caption&quot;:&quot;&quot;,&quot;created_timestamp&quot;:&quot;0&quot;,&quot;copyright&quot;:&quot;&quot;,&quot;focal_length&quot;:&quot;0&quot;,&quot;iso&quot;:&quot;0&quot;,&quot;shutter_speed&quot;:&quot;0&quot;,&quot;title&quot;:&quot;&quot;,&quot;orientation&quot;:&quot;0&quot;}\" data-image-title=\"WhatsApp Image 2017-10-27 at 17.20.46\" data-image-description=\"\" data-medium-file=\"https:\/\/i2.wp.com\/www1.unicap.br\/assecom1\/wp-content\/uploads\/2017\/10\/WhatsApp-Image-2017-10-27-at-17.20.46.jpeg?fit=300%2C225&amp;ssl=1\" data-large-file=\"https:\/\/i2.wp.com\/www1.unicap.br\/assecom1\/wp-content\/uploads\/2017\/10\/WhatsApp-Image-2017-10-27-at-17.20.46.jpeg?fit=640%2C480&amp;ssl=1\" loading=\"lazy\" class=\"alignnone size-medium wp-image-74370\" src=\"https:\/\/i2.wp.com\/www1.unicap.br\/assecom1\/wp-content\/uploads\/2017\/10\/WhatsApp-Image-2017-10-27-at-17.20.46.jpeg?resize=300%2C225&#038;ssl=1\" alt=\"\" srcset=\"https:\/\/i2.wp.com\/www1.unicap.br\/assecom1\/wp-content\/uploads\/2017\/10\/WhatsApp-Image-2017-10-27-at-17.20.46.jpeg?resize=300%2C225&amp;ssl=1 300w, https:\/\/i2.wp.com\/www1.unicap.br\/assecom1\/wp-content\/uploads\/2017\/10\/WhatsApp-Image-2017-10-27-at-17.20.46.jpeg?resize=768%2C576&amp;ssl=1 768w, https:\/\/i2.wp.com\/www1.unicap.br\/assecom1\/wp-content\/uploads\/2017\/10\/WhatsApp-Image-2017-10-27-at-17.20.46.jpeg?resize=1024%2C768&amp;ssl=1 1024w, https:\/\/i2.wp.com\/www1.unicap.br\/assecom1\/wp-content\/uploads\/2017\/10\/WhatsApp-Image-2017-10-27-at-17.20.46.jpeg?resize=320%2C240&amp;ssl=1 320w, https:\/\/i2.wp.com\/www1.unicap.br\/assecom1\/wp-content\/uploads\/2017\/10\/WhatsApp-Image-2017-10-27-at-17.20.46.jpeg?w=1280&amp;ssl=1 1280w\" sizes=\"(max-width: 300px) 100vw, 300px\" data-recalc-dims=\"1\" \/><\/p>\n","protected":false},"excerpt":{"rendered":"<p>&nbsp; A Funda\u00e7\u00e3o F\u00e9 e Alegria, em parceria com o Liceu N\u00f3brega, realizou nos dias 19 e 20 de outubro a quinta edi\u00e7\u00e3o do Festival da Primavera. Esse festival \u00e9 uma amostra art\u00edstica de talentos em diferentes linguagens, que leva os estudantes a se empenharem e realizarem trabalhos bel\u00edssimos, cada um com o que se [&hellip;]<\/p>\n","protected":false},"author":81,"featured_media":74366,"comment_status":"open","ping_status":"open","sticky":false,"template":"","format":"standard","meta":[],"categories":[4],"tags":[],"jetpack-related-posts":[],"_links":{"self":[{"href":"https:\/\/www1.unicap.br\/assecom1\/wp-json\/wp\/v2\/posts\/74363"}],"collection":[{"href":"https:\/\/www1.unicap.br\/assecom1\/wp-json\/wp\/v2\/posts"}],"about":[{"href":"https:\/\/www1.unicap.br\/assecom1\/wp-json\/wp\/v2\/types\/post"}],"author":[{"embeddable":true,"href":"https:\/\/www1.unicap.br\/assecom1\/wp-json\/wp\/v2\/users\/81"}],"replies":[{"embeddable":true,"href":"https:\/\/www1.unicap.br\/assecom1\/wp-json\/wp\/v2\/comments?post=74363"}],"version-history":[{"count":3,"href":"https:\/\/www1.unicap.br\/assecom1\/wp-json\/wp\/v2\/posts\/74363\/revisions"}],"predecessor-version":[{"id":74400,"href":"https:\/\/www1.unicap.br\/assecom1\/wp-json\/wp\/v2\/posts\/74363\/revisions\/74400"}],"wp:featuredmedia":[{"embeddable":true,"href":"https:\/\/www1.unicap.br\/assecom1\/wp-json\/wp\/v2\/media\/74366"}],"wp:attachment":[{"href":"https:\/\/www1.unicap.br\/assecom1\/wp-json\/wp\/v2\/media?parent=74363"}],"wp:term":[{"taxonomy":"category","embeddable":true,"href":"https:\/\/www1.unicap.br\/assecom1\/wp-json\/wp\/v2\/categories?post=74363"},{"taxonomy":"post_tag","embeddable":true,"href":"https:\/\/www1.unicap.br\/assecom1\/wp-json\/wp\/v2\/tags?post=74363"}],"curies":[{"name":"wp","href":"https:\/\/api.w.org\/{rel}","templated":true}]}}