{"id":7093,"date":"2010-08-02T22:02:56","date_gmt":"2010-08-03T01:02:56","guid":{"rendered":"http:\/\/www.unicap.br\/assecom1\/?p=7093"},"modified":"2010-08-02T22:02:56","modified_gmt":"2010-08-03T01:02:56","slug":"professores-do-ccj-visitam-a-clinica-corpore-sano","status":"publish","type":"post","link":"https:\/\/www1.unicap.br\/assecom1\/professores-do-ccj-visitam-a-clinica-corpore-sano\/","title":{"rendered":"Professores do CCJ visitam a Cl\u00ednica Corpore Sano"},"content":{"rendered":"<div><span style=\"font-size: x-small;\"><a rel=\"attachment wp-att-7097\" href=\"https:\/\/www1.unicap.br\/assecom1\/?attachment_id=7097\"><img loading=\"lazy\" class=\"aligncenter size-thumbnail wp-image-7097\" src=\"https:\/\/i1.wp.com\/www1.unicap.br\/assecom1\/wp-content\/uploads\/2010\/08\/SDC156981.jpg?resize=150%2C150&#038;ssl=1\" alt=\"\" data-recalc-dims=\"1\" \/><\/a>Dnetro da programa\u00e7\u00e3o do Encontro Docente, os professores do CCJ conheceram nesta segunda-feira (2) a Cl\u00ednica de Fisioterapia e Terapia Ocupacional da Cat\u00f3lica, Corpore Sano. A professora de Fisioterapia \u00c9rica Patr\u00edcia Borba falou sobre as atividades das cl\u00ednica, mostrou fotos dos laborat\u00f3rios e equipamentos, al\u00e9m dos recursos terap\u00eauticos e os tratamentos dispon\u00edveis, como: geriatria, neurologia, urologia, ortopedia, reumatologia, entre outros. Os professores prestaram muita aten\u00e7\u00e3o nas explica\u00e7\u00f5es e tiraram d\u00favidas. <\/span><\/div>\n<div><span style=\"font-size: x-small;\">\u00a0<\/span><\/div>\n<div><span style=\"font-size: x-small;\">A coordenadora da Cl\u00ednica Corpore Sano, M\u00e1rcia Rejane\u00a0destacou a\u00a0import\u00e2ncia do encontro:<\/span><\/div>\n<div><span style=\"font-size: x-small;\">\u00a0&#8220;<\/span><span style=\"font-size: x-small;\">Esse conhecimento vai possibilitar mais informa\u00e7\u00f5es sobre v\u00e1rias realidades que constituem nossa universidade gerando, inclusive, satisfa\u00e7\u00e3o e prazer a todos que integram essa institui\u00e7\u00e3o respons\u00e1vel pela forma\u00e7\u00e3o de tantos profissionais e construtora de conhecimento&#8221;. <\/span><\/div>\n<p><a rel=\"attachment wp-att-7106\" href=\"https:\/\/www1.unicap.br\/assecom1\/?attachment_id=7106\"><img loading=\"lazy\" class=\"alignright size-thumbnail wp-image-7106\" src=\"https:\/\/i0.wp.com\/www1.unicap.br\/assecom1\/wp-content\/uploads\/2010\/08\/foto6.jpg?resize=150%2C150&#038;ssl=1\" alt=\"\" data-recalc-dims=\"1\" \/><\/a>Para o professor Marcos Calheiros foi muito bom conhecer a cl\u00ednica. &#8220;A grande import\u00e2ncia \u00e9 a integra\u00e7\u00e3o dos centros para o desenvolvimento interpessoal e profissional. Foi excelente, j\u00e1 no meu primeiro dia de trabalho, conhecer as instala\u00e7\u00f5es e a estrutura da Universidade&#8221;, disse Marcos.<\/p>\n<p><a rel=\"attachment wp-att-7109\" href=\"https:\/\/www1.unicap.br\/assecom1\/?attachment_id=7109\"><img loading=\"lazy\" class=\"alignleft size-thumbnail wp-image-7109\" src=\"https:\/\/i2.wp.com\/www1.unicap.br\/assecom1\/wp-content\/uploads\/2010\/08\/foto8.jpg?resize=150%2C150&#038;ssl=1\" alt=\"\" data-recalc-dims=\"1\" \/><\/a>A professora de Direito do Trabalho, Maria Let\u00edcia Ara\u00fajo, trabalha h\u00e1 15 anos na Universidade e n\u00e3o conhecia a cl\u00ednica. &#8220;Estou achando muito interessante, podemos ver o trabalho realizado pela Cat\u00f3lica como um todo. E para mim foi muito importante observar a preocupa\u00e7\u00e3o com a sa\u00fade f\u00edsica e mental dos trabalhadores e da comunidade&#8221;, enfatizou Maria Let\u00edcia.<\/p>\n","protected":false},"excerpt":{"rendered":"<p>Dnetro da programa\u00e7\u00e3o do Encontro Docente, os professores do CCJ conheceram nesta segunda-feira (2) a Cl\u00ednica de Fisioterapia e Terapia Ocupacional da Cat\u00f3lica, Corpore Sano. A professora de Fisioterapia \u00c9rica Patr\u00edcia Borba falou sobre as atividades das cl\u00ednica, mostrou fotos dos laborat\u00f3rios e equipamentos, al\u00e9m dos recursos terap\u00eauticos e os tratamentos dispon\u00edveis, como: geriatria, neurologia, [&hellip;]<\/p>\n","protected":false},"author":10,"featured_media":0,"comment_status":"open","ping_status":"open","sticky":false,"template":"","format":"standard","meta":[],"categories":[4],"tags":[],"jetpack-related-posts":[],"_links":{"self":[{"href":"https:\/\/www1.unicap.br\/assecom1\/wp-json\/wp\/v2\/posts\/7093"}],"collection":[{"href":"https:\/\/www1.unicap.br\/assecom1\/wp-json\/wp\/v2\/posts"}],"about":[{"href":"https:\/\/www1.unicap.br\/assecom1\/wp-json\/wp\/v2\/types\/post"}],"author":[{"embeddable":true,"href":"https:\/\/www1.unicap.br\/assecom1\/wp-json\/wp\/v2\/users\/10"}],"replies":[{"embeddable":true,"href":"https:\/\/www1.unicap.br\/assecom1\/wp-json\/wp\/v2\/comments?post=7093"}],"version-history":[{"count":0,"href":"https:\/\/www1.unicap.br\/assecom1\/wp-json\/wp\/v2\/posts\/7093\/revisions"}],"wp:attachment":[{"href":"https:\/\/www1.unicap.br\/assecom1\/wp-json\/wp\/v2\/media?parent=7093"}],"wp:term":[{"taxonomy":"category","embeddable":true,"href":"https:\/\/www1.unicap.br\/assecom1\/wp-json\/wp\/v2\/categories?post=7093"},{"taxonomy":"post_tag","embeddable":true,"href":"https:\/\/www1.unicap.br\/assecom1\/wp-json\/wp\/v2\/tags?post=7093"}],"curies":[{"name":"wp","href":"https:\/\/api.w.org\/{rel}","templated":true}]}}