{"id":70898,"date":"2017-07-04T18:44:30","date_gmt":"2017-07-04T21:44:30","guid":{"rendered":"http:\/\/www.unicap.br\/assecom1\/?p=70898"},"modified":"2017-07-04T18:49:54","modified_gmt":"2017-07-04T21:49:54","slug":"integrantes-do-instituto-humanitas-unicap-participam-de-peregrinacao-no-interior-da-paraiba","status":"publish","type":"post","link":"https:\/\/www1.unicap.br\/assecom1\/integrantes-do-instituto-humanitas-unicap-participam-de-peregrinacao-no-interior-da-paraiba\/","title":{"rendered":"Integrantes do Instituto Humanitas Unicap participam de peregrina\u00e7\u00e3o no interior da Para\u00edba"},"content":{"rendered":"<header><a href=\"https:\/\/i1.wp.com\/www1.unicap.br\/assecom1\/wp-content\/uploads\/2017\/07\/IMG_5943.jpg?ssl=1\"><img data-attachment-id=\"70914\" data-permalink=\"https:\/\/www1.unicap.br\/assecom1\/integrantes-do-instituto-humanitas-unicap-participam-de-peregrinacao-no-interior-da-paraiba\/img_5943\/\" data-orig-file=\"https:\/\/i1.wp.com\/www1.unicap.br\/assecom1\/wp-content\/uploads\/2017\/07\/IMG_5943.jpg?fit=1040%2C584&amp;ssl=1\" data-orig-size=\"1040,584\" data-comments-opened=\"1\" data-image-meta=\"{&quot;aperture&quot;:&quot;0&quot;,&quot;credit&quot;:&quot;&quot;,&quot;camera&quot;:&quot;&quot;,&quot;caption&quot;:&quot;&quot;,&quot;created_timestamp&quot;:&quot;0&quot;,&quot;copyright&quot;:&quot;&quot;,&quot;focal_length&quot;:&quot;0&quot;,&quot;iso&quot;:&quot;0&quot;,&quot;shutter_speed&quot;:&quot;0&quot;,&quot;title&quot;:&quot;&quot;,&quot;orientation&quot;:&quot;1&quot;}\" data-image-title=\"IMG_5943\" data-image-description=\"\" data-medium-file=\"https:\/\/i1.wp.com\/www1.unicap.br\/assecom1\/wp-content\/uploads\/2017\/07\/IMG_5943.jpg?fit=300%2C168&amp;ssl=1\" data-large-file=\"https:\/\/i1.wp.com\/www1.unicap.br\/assecom1\/wp-content\/uploads\/2017\/07\/IMG_5943.jpg?fit=640%2C359&amp;ssl=1\" loading=\"lazy\" class=\"alignleft wp-image-70914 size-large\" src=\"https:\/\/i1.wp.com\/www1.unicap.br\/assecom1\/wp-content\/uploads\/2017\/07\/IMG_5943.jpg?resize=640%2C359&#038;ssl=1\" alt=\"\" srcset=\"https:\/\/i1.wp.com\/www1.unicap.br\/assecom1\/wp-content\/uploads\/2017\/07\/IMG_5943.jpg?resize=1024%2C575&amp;ssl=1 1024w, https:\/\/i1.wp.com\/www1.unicap.br\/assecom1\/wp-content\/uploads\/2017\/07\/IMG_5943.jpg?resize=300%2C168&amp;ssl=1 300w, https:\/\/i1.wp.com\/www1.unicap.br\/assecom1\/wp-content\/uploads\/2017\/07\/IMG_5943.jpg?resize=768%2C431&amp;ssl=1 768w, https:\/\/i1.wp.com\/www1.unicap.br\/assecom1\/wp-content\/uploads\/2017\/07\/IMG_5943.jpg?w=1040&amp;ssl=1 1040w\" sizes=\"(max-width: 640px) 100vw, 640px\" data-recalc-dims=\"1\" \/><\/a>At\u00e9 o pr\u00f3ximo dia 8 de julho, integrantes do Instituto Humanitas Unicap (IHU) viver\u00e3o uma experi\u00eancia \u00fanica de partilha e de rememora\u00e7\u00e3o de personalidades que marcaram a luta por justi\u00e7a social e solidariedade.<\/header>\n<header><\/header>\n<header><\/header>\n<header>Embarcaram na iniciativa do Grupo de Peregrinas e Peregrinos do Nordeste (GGPN), o professor do curso de Teologia Artur Peregrino e os funcion\u00e1rios da Cat\u00f3lica Silvia Maria de Souza, da Diretoria de Recursos Humanos (DRH),\u00a0e Carlos Vieira, do pr\u00f3prio IHU.<\/header>\n<header><\/header>\n<header><\/header>\n<header>Junto com os demais participantes, eles v\u00e3o visitar locais hist\u00f3ricos de oito cidades do interior da Para\u00edba. S\u00e3o 130 quil\u00f4metros entre Alagoa Grande e Santa F\u00e9 do Ibiapina.<\/header>\n<header><\/header>\n<header>O percurso est\u00e1 sendo feito a p\u00e9.\u00a0Os participantes n\u00e3o levam dinheiro ou comida. Eles se alimentam daquilo que \u00e9 oferecido pelas comunidades, num gesto de partilha e comunh\u00e3o.Alagoa Grande \u00e9 a terra da l\u00edder sindical Margarida Alves, assassinada na d\u00e9cada de 1980 por defender os trabalhadores rurais. A cidade foi onde tamb\u00e9m nasceu Jackson do Pandeiro. Haver\u00e1 celebra\u00e7\u00f5es em mem\u00f3ria de Margarida e do Padre Ibiapina, que foi um grande mission\u00e1rio do Nordeste no s\u00e9culo XIX.<a href=\"https:\/\/i0.wp.com\/www1.unicap.br\/assecom1\/wp-content\/uploads\/2017\/07\/IMG_5936.jpg?ssl=1\"><img data-attachment-id=\"70907\" data-permalink=\"https:\/\/www1.unicap.br\/assecom1\/integrantes-do-instituto-humanitas-unicap-participam-de-peregrinacao-no-interior-da-paraiba\/img_5936\/\" data-orig-file=\"https:\/\/i0.wp.com\/www1.unicap.br\/assecom1\/wp-content\/uploads\/2017\/07\/IMG_5936.jpg?fit=1040%2C585&amp;ssl=1\" data-orig-size=\"1040,585\" data-comments-opened=\"1\" data-image-meta=\"{&quot;aperture&quot;:&quot;0&quot;,&quot;credit&quot;:&quot;&quot;,&quot;camera&quot;:&quot;&quot;,&quot;caption&quot;:&quot;&quot;,&quot;created_timestamp&quot;:&quot;0&quot;,&quot;copyright&quot;:&quot;&quot;,&quot;focal_length&quot;:&quot;0&quot;,&quot;iso&quot;:&quot;0&quot;,&quot;shutter_speed&quot;:&quot;0&quot;,&quot;title&quot;:&quot;&quot;,&quot;orientation&quot;:&quot;1&quot;}\" data-image-title=\"IMG_5936\" data-image-description=\"\" data-medium-file=\"https:\/\/i0.wp.com\/www1.unicap.br\/assecom1\/wp-content\/uploads\/2017\/07\/IMG_5936.jpg?fit=300%2C169&amp;ssl=1\" data-large-file=\"https:\/\/i0.wp.com\/www1.unicap.br\/assecom1\/wp-content\/uploads\/2017\/07\/IMG_5936.jpg?fit=640%2C360&amp;ssl=1\" loading=\"lazy\" class=\"size-large wp-image-70907 alignleft\" src=\"https:\/\/i0.wp.com\/www1.unicap.br\/assecom1\/wp-content\/uploads\/2017\/07\/IMG_5936.jpg?resize=640%2C360&#038;ssl=1\" alt=\"\" srcset=\"https:\/\/i0.wp.com\/www1.unicap.br\/assecom1\/wp-content\/uploads\/2017\/07\/IMG_5936.jpg?resize=1024%2C576&amp;ssl=1 1024w, https:\/\/i0.wp.com\/www1.unicap.br\/assecom1\/wp-content\/uploads\/2017\/07\/IMG_5936.jpg?resize=300%2C169&amp;ssl=1 300w, https:\/\/i0.wp.com\/www1.unicap.br\/assecom1\/wp-content\/uploads\/2017\/07\/IMG_5936.jpg?resize=768%2C432&amp;ssl=1 768w, https:\/\/i0.wp.com\/www1.unicap.br\/assecom1\/wp-content\/uploads\/2017\/07\/IMG_5936.jpg?w=1040&amp;ssl=1 1040w\" sizes=\"(max-width: 640px) 100vw, 640px\" data-recalc-dims=\"1\" \/><\/a>A peregrina\u00e7\u00e3o tamb\u00e9m celebra a mem\u00f3ria do Padre Jos\u00e9 Comblin, considerado um grande te\u00f3logo da liberta\u00e7\u00e3o. O mission\u00e1rio criou o Semin\u00e1rio Rural de Serra Redonda, dando a oportunidade de os filhos dos agricultores estudarem a chamada &#8216;Teologia da Enxada&#8217;. Comblin teve mais de 50 obras publicadas e traduzidas em v\u00e1rios idiomas.<\/p>\n<p>&#8220;Tudo est\u00e1 sendo preparado com muito carinho. Esta ser\u00e1 uma peregrina\u00e7\u00e3o da mem\u00f3ria e da presen\u00e7a. Da festa e da luta. Celebraremos a mem\u00f3ria daquelas e daqueles que continuam vivos na caminhada da liberta\u00e7\u00e3o&#8221;, diz um trecho do texto escrito pelo professor Artur Peregrino <a href=\"http:\/\/www.unicap.br\/ihu\/?p=9551\">no site do IHU<\/a>.<\/p>\n<p>A peregrina\u00e7\u00e3o, que acontece h\u00e1 31 anos, ser\u00e1 encerrada no santu\u00e1rio de Santa F\u00e9 do Ibiapina com uma missa presidida pelo Arcebispo Em\u00e9rito da Para\u00edba, Dom Jos\u00e9 Maria Pires.<\/p>\n<p><strong>GGPN<\/strong> &#8211; O Grupo de Peregrinas e Peregrinos do Nordeste (GPPN) nasceu h\u00e1 31 anos, sendo composto por homens e mulheres (crian\u00e7as, jovens, adultos e pessoas idosas), naturais de toda parte do Brasil.\u00a0 \u00c9 uma experi\u00eancia ecum\u00eanica com membros de v\u00e1rias igrejas crist\u00e3s como tamb\u00e9m de outras tradi\u00e7\u00f5es religiosas. Tem como carisma caminhar segundo o chamado de Jesus: \u201cE enviou-os a pregar o Reino de Deus, e a curar os enfermos. E disse-lhes: Nada leveis convosco para o caminho, nem bast\u00e3o, nem sacola, nem p\u00e3o, nem dinheiro; nem tenhais duas t\u00fanicas\u201d (Lucas 9:2-3).\u00a0 Deste modo, andam sempre a p\u00e9, n\u00e3o utilizam e nem recebem dinheiro e n\u00e3o carregam comida. Toda sua manuten\u00e7\u00e3o, durante o per\u00edodo da peregrina\u00e7\u00e3o, resulta da partilha que as comunidades fazem. Alimentam-se do que lhes \u00e9 ofertado, partilhando com a comunidade. Suscitam, assim, a comunh\u00e3o e a confian\u00e7a nos lugares por onde passam.<\/p>\n<div class=\"tiled-gallery type-rectangular tiled-gallery-unresized\" data-original-width=\"640\" data-carousel-extra='{&quot;blog_id&quot;:1,&quot;permalink&quot;:&quot;https:\\\/\\\/www1.unicap.br\\\/assecom1\\\/integrantes-do-instituto-humanitas-unicap-participam-de-peregrinacao-no-interior-da-paraiba\\\/&quot;,&quot;likes_blog_id&quot;:205082007}' itemscope itemtype=\"http:\/\/schema.org\/ImageGallery\" > <div class=\"gallery-row\" style=\"width: 640px; height: 442px;\" data-original-width=\"640\" data-original-height=\"442\" > <div class=\"gallery-group images-2\" style=\"width: 390px; height: 442px;\" data-original-width=\"390\" data-original-height=\"442\" > <div class=\"tiled-gallery-item tiled-gallery-item-large\" itemprop=\"associatedMedia\" itemscope itemtype=\"http:\/\/schema.org\/ImageObject\"> <a href=\"https:\/\/www1.unicap.br\/assecom1\/integrantes-do-instituto-humanitas-unicap-participam-de-peregrinacao-no-interior-da-paraiba\/img_5942\/\" border=\"0\" itemprop=\"url\"> <meta itemprop=\"width\" content=\"386\"> <meta itemprop=\"height\" content=\"217\"> <img data-attachment-id=\"70913\" data-orig-file=\"https:\/\/www1.unicap.br\/assecom1\/wp-content\/uploads\/2017\/07\/IMG_5942.jpg\" data-orig-size=\"1040,584\" data-comments-opened=\"1\" data-image-meta=\"{&quot;aperture&quot;:&quot;0&quot;,&quot;credit&quot;:&quot;&quot;,&quot;camera&quot;:&quot;&quot;,&quot;caption&quot;:&quot;&quot;,&quot;created_timestamp&quot;:&quot;0&quot;,&quot;copyright&quot;:&quot;&quot;,&quot;focal_length&quot;:&quot;0&quot;,&quot;iso&quot;:&quot;0&quot;,&quot;shutter_speed&quot;:&quot;0&quot;,&quot;title&quot;:&quot;&quot;,&quot;orientation&quot;:&quot;1&quot;}\" data-image-title=\"IMG_5942\" data-image-description=\"\" data-medium-file=\"https:\/\/i2.wp.com\/www1.unicap.br\/assecom1\/wp-content\/uploads\/2017\/07\/IMG_5942.jpg?fit=300%2C168&#038;ssl=1\" data-large-file=\"https:\/\/i2.wp.com\/www1.unicap.br\/assecom1\/wp-content\/uploads\/2017\/07\/IMG_5942.jpg?fit=640%2C359&#038;ssl=1\" src=\"https:\/\/i2.wp.com\/www1.unicap.br\/assecom1\/wp-content\/uploads\/2017\/07\/IMG_5942.jpg?w=386&#038;h=217&#038;crop&#038;ssl=1\" width=\"386\" height=\"217\" data-original-width=\"386\" data-original-height=\"217\" itemprop=\"http:\/\/schema.org\/image\" title=\"IMG_5942\" alt=\"IMG_5942\" style=\"width: 386px; height: 217px;\" \/> <\/a> <\/div> <div class=\"tiled-gallery-item tiled-gallery-item-large\" itemprop=\"associatedMedia\" itemscope itemtype=\"http:\/\/schema.org\/ImageObject\"> <a href=\"https:\/\/www1.unicap.br\/assecom1\/integrantes-do-instituto-humanitas-unicap-participam-de-peregrinacao-no-interior-da-paraiba\/img_5941\/\" border=\"0\" itemprop=\"url\"> <meta itemprop=\"width\" content=\"386\"> <meta itemprop=\"height\" content=\"217\"> <img data-attachment-id=\"70912\" data-orig-file=\"https:\/\/www1.unicap.br\/assecom1\/wp-content\/uploads\/2017\/07\/IMG_5941.jpg\" data-orig-size=\"1040,585\" data-comments-opened=\"1\" data-image-meta=\"{&quot;aperture&quot;:&quot;0&quot;,&quot;credit&quot;:&quot;&quot;,&quot;camera&quot;:&quot;&quot;,&quot;caption&quot;:&quot;&quot;,&quot;created_timestamp&quot;:&quot;0&quot;,&quot;copyright&quot;:&quot;&quot;,&quot;focal_length&quot;:&quot;0&quot;,&quot;iso&quot;:&quot;0&quot;,&quot;shutter_speed&quot;:&quot;0&quot;,&quot;title&quot;:&quot;&quot;,&quot;orientation&quot;:&quot;1&quot;}\" data-image-title=\"IMG_5941\" data-image-description=\"\" data-medium-file=\"https:\/\/i0.wp.com\/www1.unicap.br\/assecom1\/wp-content\/uploads\/2017\/07\/IMG_5941.jpg?fit=300%2C169&#038;ssl=1\" data-large-file=\"https:\/\/i0.wp.com\/www1.unicap.br\/assecom1\/wp-content\/uploads\/2017\/07\/IMG_5941.jpg?fit=640%2C360&#038;ssl=1\" src=\"https:\/\/i0.wp.com\/www1.unicap.br\/assecom1\/wp-content\/uploads\/2017\/07\/IMG_5941.jpg?w=386&#038;h=217&#038;crop&#038;ssl=1\" width=\"386\" height=\"217\" data-original-width=\"386\" data-original-height=\"217\" itemprop=\"http:\/\/schema.org\/image\" title=\"IMG_5941\" alt=\"IMG_5941\" style=\"width: 386px; height: 217px;\" \/> <\/a> <\/div> <\/div> <!-- close group --> <div class=\"gallery-group images-1\" style=\"width: 250px; height: 442px;\" data-original-width=\"250\" data-original-height=\"442\" > <div class=\"tiled-gallery-item tiled-gallery-item-small\" itemprop=\"associatedMedia\" itemscope itemtype=\"http:\/\/schema.org\/ImageObject\"> <a href=\"https:\/\/www1.unicap.br\/assecom1\/integrantes-do-instituto-humanitas-unicap-participam-de-peregrinacao-no-interior-da-paraiba\/img_5940\/\" border=\"0\" itemprop=\"url\"> <meta itemprop=\"width\" content=\"246\"> <meta itemprop=\"height\" content=\"438\"> <img data-attachment-id=\"70911\" data-orig-file=\"https:\/\/www1.unicap.br\/assecom1\/wp-content\/uploads\/2017\/07\/IMG_5940.jpg\" data-orig-size=\"585,1040\" data-comments-opened=\"1\" data-image-meta=\"{&quot;aperture&quot;:&quot;0&quot;,&quot;credit&quot;:&quot;&quot;,&quot;camera&quot;:&quot;&quot;,&quot;caption&quot;:&quot;&quot;,&quot;created_timestamp&quot;:&quot;0&quot;,&quot;copyright&quot;:&quot;&quot;,&quot;focal_length&quot;:&quot;0&quot;,&quot;iso&quot;:&quot;0&quot;,&quot;shutter_speed&quot;:&quot;0&quot;,&quot;title&quot;:&quot;&quot;,&quot;orientation&quot;:&quot;1&quot;}\" data-image-title=\"IMG_5940\" data-image-description=\"\" data-medium-file=\"https:\/\/i0.wp.com\/www1.unicap.br\/assecom1\/wp-content\/uploads\/2017\/07\/IMG_5940.jpg?fit=169%2C300&#038;ssl=1\" data-large-file=\"https:\/\/i0.wp.com\/www1.unicap.br\/assecom1\/wp-content\/uploads\/2017\/07\/IMG_5940.jpg?fit=576%2C1024&#038;ssl=1\" src=\"https:\/\/i0.wp.com\/www1.unicap.br\/assecom1\/wp-content\/uploads\/2017\/07\/IMG_5940.jpg?w=246&#038;h=438&#038;crop&#038;ssl=1\" width=\"246\" height=\"438\" data-original-width=\"246\" data-original-height=\"438\" itemprop=\"http:\/\/schema.org\/image\" title=\"IMG_5940\" alt=\"IMG_5940\" style=\"width: 246px; height: 438px;\" \/> <\/a> <\/div> <\/div> <!-- close group --> <\/div> <!-- close row --> <div class=\"gallery-row\" style=\"width: 640px; height: 182px;\" data-original-width=\"640\" data-original-height=\"182\" > <div class=\"gallery-group images-1\" style=\"width: 320px; height: 182px;\" data-original-width=\"320\" data-original-height=\"182\" > <div class=\"tiled-gallery-item tiled-gallery-item-large\" itemprop=\"associatedMedia\" itemscope itemtype=\"http:\/\/schema.org\/ImageObject\"> <a href=\"https:\/\/www1.unicap.br\/assecom1\/integrantes-do-instituto-humanitas-unicap-participam-de-peregrinacao-no-interior-da-paraiba\/img_5939\/\" border=\"0\" itemprop=\"url\"> <meta itemprop=\"width\" content=\"316\"> <meta itemprop=\"height\" content=\"178\"> <img data-attachment-id=\"70910\" data-orig-file=\"https:\/\/www1.unicap.br\/assecom1\/wp-content\/uploads\/2017\/07\/IMG_5939.jpg\" data-orig-size=\"1040,585\" data-comments-opened=\"1\" data-image-meta=\"{&quot;aperture&quot;:&quot;0&quot;,&quot;credit&quot;:&quot;&quot;,&quot;camera&quot;:&quot;&quot;,&quot;caption&quot;:&quot;&quot;,&quot;created_timestamp&quot;:&quot;0&quot;,&quot;copyright&quot;:&quot;&quot;,&quot;focal_length&quot;:&quot;0&quot;,&quot;iso&quot;:&quot;0&quot;,&quot;shutter_speed&quot;:&quot;0&quot;,&quot;title&quot;:&quot;&quot;,&quot;orientation&quot;:&quot;1&quot;}\" data-image-title=\"IMG_5939\" data-image-description=\"\" data-medium-file=\"https:\/\/i0.wp.com\/www1.unicap.br\/assecom1\/wp-content\/uploads\/2017\/07\/IMG_5939.jpg?fit=300%2C169&#038;ssl=1\" data-large-file=\"https:\/\/i0.wp.com\/www1.unicap.br\/assecom1\/wp-content\/uploads\/2017\/07\/IMG_5939.jpg?fit=640%2C360&#038;ssl=1\" src=\"https:\/\/i0.wp.com\/www1.unicap.br\/assecom1\/wp-content\/uploads\/2017\/07\/IMG_5939.jpg?w=316&#038;h=178&#038;crop&#038;ssl=1\" width=\"316\" height=\"178\" data-original-width=\"316\" data-original-height=\"178\" itemprop=\"http:\/\/schema.org\/image\" title=\"IMG_5939\" alt=\"IMG_5939\" style=\"width: 316px; height: 178px;\" \/> <\/a> <\/div> <\/div> <!-- close group --> <div class=\"gallery-group images-1\" style=\"width: 320px; height: 182px;\" data-original-width=\"320\" data-original-height=\"182\" > <div class=\"tiled-gallery-item tiled-gallery-item-large\" itemprop=\"associatedMedia\" itemscope itemtype=\"http:\/\/schema.org\/ImageObject\"> <a href=\"https:\/\/www1.unicap.br\/assecom1\/integrantes-do-instituto-humanitas-unicap-participam-de-peregrinacao-no-interior-da-paraiba\/img_5938\/\" border=\"0\" itemprop=\"url\"> <meta itemprop=\"width\" content=\"316\"> <meta itemprop=\"height\" content=\"178\"> <img data-attachment-id=\"70909\" data-orig-file=\"https:\/\/www1.unicap.br\/assecom1\/wp-content\/uploads\/2017\/07\/IMG_5938.jpg\" data-orig-size=\"1280,720\" data-comments-opened=\"1\" data-image-meta=\"{&quot;aperture&quot;:&quot;0&quot;,&quot;credit&quot;:&quot;&quot;,&quot;camera&quot;:&quot;&quot;,&quot;caption&quot;:&quot;&quot;,&quot;created_timestamp&quot;:&quot;0&quot;,&quot;copyright&quot;:&quot;&quot;,&quot;focal_length&quot;:&quot;0&quot;,&quot;iso&quot;:&quot;0&quot;,&quot;shutter_speed&quot;:&quot;0&quot;,&quot;title&quot;:&quot;&quot;,&quot;orientation&quot;:&quot;1&quot;}\" data-image-title=\"IMG_5938\" data-image-description=\"\" data-medium-file=\"https:\/\/i2.wp.com\/www1.unicap.br\/assecom1\/wp-content\/uploads\/2017\/07\/IMG_5938.jpg?fit=300%2C169&#038;ssl=1\" data-large-file=\"https:\/\/i2.wp.com\/www1.unicap.br\/assecom1\/wp-content\/uploads\/2017\/07\/IMG_5938.jpg?fit=640%2C360&#038;ssl=1\" src=\"https:\/\/i2.wp.com\/www1.unicap.br\/assecom1\/wp-content\/uploads\/2017\/07\/IMG_5938.jpg?w=316&#038;h=178&#038;crop&#038;ssl=1\" width=\"316\" height=\"178\" data-original-width=\"316\" data-original-height=\"178\" itemprop=\"http:\/\/schema.org\/image\" title=\"IMG_5938\" alt=\"IMG_5938\" style=\"width: 316px; height: 178px;\" \/> <\/a> <\/div> <\/div> <!-- close group --> <\/div> <!-- close row --> <div class=\"gallery-row\" style=\"width: 640px; height: 671px;\" data-original-width=\"640\" data-original-height=\"671\" > <div class=\"gallery-group images-3\" style=\"width: 261px; height: 671px;\" data-original-width=\"261\" data-original-height=\"671\" > <div class=\"tiled-gallery-item tiled-gallery-item-large\" itemprop=\"associatedMedia\" itemscope itemtype=\"http:\/\/schema.org\/ImageObject\"> <a href=\"https:\/\/www1.unicap.br\/assecom1\/integrantes-do-instituto-humanitas-unicap-participam-de-peregrinacao-no-interior-da-paraiba\/img_5937\/\" border=\"0\" itemprop=\"url\"> <meta itemprop=\"width\" content=\"257\"> <meta itemprop=\"height\" content=\"145\"> <img data-attachment-id=\"70908\" data-orig-file=\"https:\/\/www1.unicap.br\/assecom1\/wp-content\/uploads\/2017\/07\/IMG_5937.jpg\" data-orig-size=\"1040,585\" data-comments-opened=\"1\" data-image-meta=\"{&quot;aperture&quot;:&quot;0&quot;,&quot;credit&quot;:&quot;&quot;,&quot;camera&quot;:&quot;&quot;,&quot;caption&quot;:&quot;&quot;,&quot;created_timestamp&quot;:&quot;0&quot;,&quot;copyright&quot;:&quot;&quot;,&quot;focal_length&quot;:&quot;0&quot;,&quot;iso&quot;:&quot;0&quot;,&quot;shutter_speed&quot;:&quot;0&quot;,&quot;title&quot;:&quot;&quot;,&quot;orientation&quot;:&quot;1&quot;}\" data-image-title=\"IMG_5937\" data-image-description=\"\" data-medium-file=\"https:\/\/i0.wp.com\/www1.unicap.br\/assecom1\/wp-content\/uploads\/2017\/07\/IMG_5937.jpg?fit=300%2C169&#038;ssl=1\" data-large-file=\"https:\/\/i0.wp.com\/www1.unicap.br\/assecom1\/wp-content\/uploads\/2017\/07\/IMG_5937.jpg?fit=640%2C360&#038;ssl=1\" src=\"https:\/\/i0.wp.com\/www1.unicap.br\/assecom1\/wp-content\/uploads\/2017\/07\/IMG_5937.jpg?w=257&#038;h=145&#038;crop&#038;ssl=1\" width=\"257\" height=\"145\" data-original-width=\"257\" data-original-height=\"145\" itemprop=\"http:\/\/schema.org\/image\" title=\"IMG_5937\" alt=\"IMG_5937\" style=\"width: 257px; height: 145px;\" \/> <\/a> <\/div> <div class=\"tiled-gallery-item tiled-gallery-item-large\" itemprop=\"associatedMedia\" itemscope itemtype=\"http:\/\/schema.org\/ImageObject\"> <a href=\"https:\/\/www1.unicap.br\/assecom1\/integrantes-do-instituto-humanitas-unicap-participam-de-peregrinacao-no-interior-da-paraiba\/img_5931\/\" border=\"0\" itemprop=\"url\"> <meta itemprop=\"width\" content=\"257\"> <meta itemprop=\"height\" content=\"257\"> <img data-attachment-id=\"70902\" data-orig-file=\"https:\/\/www1.unicap.br\/assecom1\/wp-content\/uploads\/2017\/07\/IMG_5931.jpg\" data-orig-size=\"932,932\" data-comments-opened=\"1\" data-image-meta=\"{&quot;aperture&quot;:&quot;0&quot;,&quot;credit&quot;:&quot;&quot;,&quot;camera&quot;:&quot;&quot;,&quot;caption&quot;:&quot;&quot;,&quot;created_timestamp&quot;:&quot;0&quot;,&quot;copyright&quot;:&quot;&quot;,&quot;focal_length&quot;:&quot;0&quot;,&quot;iso&quot;:&quot;0&quot;,&quot;shutter_speed&quot;:&quot;0&quot;,&quot;title&quot;:&quot;&quot;,&quot;orientation&quot;:&quot;1&quot;}\" data-image-title=\"IMG_5931\" data-image-description=\"\" data-medium-file=\"https:\/\/i1.wp.com\/www1.unicap.br\/assecom1\/wp-content\/uploads\/2017\/07\/IMG_5931.jpg?fit=300%2C300&#038;ssl=1\" data-large-file=\"https:\/\/i1.wp.com\/www1.unicap.br\/assecom1\/wp-content\/uploads\/2017\/07\/IMG_5931.jpg?fit=640%2C640&#038;ssl=1\" src=\"https:\/\/i1.wp.com\/www1.unicap.br\/assecom1\/wp-content\/uploads\/2017\/07\/IMG_5931.jpg?w=257&#038;h=257&#038;crop=1&#038;ssl=1\" width=\"257\" height=\"257\" data-original-width=\"257\" data-original-height=\"257\" itemprop=\"http:\/\/schema.org\/image\" title=\"IMG_5931\" alt=\"IMG_5931\" style=\"width: 257px; height: 257px;\" \/> <\/a> <\/div> <div class=\"tiled-gallery-item tiled-gallery-item-large\" itemprop=\"associatedMedia\" itemscope itemtype=\"http:\/\/schema.org\/ImageObject\"> <a href=\"https:\/\/www1.unicap.br\/assecom1\/integrantes-do-instituto-humanitas-unicap-participam-de-peregrinacao-no-interior-da-paraiba\/img_5932\/\" border=\"0\" itemprop=\"url\"> <meta itemprop=\"width\" content=\"257\"> <meta itemprop=\"height\" content=\"257\"> <img data-attachment-id=\"70903\" data-orig-file=\"https:\/\/www1.unicap.br\/assecom1\/wp-content\/uploads\/2017\/07\/IMG_5932.jpg\" data-orig-size=\"1029,1028\" data-comments-opened=\"1\" data-image-meta=\"{&quot;aperture&quot;:&quot;0&quot;,&quot;credit&quot;:&quot;&quot;,&quot;camera&quot;:&quot;&quot;,&quot;caption&quot;:&quot;&quot;,&quot;created_timestamp&quot;:&quot;0&quot;,&quot;copyright&quot;:&quot;&quot;,&quot;focal_length&quot;:&quot;0&quot;,&quot;iso&quot;:&quot;0&quot;,&quot;shutter_speed&quot;:&quot;0&quot;,&quot;title&quot;:&quot;&quot;,&quot;orientation&quot;:&quot;1&quot;}\" data-image-title=\"IMG_5932\" data-image-description=\"\" data-medium-file=\"https:\/\/i2.wp.com\/www1.unicap.br\/assecom1\/wp-content\/uploads\/2017\/07\/IMG_5932.jpg?fit=300%2C300&#038;ssl=1\" data-large-file=\"https:\/\/i2.wp.com\/www1.unicap.br\/assecom1\/wp-content\/uploads\/2017\/07\/IMG_5932.jpg?fit=640%2C640&#038;ssl=1\" src=\"https:\/\/i2.wp.com\/www1.unicap.br\/assecom1\/wp-content\/uploads\/2017\/07\/IMG_5932.jpg?w=257&#038;h=257&#038;crop=1&#038;ssl=1\" width=\"257\" height=\"257\" data-original-width=\"257\" data-original-height=\"257\" itemprop=\"http:\/\/schema.org\/image\" title=\"IMG_5932\" alt=\"IMG_5932\" style=\"width: 257px; height: 257px;\" \/> <\/a> <\/div> <\/div> <!-- close group --> <div class=\"gallery-group images-1\" style=\"width: 379px; height: 671px;\" data-original-width=\"379\" data-original-height=\"671\" > <div class=\"tiled-gallery-item tiled-gallery-item-large\" itemprop=\"associatedMedia\" itemscope itemtype=\"http:\/\/schema.org\/ImageObject\"> <a href=\"https:\/\/www1.unicap.br\/assecom1\/integrantes-do-instituto-humanitas-unicap-participam-de-peregrinacao-no-interior-da-paraiba\/img_5930\/\" border=\"0\" itemprop=\"url\"> <meta itemprop=\"width\" content=\"375\"> <meta itemprop=\"height\" content=\"667\"> <img data-attachment-id=\"70901\" data-orig-file=\"https:\/\/www1.unicap.br\/assecom1\/wp-content\/uploads\/2017\/07\/IMG_5930.jpg\" data-orig-size=\"585,1040\" data-comments-opened=\"1\" data-image-meta=\"{&quot;aperture&quot;:&quot;0&quot;,&quot;credit&quot;:&quot;&quot;,&quot;camera&quot;:&quot;&quot;,&quot;caption&quot;:&quot;&quot;,&quot;created_timestamp&quot;:&quot;0&quot;,&quot;copyright&quot;:&quot;&quot;,&quot;focal_length&quot;:&quot;0&quot;,&quot;iso&quot;:&quot;0&quot;,&quot;shutter_speed&quot;:&quot;0&quot;,&quot;title&quot;:&quot;&quot;,&quot;orientation&quot;:&quot;1&quot;}\" data-image-title=\"IMG_5930\" data-image-description=\"\" data-medium-file=\"https:\/\/i2.wp.com\/www1.unicap.br\/assecom1\/wp-content\/uploads\/2017\/07\/IMG_5930.jpg?fit=169%2C300&#038;ssl=1\" data-large-file=\"https:\/\/i2.wp.com\/www1.unicap.br\/assecom1\/wp-content\/uploads\/2017\/07\/IMG_5930.jpg?fit=576%2C1024&#038;ssl=1\" src=\"https:\/\/i2.wp.com\/www1.unicap.br\/assecom1\/wp-content\/uploads\/2017\/07\/IMG_5930.jpg?w=375&#038;h=667&#038;crop&#038;ssl=1\" width=\"375\" height=\"667\" data-original-width=\"375\" data-original-height=\"667\" itemprop=\"http:\/\/schema.org\/image\" title=\"IMG_5930\" alt=\"IMG_5930\" style=\"width: 375px; height: 667px;\" \/> <\/a> <\/div> <\/div> <!-- close group --> <\/div> <!-- close row --> <div class=\"gallery-row\" style=\"width: 640px; height: 148px;\" data-original-width=\"640\" data-original-height=\"148\" > <div class=\"gallery-group images-1\" style=\"width: 260px; height: 148px;\" data-original-width=\"260\" data-original-height=\"148\" > <div class=\"tiled-gallery-item tiled-gallery-item-large\" itemprop=\"associatedMedia\" itemscope itemtype=\"http:\/\/schema.org\/ImageObject\"> <a href=\"https:\/\/www1.unicap.br\/assecom1\/integrantes-do-instituto-humanitas-unicap-participam-de-peregrinacao-no-interior-da-paraiba\/img_5933\/\" border=\"0\" itemprop=\"url\"> <meta itemprop=\"width\" content=\"256\"> <meta itemprop=\"height\" content=\"144\"> <img data-attachment-id=\"70904\" data-orig-file=\"https:\/\/www1.unicap.br\/assecom1\/wp-content\/uploads\/2017\/07\/IMG_5933.jpg\" data-orig-size=\"1280,720\" data-comments-opened=\"1\" data-image-meta=\"{&quot;aperture&quot;:&quot;0&quot;,&quot;credit&quot;:&quot;&quot;,&quot;camera&quot;:&quot;&quot;,&quot;caption&quot;:&quot;&quot;,&quot;created_timestamp&quot;:&quot;0&quot;,&quot;copyright&quot;:&quot;&quot;,&quot;focal_length&quot;:&quot;0&quot;,&quot;iso&quot;:&quot;0&quot;,&quot;shutter_speed&quot;:&quot;0&quot;,&quot;title&quot;:&quot;&quot;,&quot;orientation&quot;:&quot;1&quot;}\" data-image-title=\"IMG_5933\" data-image-description=\"\" data-medium-file=\"https:\/\/i0.wp.com\/www1.unicap.br\/assecom1\/wp-content\/uploads\/2017\/07\/IMG_5933.jpg?fit=300%2C169&#038;ssl=1\" data-large-file=\"https:\/\/i0.wp.com\/www1.unicap.br\/assecom1\/wp-content\/uploads\/2017\/07\/IMG_5933.jpg?fit=640%2C360&#038;ssl=1\" src=\"https:\/\/i0.wp.com\/www1.unicap.br\/assecom1\/wp-content\/uploads\/2017\/07\/IMG_5933.jpg?w=256&#038;h=144&#038;crop&#038;ssl=1\" width=\"256\" height=\"144\" data-original-width=\"256\" data-original-height=\"144\" itemprop=\"http:\/\/schema.org\/image\" title=\"IMG_5933\" alt=\"IMG_5933\" style=\"width: 256px; height: 144px;\" \/> <\/a> <\/div> <\/div> <!-- close group --> <div class=\"gallery-group images-1\" style=\"width: 120px; height: 148px;\" data-original-width=\"120\" data-original-height=\"148\" > <div class=\"tiled-gallery-item tiled-gallery-item-small\" itemprop=\"associatedMedia\" itemscope itemtype=\"http:\/\/schema.org\/ImageObject\"> <a href=\"https:\/\/www1.unicap.br\/assecom1\/integrantes-do-instituto-humanitas-unicap-participam-de-peregrinacao-no-interior-da-paraiba\/img_5935\/\" border=\"0\" itemprop=\"url\"> <meta itemprop=\"width\" content=\"116\"> <meta itemprop=\"height\" content=\"144\"> <img data-attachment-id=\"70906\" data-orig-file=\"https:\/\/www1.unicap.br\/assecom1\/wp-content\/uploads\/2017\/07\/IMG_5935.jpg\" data-orig-size=\"1024,1280\" data-comments-opened=\"1\" data-image-meta=\"{&quot;aperture&quot;:&quot;0&quot;,&quot;credit&quot;:&quot;&quot;,&quot;camera&quot;:&quot;&quot;,&quot;caption&quot;:&quot;&quot;,&quot;created_timestamp&quot;:&quot;0&quot;,&quot;copyright&quot;:&quot;&quot;,&quot;focal_length&quot;:&quot;0&quot;,&quot;iso&quot;:&quot;0&quot;,&quot;shutter_speed&quot;:&quot;0&quot;,&quot;title&quot;:&quot;&quot;,&quot;orientation&quot;:&quot;1&quot;}\" data-image-title=\"IMG_5935\" data-image-description=\"\" data-medium-file=\"https:\/\/i1.wp.com\/www1.unicap.br\/assecom1\/wp-content\/uploads\/2017\/07\/IMG_5935.jpg?fit=240%2C300&#038;ssl=1\" data-large-file=\"https:\/\/i1.wp.com\/www1.unicap.br\/assecom1\/wp-content\/uploads\/2017\/07\/IMG_5935.jpg?fit=640%2C800&#038;ssl=1\" src=\"https:\/\/i1.wp.com\/www1.unicap.br\/assecom1\/wp-content\/uploads\/2017\/07\/IMG_5935.jpg?w=116&#038;h=144&#038;crop&#038;ssl=1\" width=\"116\" height=\"144\" data-original-width=\"116\" data-original-height=\"144\" itemprop=\"http:\/\/schema.org\/image\" title=\"IMG_5935\" alt=\"IMG_5935\" style=\"width: 116px; height: 144px;\" \/> <\/a> <\/div> <\/div> <!-- close group --> <div class=\"gallery-group images-1\" style=\"width: 260px; height: 148px;\" data-original-width=\"260\" data-original-height=\"148\" > <div class=\"tiled-gallery-item tiled-gallery-item-large\" itemprop=\"associatedMedia\" itemscope itemtype=\"http:\/\/schema.org\/ImageObject\"> <a href=\"https:\/\/www1.unicap.br\/assecom1\/integrantes-do-instituto-humanitas-unicap-participam-de-peregrinacao-no-interior-da-paraiba\/img_5929\/\" border=\"0\" itemprop=\"url\"> <meta itemprop=\"width\" content=\"256\"> <meta itemprop=\"height\" content=\"144\"> <img data-attachment-id=\"70900\" data-orig-file=\"https:\/\/www1.unicap.br\/assecom1\/wp-content\/uploads\/2017\/07\/IMG_5929.jpg\" data-orig-size=\"1040,585\" data-comments-opened=\"1\" data-image-meta=\"{&quot;aperture&quot;:&quot;0&quot;,&quot;credit&quot;:&quot;&quot;,&quot;camera&quot;:&quot;&quot;,&quot;caption&quot;:&quot;&quot;,&quot;created_timestamp&quot;:&quot;0&quot;,&quot;copyright&quot;:&quot;&quot;,&quot;focal_length&quot;:&quot;0&quot;,&quot;iso&quot;:&quot;0&quot;,&quot;shutter_speed&quot;:&quot;0&quot;,&quot;title&quot;:&quot;&quot;,&quot;orientation&quot;:&quot;1&quot;}\" data-image-title=\"IMG_5929\" data-image-description=\"\" data-medium-file=\"https:\/\/i2.wp.com\/www1.unicap.br\/assecom1\/wp-content\/uploads\/2017\/07\/IMG_5929.jpg?fit=300%2C169&#038;ssl=1\" data-large-file=\"https:\/\/i2.wp.com\/www1.unicap.br\/assecom1\/wp-content\/uploads\/2017\/07\/IMG_5929.jpg?fit=640%2C360&#038;ssl=1\" src=\"https:\/\/i2.wp.com\/www1.unicap.br\/assecom1\/wp-content\/uploads\/2017\/07\/IMG_5929.jpg?w=256&#038;h=144&#038;crop&#038;ssl=1\" width=\"256\" height=\"144\" data-original-width=\"256\" data-original-height=\"144\" itemprop=\"http:\/\/schema.org\/image\" title=\"IMG_5929\" alt=\"IMG_5929\" style=\"width: 256px; height: 144px;\" \/> <\/a> <\/div> <\/div> <!-- close group --> <\/div> <!-- close row --> <\/div>\n<\/header>\n<header><\/header>\n","protected":false},"excerpt":{"rendered":"<p>At\u00e9 o pr\u00f3ximo dia 8 de julho, integrantes do Instituto Humanitas Unicap (IHU) viver\u00e3o uma experi\u00eancia \u00fanica de partilha e de rememora\u00e7\u00e3o de personalidades que marcaram a luta por justi\u00e7a social e solidariedade. Embarcaram na iniciativa do Grupo de Peregrinas e Peregrinos do Nordeste (GGPN), o professor do curso de Teologia Artur Peregrino e os [&hellip;]<\/p>\n","protected":false},"author":2,"featured_media":70914,"comment_status":"open","ping_status":"open","sticky":false,"template":"","format":"standard","meta":[],"categories":[4],"tags":[],"jetpack-related-posts":[],"_links":{"self":[{"href":"https:\/\/www1.unicap.br\/assecom1\/wp-json\/wp\/v2\/posts\/70898"}],"collection":[{"href":"https:\/\/www1.unicap.br\/assecom1\/wp-json\/wp\/v2\/posts"}],"about":[{"href":"https:\/\/www1.unicap.br\/assecom1\/wp-json\/wp\/v2\/types\/post"}],"author":[{"embeddable":true,"href":"https:\/\/www1.unicap.br\/assecom1\/wp-json\/wp\/v2\/users\/2"}],"replies":[{"embeddable":true,"href":"https:\/\/www1.unicap.br\/assecom1\/wp-json\/wp\/v2\/comments?post=70898"}],"version-history":[{"count":5,"href":"https:\/\/www1.unicap.br\/assecom1\/wp-json\/wp\/v2\/posts\/70898\/revisions"}],"predecessor-version":[{"id":70918,"href":"https:\/\/www1.unicap.br\/assecom1\/wp-json\/wp\/v2\/posts\/70898\/revisions\/70918"}],"wp:featuredmedia":[{"embeddable":true,"href":"https:\/\/www1.unicap.br\/assecom1\/wp-json\/wp\/v2\/media\/70914"}],"wp:attachment":[{"href":"https:\/\/www1.unicap.br\/assecom1\/wp-json\/wp\/v2\/media?parent=70898"}],"wp:term":[{"taxonomy":"category","embeddable":true,"href":"https:\/\/www1.unicap.br\/assecom1\/wp-json\/wp\/v2\/categories?post=70898"},{"taxonomy":"post_tag","embeddable":true,"href":"https:\/\/www1.unicap.br\/assecom1\/wp-json\/wp\/v2\/tags?post=70898"}],"curies":[{"name":"wp","href":"https:\/\/api.w.org\/{rel}","templated":true}]}}