{"id":65422,"date":"2016-12-17T13:07:19","date_gmt":"2016-12-17T16:07:19","guid":{"rendered":"http:\/\/www.unicap.br\/assecom1\/?p=65422"},"modified":"2016-12-17T13:07:19","modified_gmt":"2016-12-17T16:07:19","slug":"desvalorizacao-do-professor-e-tema-de-redacao-do-1o-dia-do-vestibular-2017-da-catolica","status":"publish","type":"post","link":"https:\/\/www1.unicap.br\/assecom1\/desvalorizacao-do-professor-e-tema-de-redacao-do-1o-dia-do-vestibular-2017-da-catolica\/","title":{"rendered":"Desvaloriza\u00e7\u00e3o do professor \u00e9 tema de Reda\u00e7\u00e3o do 1\u00ba dia do Vestibular 2017 da Cat\u00f3lica"},"content":{"rendered":"<p><img data-attachment-id=\"65438\" data-permalink=\"https:\/\/www1.unicap.br\/assecom1\/desvalorizacao-do-professor-e-tema-de-redacao-do-1o-dia-do-vestibular-2017-da-catolica\/img_3404\/\" data-orig-file=\"https:\/\/i2.wp.com\/www1.unicap.br\/assecom1\/wp-content\/uploads\/2016\/12\/IMG_3404-e1481990802512.jpg?fit=1598%2C1470&amp;ssl=1\" data-orig-size=\"1598,1470\" data-comments-opened=\"1\" data-image-meta=\"{&quot;aperture&quot;:&quot;2.4&quot;,&quot;credit&quot;:&quot;&quot;,&quot;camera&quot;:&quot;iPhone 5&quot;,&quot;caption&quot;:&quot;&quot;,&quot;created_timestamp&quot;:&quot;1481974965&quot;,&quot;copyright&quot;:&quot;&quot;,&quot;focal_length&quot;:&quot;4.12&quot;,&quot;iso&quot;:&quot;50&quot;,&quot;shutter_speed&quot;:&quot;0.05&quot;,&quot;title&quot;:&quot;&quot;,&quot;orientation&quot;:&quot;6&quot;}\" data-image-title=\"img_3404\" data-image-description=\"\" data-medium-file=\"https:\/\/i2.wp.com\/www1.unicap.br\/assecom1\/wp-content\/uploads\/2016\/12\/IMG_3404-e1481990802512.jpg?fit=300%2C276&amp;ssl=1\" data-large-file=\"https:\/\/i2.wp.com\/www1.unicap.br\/assecom1\/wp-content\/uploads\/2016\/12\/IMG_3404-e1481990802512.jpg?fit=640%2C589&amp;ssl=1\" loading=\"lazy\" class=\"alignleft wp-image-65438 size-large\" src=\"https:\/\/i1.wp.com\/www1.unicap.br\/assecom1\/wp-content\/uploads\/2016\/12\/IMG_3404-e1481990750446-788x1024.jpg?resize=640%2C832&#038;ssl=1\" alt=\"img_3404\" data-recalc-dims=\"1\" \/>A desvaloriza\u00e7\u00e3o do professor de magist\u00e9rio foi o tema da Reda\u00e7\u00e3o do primeiro dia do Vestibular 2017. O enunciado da quest\u00e3o continha uma imagem de contra-cheques e um desenho com profissionais de outras \u00e1reas apontado para a figura de uma mulher que havia sido professora deles. Ao lado, um breve texto que estimulava o candidato a refletir sobre o assunto e a desenvolver a Reda\u00e7\u00e3o a partir dessas coloca\u00e7\u00f5es.<\/p>\n<p>Al\u00e9m da Reda\u00e7\u00e3o, os<em> feras<\/em> (que n\u00e3o usaram a nota do Enem) fizeram provas de Portugu\u00eas, Matem\u00e1tica, Qu\u00edmica, F\u00edsica, Biologia, Hist\u00f3ria, Geografia e L\u00edngua Estrangeira. Foram quarenta quest\u00f5es, sendo cinco para cada disciplina. Do total de 2.448 candidatos inscritos para os cursos de Exatas e Humanas, 170 faltaram. Isso\u00a0corresponde a 6,9% de absten\u00e7\u00e3o.<\/p>\n<p>Vinte e seis candidatos solicitaram acompanhamento em regime especial. S\u00e3o casos de estudantes que est\u00e3o se recuperando de alguma cirurgia, amamentando ou possuem algum tipo de deficit de aten\u00e7\u00e3o diagnosticada e comprovada junto \u00e0 Comiss\u00e3o de Aplica\u00e7\u00e3o do Vestibular\u00a0(Coave). Neste domingo (18), outros 2.229 inscritos ir\u00e3o fazer provas para os cursos de Sa\u00fade. Medicina \u00e9 o curso mais concorrido de todo o Vestibular 2017 da Cat\u00f3lica com 33 candidatos por vaga. O processo seletivo disponibiliza 3.010 vagas em 32 cursos. O list\u00e3o com os aprovados ser\u00e1 divulgado at\u00e9 27 de dezembro.<\/p>\n<p>Assim como neste s\u00e1bado (17), amanh\u00e3 (18) as\u00a0provas ser\u00e3o aplicadas \u00e0s 8h no bloco G, mas a Coave recomenda que o <em>fera<\/em> chegue com at\u00e9 uma hora de anteced\u00eancia\u00a0e recomenda tamb\u00e9m que o candidato evite ao m\u00e1ximo trazer telefone celular. Caso seja imprescind\u00edvel, o aparelho dever\u00e1 estar desligado e se ele emitir qualquer sinal sonoro, mesmo que um simples despertador enquanto estiver desligado, o candidato ser\u00e1 eliminado do concurso sumariamente.\u00a0Al\u00e9m do cart\u00e3o de inscri\u00e7\u00e3o impresso e de documento oficial de identifica\u00e7\u00e3o com foto, o candidato precisa trazer caneta esferogr\u00e1fica de material transparente nas cores azul ou preta.<\/p>\n<div class=\"tiled-gallery type-rectangular tiled-gallery-unresized\" data-original-width=\"640\" data-carousel-extra='{&quot;blog_id&quot;:1,&quot;permalink&quot;:&quot;https:\\\/\\\/www1.unicap.br\\\/assecom1\\\/desvalorizacao-do-professor-e-tema-de-redacao-do-1o-dia-do-vestibular-2017-da-catolica\\\/&quot;,&quot;likes_blog_id&quot;:205082007}' itemscope itemtype=\"http:\/\/schema.org\/ImageGallery\" > <div class=\"gallery-row\" style=\"width: 640px; height: 321px;\" data-original-width=\"640\" data-original-height=\"321\" > <div class=\"gallery-group images-1\" style=\"width: 427px; height: 321px;\" data-original-width=\"427\" data-original-height=\"321\" > <div class=\"tiled-gallery-item tiled-gallery-item-large\" itemprop=\"associatedMedia\" itemscope itemtype=\"http:\/\/schema.org\/ImageObject\"> <a href=\"https:\/\/www1.unicap.br\/assecom1\/desvalorizacao-do-professor-e-tema-de-redacao-do-1o-dia-do-vestibular-2017-da-catolica\/img_3365\/\" border=\"0\" itemprop=\"url\"> <meta itemprop=\"width\" content=\"423\"> <meta itemprop=\"height\" content=\"317\"> <img data-attachment-id=\"65430\" data-orig-file=\"https:\/\/www1.unicap.br\/assecom1\/wp-content\/uploads\/2016\/12\/IMG_3365-e1481990617909.jpg\" data-orig-size=\"3264,2448\" data-comments-opened=\"1\" data-image-meta=\"{&quot;aperture&quot;:&quot;2.4&quot;,&quot;credit&quot;:&quot;&quot;,&quot;camera&quot;:&quot;iPhone 5&quot;,&quot;caption&quot;:&quot;&quot;,&quot;created_timestamp&quot;:&quot;1481966893&quot;,&quot;copyright&quot;:&quot;&quot;,&quot;focal_length&quot;:&quot;4.12&quot;,&quot;iso&quot;:&quot;160&quot;,&quot;shutter_speed&quot;:&quot;0.05&quot;,&quot;title&quot;:&quot;&quot;,&quot;orientation&quot;:&quot;3&quot;}\" data-image-title=\"img_3365\" data-image-description=\"\" data-medium-file=\"https:\/\/i2.wp.com\/www1.unicap.br\/assecom1\/wp-content\/uploads\/2016\/12\/IMG_3365-e1481990617909.jpg?fit=300%2C225&#038;ssl=1\" data-large-file=\"https:\/\/i2.wp.com\/www1.unicap.br\/assecom1\/wp-content\/uploads\/2016\/12\/IMG_3365-e1481990617909.jpg?fit=640%2C480&#038;ssl=1\" src=\"https:\/\/i2.wp.com\/www1.unicap.br\/assecom1\/wp-content\/uploads\/2016\/12\/IMG_3365-e1481990617909.jpg?w=423&#038;h=317&#038;crop&#038;ssl=1\" width=\"423\" height=\"317\" data-original-width=\"423\" data-original-height=\"317\" itemprop=\"http:\/\/schema.org\/image\" title=\"img_3365\" alt=\"img_3365\" style=\"width: 423px; height: 317px;\" \/> <\/a> <\/div> <\/div> <!-- close group --> <div class=\"gallery-group images-2\" style=\"width: 213px; height: 321px;\" data-original-width=\"213\" data-original-height=\"321\" > <div class=\"tiled-gallery-item tiled-gallery-item-small\" itemprop=\"associatedMedia\" itemscope itemtype=\"http:\/\/schema.org\/ImageObject\"> <a href=\"https:\/\/www1.unicap.br\/assecom1\/desvalorizacao-do-professor-e-tema-de-redacao-do-1o-dia-do-vestibular-2017-da-catolica\/img_3351\/\" border=\"0\" itemprop=\"url\"> <meta itemprop=\"width\" content=\"209\"> <meta itemprop=\"height\" content=\"157\"> <img data-attachment-id=\"65428\" data-orig-file=\"https:\/\/www1.unicap.br\/assecom1\/wp-content\/uploads\/2016\/12\/IMG_3351-e1481990638932.jpg\" data-orig-size=\"3264,2448\" data-comments-opened=\"1\" data-image-meta=\"{&quot;aperture&quot;:&quot;2.4&quot;,&quot;credit&quot;:&quot;&quot;,&quot;camera&quot;:&quot;iPhone 5&quot;,&quot;caption&quot;:&quot;&quot;,&quot;created_timestamp&quot;:&quot;1481966320&quot;,&quot;copyright&quot;:&quot;&quot;,&quot;focal_length&quot;:&quot;4.12&quot;,&quot;iso&quot;:&quot;160&quot;,&quot;shutter_speed&quot;:&quot;0.05&quot;,&quot;title&quot;:&quot;&quot;,&quot;orientation&quot;:&quot;3&quot;}\" data-image-title=\"img_3351\" data-image-description=\"\" data-medium-file=\"https:\/\/i2.wp.com\/www1.unicap.br\/assecom1\/wp-content\/uploads\/2016\/12\/IMG_3351-e1481990638932.jpg?fit=300%2C225&#038;ssl=1\" data-large-file=\"https:\/\/i2.wp.com\/www1.unicap.br\/assecom1\/wp-content\/uploads\/2016\/12\/IMG_3351-e1481990638932.jpg?fit=640%2C480&#038;ssl=1\" src=\"https:\/\/i2.wp.com\/www1.unicap.br\/assecom1\/wp-content\/uploads\/2016\/12\/IMG_3351-e1481990638932.jpg?w=209&#038;h=157&#038;crop&#038;ssl=1\" width=\"209\" height=\"157\" data-original-width=\"209\" data-original-height=\"157\" itemprop=\"http:\/\/schema.org\/image\" title=\"img_3351\" alt=\"img_3351\" style=\"width: 209px; height: 157px;\" \/> <\/a> <\/div> <div class=\"tiled-gallery-item tiled-gallery-item-small\" itemprop=\"associatedMedia\" itemscope itemtype=\"http:\/\/schema.org\/ImageObject\"> <a href=\"https:\/\/www1.unicap.br\/assecom1\/desvalorizacao-do-professor-e-tema-de-redacao-do-1o-dia-do-vestibular-2017-da-catolica\/img_3345\/\" border=\"0\" itemprop=\"url\"> <meta itemprop=\"width\" content=\"209\"> <meta itemprop=\"height\" content=\"156\"> <img data-attachment-id=\"65427\" data-orig-file=\"https:\/\/www1.unicap.br\/assecom1\/wp-content\/uploads\/2016\/12\/IMG_3345.jpg\" data-orig-size=\"3264,2448\" data-comments-opened=\"1\" data-image-meta=\"{&quot;aperture&quot;:&quot;2.4&quot;,&quot;credit&quot;:&quot;&quot;,&quot;camera&quot;:&quot;iPhone 5&quot;,&quot;caption&quot;:&quot;&quot;,&quot;created_timestamp&quot;:&quot;1481962745&quot;,&quot;copyright&quot;:&quot;&quot;,&quot;focal_length&quot;:&quot;4.12&quot;,&quot;iso&quot;:&quot;125&quot;,&quot;shutter_speed&quot;:&quot;0.05&quot;,&quot;title&quot;:&quot;&quot;,&quot;orientation&quot;:&quot;1&quot;}\" data-image-title=\"img_3345\" data-image-description=\"\" data-medium-file=\"https:\/\/i1.wp.com\/www1.unicap.br\/assecom1\/wp-content\/uploads\/2016\/12\/IMG_3345.jpg?fit=300%2C225&#038;ssl=1\" data-large-file=\"https:\/\/i1.wp.com\/www1.unicap.br\/assecom1\/wp-content\/uploads\/2016\/12\/IMG_3345.jpg?fit=640%2C480&#038;ssl=1\" src=\"https:\/\/i1.wp.com\/www1.unicap.br\/assecom1\/wp-content\/uploads\/2016\/12\/IMG_3345.jpg?w=209&#038;h=156&#038;crop&#038;ssl=1\" width=\"209\" height=\"156\" data-original-width=\"209\" data-original-height=\"156\" itemprop=\"http:\/\/schema.org\/image\" title=\"img_3345\" alt=\"img_3345\" style=\"width: 209px; height: 156px;\" \/> <\/a> <\/div> <\/div> <!-- close group --> <\/div> <!-- close row --> <div class=\"gallery-row\" style=\"width: 640px; height: 161px;\" data-original-width=\"640\" data-original-height=\"161\" > <div class=\"gallery-group images-1\" style=\"width: 214px; height: 161px;\" data-original-width=\"214\" data-original-height=\"161\" > <div class=\"tiled-gallery-item tiled-gallery-item-small\" itemprop=\"associatedMedia\" itemscope itemtype=\"http:\/\/schema.org\/ImageObject\"> <a href=\"https:\/\/www1.unicap.br\/assecom1\/desvalorizacao-do-professor-e-tema-de-redacao-do-1o-dia-do-vestibular-2017-da-catolica\/img_3399\/\" border=\"0\" itemprop=\"url\"> <meta itemprop=\"width\" content=\"210\"> <meta itemprop=\"height\" content=\"157\"> <img data-attachment-id=\"65435\" data-orig-file=\"https:\/\/www1.unicap.br\/assecom1\/wp-content\/uploads\/2016\/12\/IMG_3399-e1481990658171.jpg\" data-orig-size=\"3264,2448\" data-comments-opened=\"1\" data-image-meta=\"{&quot;aperture&quot;:&quot;2.4&quot;,&quot;credit&quot;:&quot;&quot;,&quot;camera&quot;:&quot;iPhone 5&quot;,&quot;caption&quot;:&quot;&quot;,&quot;created_timestamp&quot;:&quot;1481972589&quot;,&quot;copyright&quot;:&quot;&quot;,&quot;focal_length&quot;:&quot;4.12&quot;,&quot;iso&quot;:&quot;160&quot;,&quot;shutter_speed&quot;:&quot;0.05&quot;,&quot;title&quot;:&quot;&quot;,&quot;orientation&quot;:&quot;3&quot;}\" data-image-title=\"img_3399\" data-image-description=\"\" data-medium-file=\"https:\/\/i1.wp.com\/www1.unicap.br\/assecom1\/wp-content\/uploads\/2016\/12\/IMG_3399-e1481990658171.jpg?fit=300%2C225&#038;ssl=1\" data-large-file=\"https:\/\/i1.wp.com\/www1.unicap.br\/assecom1\/wp-content\/uploads\/2016\/12\/IMG_3399-e1481990658171.jpg?fit=640%2C480&#038;ssl=1\" src=\"https:\/\/i1.wp.com\/www1.unicap.br\/assecom1\/wp-content\/uploads\/2016\/12\/IMG_3399-e1481990658171.jpg?w=210&#038;h=157&#038;crop&#038;ssl=1\" width=\"210\" height=\"157\" data-original-width=\"210\" data-original-height=\"157\" itemprop=\"http:\/\/schema.org\/image\" title=\"img_3399\" alt=\"img_3399\" style=\"width: 210px; height: 157px;\" \/> <\/a> <\/div> <\/div> <!-- close group --> <div class=\"gallery-group images-1\" style=\"width: 213px; height: 161px;\" data-original-width=\"213\" data-original-height=\"161\" > <div class=\"tiled-gallery-item tiled-gallery-item-small\" itemprop=\"associatedMedia\" itemscope itemtype=\"http:\/\/schema.org\/ImageObject\"> <a href=\"https:\/\/www1.unicap.br\/assecom1\/desvalorizacao-do-professor-e-tema-de-redacao-do-1o-dia-do-vestibular-2017-da-catolica\/img_3373\/\" border=\"0\" itemprop=\"url\"> <meta itemprop=\"width\" content=\"209\"> <meta itemprop=\"height\" content=\"157\"> <img data-attachment-id=\"65432\" data-orig-file=\"https:\/\/www1.unicap.br\/assecom1\/wp-content\/uploads\/2016\/12\/IMG_3373-e1481990677209.jpg\" data-orig-size=\"3264,2448\" data-comments-opened=\"1\" data-image-meta=\"{&quot;aperture&quot;:&quot;2.4&quot;,&quot;credit&quot;:&quot;&quot;,&quot;camera&quot;:&quot;iPhone 5&quot;,&quot;caption&quot;:&quot;&quot;,&quot;created_timestamp&quot;:&quot;1481966954&quot;,&quot;copyright&quot;:&quot;&quot;,&quot;focal_length&quot;:&quot;4.12&quot;,&quot;iso&quot;:&quot;80&quot;,&quot;shutter_speed&quot;:&quot;0.05&quot;,&quot;title&quot;:&quot;&quot;,&quot;orientation&quot;:&quot;3&quot;}\" data-image-title=\"img_3373\" data-image-description=\"\" data-medium-file=\"https:\/\/i2.wp.com\/www1.unicap.br\/assecom1\/wp-content\/uploads\/2016\/12\/IMG_3373-e1481990677209.jpg?fit=300%2C225&#038;ssl=1\" data-large-file=\"https:\/\/i2.wp.com\/www1.unicap.br\/assecom1\/wp-content\/uploads\/2016\/12\/IMG_3373-e1481990677209.jpg?fit=640%2C480&#038;ssl=1\" src=\"https:\/\/i2.wp.com\/www1.unicap.br\/assecom1\/wp-content\/uploads\/2016\/12\/IMG_3373-e1481990677209.jpg?w=209&#038;h=157&#038;crop&#038;ssl=1\" width=\"209\" height=\"157\" data-original-width=\"209\" data-original-height=\"157\" itemprop=\"http:\/\/schema.org\/image\" title=\"img_3373\" alt=\"img_3373\" style=\"width: 209px; height: 157px;\" \/> <\/a> <\/div> <\/div> <!-- close group --> <div class=\"gallery-group images-1\" style=\"width: 213px; height: 161px;\" data-original-width=\"213\" data-original-height=\"161\" > <div class=\"tiled-gallery-item tiled-gallery-item-small\" itemprop=\"associatedMedia\" itemscope itemtype=\"http:\/\/schema.org\/ImageObject\"> <a href=\"https:\/\/www1.unicap.br\/assecom1\/desvalorizacao-do-professor-e-tema-de-redacao-do-1o-dia-do-vestibular-2017-da-catolica\/img_3339-2\/\" border=\"0\" itemprop=\"url\"> <meta itemprop=\"width\" content=\"209\"> <meta itemprop=\"height\" content=\"157\"> <img data-attachment-id=\"65425\" data-orig-file=\"https:\/\/www1.unicap.br\/assecom1\/wp-content\/uploads\/2016\/12\/IMG_3339.jpg\" data-orig-size=\"3264,2448\" data-comments-opened=\"1\" data-image-meta=\"{&quot;aperture&quot;:&quot;2.4&quot;,&quot;credit&quot;:&quot;&quot;,&quot;camera&quot;:&quot;iPhone 5&quot;,&quot;caption&quot;:&quot;&quot;,&quot;created_timestamp&quot;:&quot;1481962570&quot;,&quot;copyright&quot;:&quot;&quot;,&quot;focal_length&quot;:&quot;4.12&quot;,&quot;iso&quot;:&quot;160&quot;,&quot;shutter_speed&quot;:&quot;0.05&quot;,&quot;title&quot;:&quot;&quot;,&quot;orientation&quot;:&quot;3&quot;}\" data-image-title=\"img_3339\" data-image-description=\"\" data-medium-file=\"https:\/\/i0.wp.com\/www1.unicap.br\/assecom1\/wp-content\/uploads\/2016\/12\/IMG_3339.jpg?fit=300%2C225&#038;ssl=1\" data-large-file=\"https:\/\/i0.wp.com\/www1.unicap.br\/assecom1\/wp-content\/uploads\/2016\/12\/IMG_3339.jpg?fit=640%2C480&#038;ssl=1\" src=\"https:\/\/i0.wp.com\/www1.unicap.br\/assecom1\/wp-content\/uploads\/2016\/12\/IMG_3339.jpg?w=209&#038;h=157&#038;crop&#038;ssl=1\" width=\"209\" height=\"157\" data-original-width=\"209\" data-original-height=\"157\" itemprop=\"http:\/\/schema.org\/image\" title=\"img_3339\" alt=\"img_3339\" style=\"width: 209px; height: 157px;\" \/> <\/a> <\/div> <\/div> <!-- close group --> <\/div> <!-- close row --> <\/div>\n<p><strong>Jornada Portas Abertas<\/strong> \u2013 Os pais e acompanhantes dos <em>feras<\/em> que far\u00e3o as provas do Vestibular 2017 da Cat\u00f3lica v\u00e3o contar com uma programa\u00e7\u00e3o especial. A Jornada Portas Abertas vai oferecer, na Biblioteca Central, diversas atividades e servi\u00e7os. Al\u00e9m de um caf\u00e9 da manh\u00e3, haver\u00e1 avalia\u00e7\u00e3o pulmonar, avalia\u00e7\u00e3o metab\u00f3lica, exerc\u00edcios de relaxamento e oficina de psicologia. Funcion\u00e1rios da Cat\u00f3lica estar\u00e3o \u00e0 disposi\u00e7\u00e3o para tirar d\u00favidas e dar informa\u00e7\u00f5es sobre bolsas, financiamentos e interc\u00e2mbio. Outras informa\u00e7\u00f5es podem ser obtidas pelo telefone da Coave 2119-4143.<\/p>\n","protected":false},"excerpt":{"rendered":"<p>A desvaloriza\u00e7\u00e3o do professor de magist\u00e9rio foi o tema da Reda\u00e7\u00e3o do primeiro dia do Vestibular 2017. O enunciado da quest\u00e3o continha uma imagem de contra-cheques e um desenho com profissionais de outras \u00e1reas apontado para a figura de uma mulher que havia sido professora deles. Ao lado, um breve texto que estimulava o candidato [&hellip;]<\/p>\n","protected":false},"author":8,"featured_media":65438,"comment_status":"open","ping_status":"open","sticky":false,"template":"","format":"standard","meta":[],"categories":[4],"tags":[],"jetpack-related-posts":[],"_links":{"self":[{"href":"https:\/\/www1.unicap.br\/assecom1\/wp-json\/wp\/v2\/posts\/65422"}],"collection":[{"href":"https:\/\/www1.unicap.br\/assecom1\/wp-json\/wp\/v2\/posts"}],"about":[{"href":"https:\/\/www1.unicap.br\/assecom1\/wp-json\/wp\/v2\/types\/post"}],"author":[{"embeddable":true,"href":"https:\/\/www1.unicap.br\/assecom1\/wp-json\/wp\/v2\/users\/8"}],"replies":[{"embeddable":true,"href":"https:\/\/www1.unicap.br\/assecom1\/wp-json\/wp\/v2\/comments?post=65422"}],"version-history":[{"count":2,"href":"https:\/\/www1.unicap.br\/assecom1\/wp-json\/wp\/v2\/posts\/65422\/revisions"}],"predecessor-version":[{"id":65439,"href":"https:\/\/www1.unicap.br\/assecom1\/wp-json\/wp\/v2\/posts\/65422\/revisions\/65439"}],"wp:featuredmedia":[{"embeddable":true,"href":"https:\/\/www1.unicap.br\/assecom1\/wp-json\/wp\/v2\/media\/65438"}],"wp:attachment":[{"href":"https:\/\/www1.unicap.br\/assecom1\/wp-json\/wp\/v2\/media?parent=65422"}],"wp:term":[{"taxonomy":"category","embeddable":true,"href":"https:\/\/www1.unicap.br\/assecom1\/wp-json\/wp\/v2\/categories?post=65422"},{"taxonomy":"post_tag","embeddable":true,"href":"https:\/\/www1.unicap.br\/assecom1\/wp-json\/wp\/v2\/tags?post=65422"}],"curies":[{"name":"wp","href":"https:\/\/api.w.org\/{rel}","templated":true}]}}