{"id":64157,"date":"2016-11-04T18:53:01","date_gmt":"2016-11-04T21:53:01","guid":{"rendered":"http:\/\/www.unicap.br\/assecom1\/?p=64157"},"modified":"2016-11-04T18:53:01","modified_gmt":"2016-11-04T21:53:01","slug":"abertas-as-inscricoes-para-o-vestibular-2017-da-catolica","status":"publish","type":"post","link":"https:\/\/www1.unicap.br\/assecom1\/abertas-as-inscricoes-para-o-vestibular-2017-da-catolica\/","title":{"rendered":"Abertas as inscri\u00e7\u00f5es para o Vestibular 2017 da Cat\u00f3lica"},"content":{"rendered":"<p><img data-attachment-id=\"64163\" data-permalink=\"https:\/\/www1.unicap.br\/assecom1\/abertas-as-inscricoes-para-o-vestibular-2017-da-catolica\/unicap_vest_2017-oudoor_9x3m_2\/\" data-orig-file=\"https:\/\/i2.wp.com\/www1.unicap.br\/assecom1\/wp-content\/uploads\/2016\/11\/UNICAP_VEST_2017-OUDOOR_9x3m_2.jpg?fit=2048%2C683&amp;ssl=1\" data-orig-size=\"2048,683\" data-comments-opened=\"1\" data-image-meta=\"{&quot;aperture&quot;:&quot;0&quot;,&quot;credit&quot;:&quot;&quot;,&quot;camera&quot;:&quot;&quot;,&quot;caption&quot;:&quot;&quot;,&quot;created_timestamp&quot;:&quot;0&quot;,&quot;copyright&quot;:&quot;&quot;,&quot;focal_length&quot;:&quot;0&quot;,&quot;iso&quot;:&quot;0&quot;,&quot;shutter_speed&quot;:&quot;0&quot;,&quot;title&quot;:&quot;&quot;,&quot;orientation&quot;:&quot;0&quot;}\" data-image-title=\"unicap_vest_2017-oudoor_9x3m_2\" data-image-description=\"\" data-medium-file=\"https:\/\/i2.wp.com\/www1.unicap.br\/assecom1\/wp-content\/uploads\/2016\/11\/UNICAP_VEST_2017-OUDOOR_9x3m_2.jpg?fit=300%2C100&amp;ssl=1\" data-large-file=\"https:\/\/i2.wp.com\/www1.unicap.br\/assecom1\/wp-content\/uploads\/2016\/11\/UNICAP_VEST_2017-OUDOOR_9x3m_2.jpg?fit=640%2C214&amp;ssl=1\" loading=\"lazy\" class=\"alignnone wp-image-64163 size-large\" src=\"https:\/\/i2.wp.com\/www1.unicap.br\/assecom1\/wp-content\/uploads\/2016\/11\/UNICAP_VEST_2017-OUDOOR_9x3m_2.jpg?resize=640%2C214&#038;ssl=1\" alt=\"unicap_vest_2017-oudoor_9x3m_2\" srcset=\"https:\/\/i2.wp.com\/www1.unicap.br\/assecom1\/wp-content\/uploads\/2016\/11\/UNICAP_VEST_2017-OUDOOR_9x3m_2.jpg?resize=1024%2C342&amp;ssl=1 1024w, https:\/\/i2.wp.com\/www1.unicap.br\/assecom1\/wp-content\/uploads\/2016\/11\/UNICAP_VEST_2017-OUDOOR_9x3m_2.jpg?resize=300%2C100&amp;ssl=1 300w, https:\/\/i2.wp.com\/www1.unicap.br\/assecom1\/wp-content\/uploads\/2016\/11\/UNICAP_VEST_2017-OUDOOR_9x3m_2.jpg?resize=768%2C256&amp;ssl=1 768w, https:\/\/i2.wp.com\/www1.unicap.br\/assecom1\/wp-content\/uploads\/2016\/11\/UNICAP_VEST_2017-OUDOOR_9x3m_2.jpg?resize=50%2C17&amp;ssl=1 50w, https:\/\/i2.wp.com\/www1.unicap.br\/assecom1\/wp-content\/uploads\/2016\/11\/UNICAP_VEST_2017-OUDOOR_9x3m_2.jpg?w=2048&amp;ssl=1 2048w, https:\/\/i2.wp.com\/www1.unicap.br\/assecom1\/wp-content\/uploads\/2016\/11\/UNICAP_VEST_2017-OUDOOR_9x3m_2.jpg?w=1280&amp;ssl=1 1280w, https:\/\/i2.wp.com\/www1.unicap.br\/assecom1\/wp-content\/uploads\/2016\/11\/UNICAP_VEST_2017-OUDOOR_9x3m_2.jpg?w=1920&amp;ssl=1 1920w\" sizes=\"(max-width: 640px) 100vw, 640px\" data-recalc-dims=\"1\" \/><\/p>\n<p>Est\u00e3o abertas as inscri\u00e7\u00f5es para o Vestibular 2017 da Universidade cat\u00f3lica de Pernambuco. As provas ser\u00e3o realizadas nos dias 17 de dezembro (Humanas e Exatas) e 18 de dezembro (Sa\u00fade), das 8h \u00e0s 13h30 para quem vai fazer as provas objetivas e a reda\u00e7\u00e3o, e das 8h \u00e0s 11h30 para quem vai fazer somente as provas objetivas, usando a nota da reda\u00e7\u00e3o do Enem.<\/p>\n<p>Ser\u00e3o oferecidas 3.010 vagas para 32 cursos. As inscri\u00e7\u00f5es dever\u00e3o ser feitas pelo\u00a0<a href=\"http:\/\/www.unicap.br\/vestibular\" target=\"_blank\" data-saferedirecturl=\"https:\/\/www.google.com\/url?hl=pt-BR&amp;q=http:\/\/www.unicap.br\/vestibular&amp;source=gmail&amp;ust=1478041323532000&amp;usg=AFQjCNF6Cu6OcjmO7tXsnAVgcAKR4Ssq7g\">www.unicap.br\/vestibular<\/a>\u00a0<wbr \/>at\u00e9 o dia 7 de dezembro. A taxa \u00e9 de R$ 130. Os candidatos oriundos de escolas p\u00fablicas ter\u00e3o desconto de 50% e pagar\u00e3o R$ 65.<\/p>\n<p>Mais informa\u00e7\u00f5es pelo fone 2119.4143.<\/p>\n","protected":false},"excerpt":{"rendered":"<p>Est\u00e3o abertas as inscri\u00e7\u00f5es para o Vestibular 2017 da Universidade cat\u00f3lica de Pernambuco. As provas ser\u00e3o realizadas nos dias 17 de dezembro (Humanas e Exatas) e 18 de dezembro (Sa\u00fade), das 8h \u00e0s 13h30 para quem vai fazer as provas objetivas e a reda\u00e7\u00e3o, e das 8h \u00e0s 11h30 para quem vai fazer somente as [&hellip;]<\/p>\n","protected":false},"author":3,"featured_media":64163,"comment_status":"open","ping_status":"open","sticky":false,"template":"","format":"standard","meta":[],"categories":[4],"tags":[],"jetpack-related-posts":[],"_links":{"self":[{"href":"https:\/\/www1.unicap.br\/assecom1\/wp-json\/wp\/v2\/posts\/64157"}],"collection":[{"href":"https:\/\/www1.unicap.br\/assecom1\/wp-json\/wp\/v2\/posts"}],"about":[{"href":"https:\/\/www1.unicap.br\/assecom1\/wp-json\/wp\/v2\/types\/post"}],"author":[{"embeddable":true,"href":"https:\/\/www1.unicap.br\/assecom1\/wp-json\/wp\/v2\/users\/3"}],"replies":[{"embeddable":true,"href":"https:\/\/www1.unicap.br\/assecom1\/wp-json\/wp\/v2\/comments?post=64157"}],"version-history":[{"count":1,"href":"https:\/\/www1.unicap.br\/assecom1\/wp-json\/wp\/v2\/posts\/64157\/revisions"}],"predecessor-version":[{"id":64164,"href":"https:\/\/www1.unicap.br\/assecom1\/wp-json\/wp\/v2\/posts\/64157\/revisions\/64164"}],"wp:featuredmedia":[{"embeddable":true,"href":"https:\/\/www1.unicap.br\/assecom1\/wp-json\/wp\/v2\/media\/64163"}],"wp:attachment":[{"href":"https:\/\/www1.unicap.br\/assecom1\/wp-json\/wp\/v2\/media?parent=64157"}],"wp:term":[{"taxonomy":"category","embeddable":true,"href":"https:\/\/www1.unicap.br\/assecom1\/wp-json\/wp\/v2\/categories?post=64157"},{"taxonomy":"post_tag","embeddable":true,"href":"https:\/\/www1.unicap.br\/assecom1\/wp-json\/wp\/v2\/tags?post=64157"}],"curies":[{"name":"wp","href":"https:\/\/api.w.org\/{rel}","templated":true}]}}