{"id":62503,"date":"2016-09-28T21:58:20","date_gmt":"2016-09-29T00:58:20","guid":{"rendered":"http:\/\/www.unicap.br\/assecom1\/?p=62503"},"modified":"2016-09-29T13:01:51","modified_gmt":"2016-09-29T16:01:51","slug":"encontro-de-jornalismo-com-o-canal-futura-aconteceu-na-catolica","status":"publish","type":"post","link":"https:\/\/www1.unicap.br\/assecom1\/encontro-de-jornalismo-com-o-canal-futura-aconteceu-na-catolica\/","title":{"rendered":"Cat\u00f3lica sediou encontro promovido pelo Canal Futura"},"content":{"rendered":"<p><img data-attachment-id=\"62562\" data-permalink=\"https:\/\/www1.unicap.br\/assecom1\/encontro-de-jornalismo-com-o-canal-futura-aconteceu-na-catolica\/foto-povo\/\" data-orig-file=\"https:\/\/i0.wp.com\/www1.unicap.br\/assecom1\/wp-content\/uploads\/2016\/09\/foto-povo.jpg?fit=980%2C653&amp;ssl=1\" data-orig-size=\"980,653\" data-comments-opened=\"1\" data-image-meta=\"{&quot;aperture&quot;:&quot;3.5&quot;,&quot;credit&quot;:&quot;&quot;,&quot;camera&quot;:&quot;Canon EOS 7D Mark II&quot;,&quot;caption&quot;:&quot;&quot;,&quot;created_timestamp&quot;:&quot;1474555756&quot;,&quot;copyright&quot;:&quot;&quot;,&quot;focal_length&quot;:&quot;18&quot;,&quot;iso&quot;:&quot;3200&quot;,&quot;shutter_speed&quot;:&quot;0.008&quot;,&quot;title&quot;:&quot;&quot;,&quot;orientation&quot;:&quot;0&quot;}\" data-image-title=\"foto-povo\" data-image-description=\"\" data-medium-file=\"https:\/\/i0.wp.com\/www1.unicap.br\/assecom1\/wp-content\/uploads\/2016\/09\/foto-povo.jpg?fit=300%2C200&amp;ssl=1\" data-large-file=\"https:\/\/i0.wp.com\/www1.unicap.br\/assecom1\/wp-content\/uploads\/2016\/09\/foto-povo.jpg?fit=640%2C426&amp;ssl=1\" loading=\"lazy\" class=\"aligncenter size-full wp-image-62562\" src=\"https:\/\/i0.wp.com\/www1.unicap.br\/assecom1\/wp-content\/uploads\/2016\/09\/foto-povo.jpg?resize=640%2C426&#038;ssl=1\" alt=\"foto-povo\" srcset=\"https:\/\/i0.wp.com\/www1.unicap.br\/assecom1\/wp-content\/uploads\/2016\/09\/foto-povo.jpg?w=980&amp;ssl=1 980w, https:\/\/i0.wp.com\/www1.unicap.br\/assecom1\/wp-content\/uploads\/2016\/09\/foto-povo.jpg?resize=300%2C200&amp;ssl=1 300w, https:\/\/i0.wp.com\/www1.unicap.br\/assecom1\/wp-content\/uploads\/2016\/09\/foto-povo.jpg?resize=768%2C512&amp;ssl=1 768w, https:\/\/i0.wp.com\/www1.unicap.br\/assecom1\/wp-content\/uploads\/2016\/09\/foto-povo.jpg?resize=50%2C33&amp;ssl=1 50w\" sizes=\"(max-width: 640px) 100vw, 640px\" data-recalc-dims=\"1\" \/>A Universidade Cat\u00f3lica de Pernambuco sediou, nos dias 22 e 23 de setembro, o Encontro Regional de Jornalismo em Rede. O evento contou com a participa\u00e7\u00e3o da gerente de Mobiliza\u00e7\u00e3o do Canal Futura, Ana Paula Brand\u00e3o; do coordenador de Jornalismo e M\u00eddias Digitais do Futura e professor de Telejornalismo\u00a0da ESPM-Rio, Jos\u00e9 Brito; da gerente de Desenvolvimento Institucional da Globo, Viridiana Bertolini; e do jornalista e professor do Departamento de Comunica\u00e7\u00e3o Social da Universidade do Estado do Rio\u00a0Grande do Norte Esdras Marchezan,<\/p>\n<p>A Pr\u00f3-Reitora Acad\u00eamica da Unicap, Aline Grego, deu as boas-vindas aos participantes e destacou a import\u00e2ncia da parceria\u00a0da Cat\u00f3lica com o Canal Futura.<\/p>\n<p>A programa\u00e7\u00e3o come\u00e7ou com a gerente de Mobiliza\u00e7\u00e3o do Canal Futura,\u00a0Ana Paula Brand\u00e3o, abordando o tema &#8220;A Cena Contempor\u00e2nea do Futura e suas pr\u00e1ticas dial\u00f3gicas&#8221;. Ela mostrou onde est\u00e1 o Futura no atual momento do Brasil e os cen\u00e1rios e oportunidades para o jornalismo, m\u00eddias digitais e mobiliza\u00e7\u00e3o. O futuro do canal foi bastante debatido junto a propostas, entre elas, a probabilidade de come\u00e7arem um live e produtos exclusivos para a web.<\/p>\n<p><img data-attachment-id=\"62564\" data-permalink=\"https:\/\/www1.unicap.br\/assecom1\/encontro-de-jornalismo-com-o-canal-futura-aconteceu-na-catolica\/professor-de-telejornalismo\/\" data-orig-file=\"https:\/\/i1.wp.com\/www1.unicap.br\/assecom1\/wp-content\/uploads\/2016\/09\/professor-de-telejornalismo.jpg?fit=980%2C653&amp;ssl=1\" data-orig-size=\"980,653\" data-comments-opened=\"1\" data-image-meta=\"{&quot;aperture&quot;:&quot;5.6&quot;,&quot;credit&quot;:&quot;&quot;,&quot;camera&quot;:&quot;Canon EOS 7D Mark II&quot;,&quot;caption&quot;:&quot;&quot;,&quot;created_timestamp&quot;:&quot;1474557901&quot;,&quot;copyright&quot;:&quot;&quot;,&quot;focal_length&quot;:&quot;135&quot;,&quot;iso&quot;:&quot;6400&quot;,&quot;shutter_speed&quot;:&quot;0.01&quot;,&quot;title&quot;:&quot;&quot;,&quot;orientation&quot;:&quot;0&quot;}\" data-image-title=\"professor-de-telejornalismo\" data-image-description=\"\" data-medium-file=\"https:\/\/i1.wp.com\/www1.unicap.br\/assecom1\/wp-content\/uploads\/2016\/09\/professor-de-telejornalismo.jpg?fit=300%2C200&amp;ssl=1\" data-large-file=\"https:\/\/i1.wp.com\/www1.unicap.br\/assecom1\/wp-content\/uploads\/2016\/09\/professor-de-telejornalismo.jpg?fit=640%2C426&amp;ssl=1\" loading=\"lazy\" class=\"alignleft wp-image-62564 size-medium\" src=\"https:\/\/i1.wp.com\/www1.unicap.br\/assecom1\/wp-content\/uploads\/2016\/09\/professor-de-telejornalismo.jpg?resize=300%2C200&#038;ssl=1\" alt=\"professor-de-telejornalismo\" srcset=\"https:\/\/i1.wp.com\/www1.unicap.br\/assecom1\/wp-content\/uploads\/2016\/09\/professor-de-telejornalismo.jpg?resize=300%2C200&amp;ssl=1 300w, https:\/\/i1.wp.com\/www1.unicap.br\/assecom1\/wp-content\/uploads\/2016\/09\/professor-de-telejornalismo.jpg?resize=768%2C512&amp;ssl=1 768w, https:\/\/i1.wp.com\/www1.unicap.br\/assecom1\/wp-content\/uploads\/2016\/09\/professor-de-telejornalismo.jpg?resize=50%2C33&amp;ssl=1 50w, https:\/\/i1.wp.com\/www1.unicap.br\/assecom1\/wp-content\/uploads\/2016\/09\/professor-de-telejornalismo.jpg?w=980&amp;ssl=1 980w\" sizes=\"(max-width: 300px) 100vw, 300px\" data-recalc-dims=\"1\" \/>Em seguida, o professor Jos\u00e9 Brito iniciou sua apresenta\u00e7\u00e3o com provoca\u00e7\u00f5es como: &#8220;Quem faz parte de mais quatro redes sociais?&#8221; e &#8220;Quem assiste \u00e0 TV com o celular na m\u00e3o?&#8221;. Depois afirmou: &#8220;A converg\u00eancia n\u00e3o est\u00e1 no meio, est\u00e1 em cada indiv\u00edduo&#8221;. H\u00e1 antes de tudo, a cultura da converg\u00eancia, n\u00e3o s\u00f3 o mundo mudou, como o jeito de receber e transmitir informa\u00e7\u00e3o. O s\u00e9culo XXI j\u00e1 \u00e9 chamado, por muitos, como a era digital, onde a tecnologia vem \u00e0 frente de tudo. Ent\u00e3o, como mesmo provocou o professor: &#8221; Seja visto, seja lembrado&#8221;. Segundo dados do Google, ao total, s\u00e3o 120 milh\u00f5es de brasileiros conectados, 100 milh\u00f5es de v\u00eddeos online por minuto e 76 milh\u00f5es de &#8220;multi screens&#8221;. H\u00e1, com isso, a adapta\u00e7\u00e3o para as demandas de hoje. &#8220;O mobile n\u00e3o \u00e9 s\u00f3 uma tecnologia, mas um comportamento&#8221;. Brito finalizou sua apresenta\u00e7\u00e3o, com a cita\u00e7\u00e3o de Milton Nascimento que diz: &#8220;O artista tem que ir onde o povo est\u00e1&#8221;.<\/p>\n<p><img data-attachment-id=\"62563\" data-permalink=\"https:\/\/www1.unicap.br\/assecom1\/encontro-de-jornalismo-com-o-canal-futura-aconteceu-na-catolica\/viridiana\/\" data-orig-file=\"https:\/\/i0.wp.com\/www1.unicap.br\/assecom1\/wp-content\/uploads\/2016\/09\/viridiana.jpg?fit=980%2C653&amp;ssl=1\" data-orig-size=\"980,653\" data-comments-opened=\"1\" data-image-meta=\"{&quot;aperture&quot;:&quot;5.6&quot;,&quot;credit&quot;:&quot;&quot;,&quot;camera&quot;:&quot;Canon EOS 7D Mark II&quot;,&quot;caption&quot;:&quot;&quot;,&quot;created_timestamp&quot;:&quot;1474556166&quot;,&quot;copyright&quot;:&quot;&quot;,&quot;focal_length&quot;:&quot;122&quot;,&quot;iso&quot;:&quot;6400&quot;,&quot;shutter_speed&quot;:&quot;0.01&quot;,&quot;title&quot;:&quot;&quot;,&quot;orientation&quot;:&quot;0&quot;}\" data-image-title=\"viridiana\" data-image-description=\"\" data-medium-file=\"https:\/\/i0.wp.com\/www1.unicap.br\/assecom1\/wp-content\/uploads\/2016\/09\/viridiana.jpg?fit=300%2C200&amp;ssl=1\" data-large-file=\"https:\/\/i0.wp.com\/www1.unicap.br\/assecom1\/wp-content\/uploads\/2016\/09\/viridiana.jpg?fit=640%2C426&amp;ssl=1\" loading=\"lazy\" class=\"alignright size-medium wp-image-62563\" src=\"https:\/\/i0.wp.com\/www1.unicap.br\/assecom1\/wp-content\/uploads\/2016\/09\/viridiana.jpg?resize=300%2C200&#038;ssl=1\" alt=\"viridiana\" srcset=\"https:\/\/i0.wp.com\/www1.unicap.br\/assecom1\/wp-content\/uploads\/2016\/09\/viridiana.jpg?resize=300%2C200&amp;ssl=1 300w, https:\/\/i0.wp.com\/www1.unicap.br\/assecom1\/wp-content\/uploads\/2016\/09\/viridiana.jpg?resize=768%2C512&amp;ssl=1 768w, https:\/\/i0.wp.com\/www1.unicap.br\/assecom1\/wp-content\/uploads\/2016\/09\/viridiana.jpg?resize=50%2C33&amp;ssl=1 50w, https:\/\/i0.wp.com\/www1.unicap.br\/assecom1\/wp-content\/uploads\/2016\/09\/viridiana.jpg?w=980&amp;ssl=1 980w\" sizes=\"(max-width: 300px) 100vw, 300px\" data-recalc-dims=\"1\" \/>O encontro seguiu com Veridiana Bertolini, gerente de Desenvolvimento Institucional da Globo, desde 1999, e respons\u00e1vel pelo Globo Universidade. Ela mostrou o case do GloboLab &#8211; laborat\u00f3rio de ideias da Globo, que visa captar talentos. O projeto est\u00e1 em andamento desde novembro de 2015. Falou tamb\u00e9m sobre o projeto &#8220;Vozes do Velho Chico&#8221;. Bertolini\u00a0 comentou ainda sobre a necessidade de conhecer profundamente as juventudes brasileiras para saber o modo de se articular com as mesmas. Segundo ela, os jovens querem ser, cada vez mais, protagonistas da\u00a0pr\u00f3pria hist\u00f3ria. Ressaltou tamb\u00e9m a import\u00e2ncia da troca de experi\u00eancias, construindo assim, uma gera\u00e7\u00e3o de produtores.<\/p>\n<p><img data-attachment-id=\"62561\" data-permalink=\"https:\/\/www1.unicap.br\/assecom1\/encontro-de-jornalismo-com-o-canal-futura-aconteceu-na-catolica\/reporter-na-rua\/\" data-orig-file=\"https:\/\/i0.wp.com\/www1.unicap.br\/assecom1\/wp-content\/uploads\/2016\/09\/reporter-na-rua.jpg?fit=980%2C653&amp;ssl=1\" data-orig-size=\"980,653\" data-comments-opened=\"1\" data-image-meta=\"{&quot;aperture&quot;:&quot;5.6&quot;,&quot;credit&quot;:&quot;&quot;,&quot;camera&quot;:&quot;Canon EOS 7D Mark II&quot;,&quot;caption&quot;:&quot;&quot;,&quot;created_timestamp&quot;:&quot;1474566393&quot;,&quot;copyright&quot;:&quot;&quot;,&quot;focal_length&quot;:&quot;96&quot;,&quot;iso&quot;:&quot;3200&quot;,&quot;shutter_speed&quot;:&quot;0.016666666666667&quot;,&quot;title&quot;:&quot;&quot;,&quot;orientation&quot;:&quot;0&quot;}\" data-image-title=\"reporter-na-rua\" data-image-description=\"\" data-medium-file=\"https:\/\/i0.wp.com\/www1.unicap.br\/assecom1\/wp-content\/uploads\/2016\/09\/reporter-na-rua.jpg?fit=300%2C200&amp;ssl=1\" data-large-file=\"https:\/\/i0.wp.com\/www1.unicap.br\/assecom1\/wp-content\/uploads\/2016\/09\/reporter-na-rua.jpg?fit=640%2C426&amp;ssl=1\" loading=\"lazy\" class=\"alignleft wp-image-62561 size-medium\" src=\"https:\/\/i0.wp.com\/www1.unicap.br\/assecom1\/wp-content\/uploads\/2016\/09\/reporter-na-rua.jpg?resize=300%2C200&#038;ssl=1\" alt=\"reporter-na-rua\" srcset=\"https:\/\/i0.wp.com\/www1.unicap.br\/assecom1\/wp-content\/uploads\/2016\/09\/reporter-na-rua.jpg?resize=300%2C200&amp;ssl=1 300w, https:\/\/i0.wp.com\/www1.unicap.br\/assecom1\/wp-content\/uploads\/2016\/09\/reporter-na-rua.jpg?resize=768%2C512&amp;ssl=1 768w, https:\/\/i0.wp.com\/www1.unicap.br\/assecom1\/wp-content\/uploads\/2016\/09\/reporter-na-rua.jpg?resize=50%2C33&amp;ssl=1 50w, https:\/\/i0.wp.com\/www1.unicap.br\/assecom1\/wp-content\/uploads\/2016\/09\/reporter-na-rua.jpg?w=980&amp;ssl=1 980w\" sizes=\"(max-width: 300px) 100vw, 300px\" data-recalc-dims=\"1\" \/>O jornalista e professor Esdras Marchezan comentou sobre o transm\u00eddia, no seu projeto &#8220;Rep\u00f3rter de Rua&#8221;,\u00a0onde h\u00e1, em diferentes\u00a0m\u00eddias, conte\u00fados variados para o p\u00fablico de forma que os meios se complementem. Afinal,\u00a0se o p\u00fablico utilizar apenas um canal ter\u00e1 apenas a mensagem parcial do assunto em quest\u00e3o,\u00a0j\u00e1 que a transm\u00eddia induz ao ato de contar hist\u00f3rias atrav\u00e9s de v\u00e1rias m\u00eddias, com um conte\u00fado\u00a0espec\u00edfico para cada uma.<\/p>\n<p>O jornalista comentou tamb\u00e9m um ponto que \u00e9 de extrema import\u00e2ncia ressaltar: \u201cSer\u00a0a voz de quem n\u00e3o tem voz\u201d. Em uma de suas mat\u00e9rias especiais, o entrevistado que passava por\u00a0condi\u00e7\u00f5es miser\u00e1veis e poderia vir a falecer a qualquer momento trabalhando no t\u00fanel em que\u00a0se encontrava perguntou ao jornalista se ao publicar a mat\u00e9ria iria melhorar as\u00a0condi\u00e7\u00f5es de vida e trabalho dele. Com isso, pode-se perceber n\u00e3o s\u00f3 a esperan\u00e7a que os\u00a0entrevistados t\u00eam diante do trabalho dos jornalistas, como a depend\u00eancia de mostrar o que\u00a0est\u00e1 acontecendo, realidades vividas de quem, por muitas vezes, \u00e9 esquecido.<\/p>\n","protected":false},"excerpt":{"rendered":"<p>A Universidade Cat\u00f3lica de Pernambuco sediou, nos dias 22 e 23 de setembro, o Encontro Regional de Jornalismo em Rede. O evento contou com a participa\u00e7\u00e3o da gerente de Mobiliza\u00e7\u00e3o do Canal Futura, Ana Paula Brand\u00e3o; do coordenador de Jornalismo e M\u00eddias Digitais do Futura e professor de Telejornalismo\u00a0da ESPM-Rio, Jos\u00e9 Brito; da gerente de [&hellip;]<\/p>\n","protected":false},"author":71,"featured_media":62562,"comment_status":"open","ping_status":"open","sticky":false,"template":"","format":"standard","meta":[],"categories":[4],"tags":[],"jetpack-related-posts":[],"_links":{"self":[{"href":"https:\/\/www1.unicap.br\/assecom1\/wp-json\/wp\/v2\/posts\/62503"}],"collection":[{"href":"https:\/\/www1.unicap.br\/assecom1\/wp-json\/wp\/v2\/posts"}],"about":[{"href":"https:\/\/www1.unicap.br\/assecom1\/wp-json\/wp\/v2\/types\/post"}],"author":[{"embeddable":true,"href":"https:\/\/www1.unicap.br\/assecom1\/wp-json\/wp\/v2\/users\/71"}],"replies":[{"embeddable":true,"href":"https:\/\/www1.unicap.br\/assecom1\/wp-json\/wp\/v2\/comments?post=62503"}],"version-history":[{"count":8,"href":"https:\/\/www1.unicap.br\/assecom1\/wp-json\/wp\/v2\/posts\/62503\/revisions"}],"predecessor-version":[{"id":62580,"href":"https:\/\/www1.unicap.br\/assecom1\/wp-json\/wp\/v2\/posts\/62503\/revisions\/62580"}],"wp:featuredmedia":[{"embeddable":true,"href":"https:\/\/www1.unicap.br\/assecom1\/wp-json\/wp\/v2\/media\/62562"}],"wp:attachment":[{"href":"https:\/\/www1.unicap.br\/assecom1\/wp-json\/wp\/v2\/media?parent=62503"}],"wp:term":[{"taxonomy":"category","embeddable":true,"href":"https:\/\/www1.unicap.br\/assecom1\/wp-json\/wp\/v2\/categories?post=62503"},{"taxonomy":"post_tag","embeddable":true,"href":"https:\/\/www1.unicap.br\/assecom1\/wp-json\/wp\/v2\/tags?post=62503"}],"curies":[{"name":"wp","href":"https:\/\/api.w.org\/{rel}","templated":true}]}}