{"id":62269,"date":"2016-09-15T17:07:09","date_gmt":"2016-09-15T20:07:09","guid":{"rendered":"http:\/\/www.unicap.br\/assecom1\/?p=62269"},"modified":"2016-09-15T17:07:09","modified_gmt":"2016-09-15T20:07:09","slug":"museu-de-arqueologia-lanca-colecao-de-livros-paradidaticos-sobre-o-patrimonio-do-recife","status":"publish","type":"post","link":"https:\/\/www1.unicap.br\/assecom1\/museu-de-arqueologia-lanca-colecao-de-livros-paradidaticos-sobre-o-patrimonio-do-recife\/","title":{"rendered":"Museu de Arqueologia lan\u00e7a cole\u00e7\u00e3o de livros paradid\u00e1ticos sobre o patrim\u00f4nio do Recife"},"content":{"rendered":"<p>O Museu de Arqueologia da Universidade Cat\u00f3lica de Pernambuco lan\u00e7ou, nesta quarta-feira (14), a cole\u00e7\u00e3o de livros paradid\u00e1ticos &#8220;A hist\u00f3ria do Recife contada pelos seus patrim\u00f4nios&#8221;. \u00a0Os livros s\u00e3o\u00a0direcionados para o p\u00fablico infantojuvenil. A cole\u00e7\u00e3o cont\u00e9m seis publica\u00e7\u00f5es, que t\u00eam como um dos principais objetivos despertar o interesse das crian\u00e7as para a hist\u00f3ria do Recife e apresentar\u00a0elementos hist\u00f3ricos da cidade, contando suas hist\u00f3rias e curiosidades.\u00a0Os livros s\u00e3o de autoria da professora Maria do Carmo Caldas, coordenadora do Museu, juntamente com alguns alunos do curso de Hist\u00f3ria da Unicap, da UFPE e da Rural, e t\u00eam o patroc\u00ednio do Instituto Brasileiro de Museus.<\/p>\n<p>O evento contou com a participa\u00e7\u00e3o da superintendente do Iphan, Renata Duarte Borba, que fez palestra sobre &#8220;A Educa\u00e7\u00e3o Patrimonial como pr\u00e1tica sustent\u00e1vel de salvaguarda do patrim\u00f4nio cultural&#8221;. Em seguida, a professora Maria do Carmo apresentou a cole\u00e7\u00e3o, contando inicialmente como foi o processo de cria\u00e7\u00e3o dos livros, as transforma\u00e7\u00f5es dos textos para a linguagem mais infantil e a cria\u00e7\u00e3o das ilustra\u00e7\u00e3o. O evento contou com a presen\u00e7a do Reitor, Padre Pedro Rubens, e da Pr\u00f3-reitora Acad\u00eamica, Aline Grego.<\/p>\n<p>&nbsp;<\/p>\n","protected":false},"excerpt":{"rendered":"<p>O Museu de Arqueologia da Universidade Cat\u00f3lica de Pernambuco lan\u00e7ou, nesta quarta-feira (14), a cole\u00e7\u00e3o de livros paradid\u00e1ticos &#8220;A hist\u00f3ria do Recife contada pelos seus patrim\u00f4nios&#8221;. \u00a0Os livros s\u00e3o\u00a0direcionados para o p\u00fablico infantojuvenil. A cole\u00e7\u00e3o cont\u00e9m seis publica\u00e7\u00f5es, que t\u00eam como um dos principais objetivos despertar o interesse das crian\u00e7as para a hist\u00f3ria do Recife [&hellip;]<\/p>\n","protected":false},"author":72,"featured_media":0,"comment_status":"open","ping_status":"open","sticky":false,"template":"","format":"standard","meta":[],"categories":[4],"tags":[],"jetpack-related-posts":[],"_links":{"self":[{"href":"https:\/\/www1.unicap.br\/assecom1\/wp-json\/wp\/v2\/posts\/62269"}],"collection":[{"href":"https:\/\/www1.unicap.br\/assecom1\/wp-json\/wp\/v2\/posts"}],"about":[{"href":"https:\/\/www1.unicap.br\/assecom1\/wp-json\/wp\/v2\/types\/post"}],"author":[{"embeddable":true,"href":"https:\/\/www1.unicap.br\/assecom1\/wp-json\/wp\/v2\/users\/72"}],"replies":[{"embeddable":true,"href":"https:\/\/www1.unicap.br\/assecom1\/wp-json\/wp\/v2\/comments?post=62269"}],"version-history":[{"count":3,"href":"https:\/\/www1.unicap.br\/assecom1\/wp-json\/wp\/v2\/posts\/62269\/revisions"}],"predecessor-version":[{"id":62297,"href":"https:\/\/www1.unicap.br\/assecom1\/wp-json\/wp\/v2\/posts\/62269\/revisions\/62297"}],"wp:attachment":[{"href":"https:\/\/www1.unicap.br\/assecom1\/wp-json\/wp\/v2\/media?parent=62269"}],"wp:term":[{"taxonomy":"category","embeddable":true,"href":"https:\/\/www1.unicap.br\/assecom1\/wp-json\/wp\/v2\/categories?post=62269"},{"taxonomy":"post_tag","embeddable":true,"href":"https:\/\/www1.unicap.br\/assecom1\/wp-json\/wp\/v2\/tags?post=62269"}],"curies":[{"name":"wp","href":"https:\/\/api.w.org\/{rel}","templated":true}]}}