{"id":61112,"date":"2016-08-08T18:48:19","date_gmt":"2016-08-08T21:48:19","guid":{"rendered":"http:\/\/www.unicap.br\/assecom1\/?p=61112"},"modified":"2016-08-09T08:09:49","modified_gmt":"2016-08-09T11:09:49","slug":"catolica-vai-sediar-o-1o-encontro-dialogos-de-familia","status":"publish","type":"post","link":"https:\/\/www1.unicap.br\/assecom1\/catolica-vai-sediar-o-1o-encontro-dialogos-de-familia\/","title":{"rendered":"Cat\u00f3lica vai sediar o 1\u00ba Encontro Di\u00e1logos de Fam\u00edlia"},"content":{"rendered":"<p style=\"text-align: justify\">A Universidade Cat\u00f3lica de Pernambuco vai sediar, nos dias 15 e 16 de agosto, o 1\u00ba Encontro Di\u00e1logos de Fam\u00edlia, promovido pelo Tribunal de Justi\u00e7a de Pernambuco, Instituto Brasileiro de Direito de Fam\u00edlia e Unicap.<\/p>\n<p style=\"text-align: justify\">O Direito de Fam\u00edlia e o Estatuto da Pessoa com Defici\u00eancia; A\u00e7\u00f5es de Fam\u00edlia no novo C\u00f3digo de Processo Civil; e Responsabilidade Civil nas Rela\u00e7\u00f5es Familiares s\u00e3o alguns dos temas que ser\u00e3o explorados no evento.<\/p>\n<p style=\"text-align: justify\">Confira a programa\u00e7\u00e3o:<\/p>\n<figure id=\"attachment_61116\" aria-describedby=\"caption-attachment-61116\" style=\"width: 713px\" class=\"wp-caption aligncenter\"><a href=\"http:\/\/ibdfam.org.br\/dialogosdefamilia\/\" target=\"_blank\"><img data-attachment-id=\"61116\" data-permalink=\"https:\/\/www1.unicap.br\/assecom1\/catolica-vai-sediar-o-1o-encontro-dialogos-de-familia\/dialogos-em-familia-3\/\" data-orig-file=\"https:\/\/i2.wp.com\/www1.unicap.br\/assecom1\/wp-content\/uploads\/2016\/08\/Dialogos-em-familia-e1470666005486.jpg?fit=765%2C233&amp;ssl=1\" data-orig-size=\"765,233\" data-comments-opened=\"1\" data-image-meta=\"{&quot;aperture&quot;:&quot;0&quot;,&quot;credit&quot;:&quot;&quot;,&quot;camera&quot;:&quot;&quot;,&quot;caption&quot;:&quot;&quot;,&quot;created_timestamp&quot;:&quot;0&quot;,&quot;copyright&quot;:&quot;&quot;,&quot;focal_length&quot;:&quot;0&quot;,&quot;iso&quot;:&quot;0&quot;,&quot;shutter_speed&quot;:&quot;0&quot;,&quot;title&quot;:&quot;&quot;,&quot;orientation&quot;:&quot;0&quot;}\" data-image-title=\"Dialogos-em-familia\" data-image-description=\"\" data-medium-file=\"https:\/\/i2.wp.com\/www1.unicap.br\/assecom1\/wp-content\/uploads\/2016\/08\/Dialogos-em-familia-e1470666005486.jpg?fit=300%2C91&amp;ssl=1\" data-large-file=\"https:\/\/i2.wp.com\/www1.unicap.br\/assecom1\/wp-content\/uploads\/2016\/08\/Dialogos-em-familia-e1470666005486.jpg?fit=640%2C919&amp;ssl=1\" loading=\"lazy\" class=\"wp-image-61116 size-large\" src=\"https:\/\/i1.wp.com\/www1.unicap.br\/assecom1\/wp-content\/uploads\/2016\/08\/Dialogos-em-familia.jpg?resize=640%2C919&#038;ssl=1\" alt=\"Dialogos-em-familia\" data-recalc-dims=\"1\" \/><\/a><figcaption id=\"caption-attachment-61116\" class=\"wp-caption-text\">Clique para ampliar<\/figcaption><\/figure>\n","protected":false},"excerpt":{"rendered":"<p>A Universidade Cat\u00f3lica de Pernambuco vai sediar, nos dias 15 e 16 de agosto, o 1\u00ba Encontro Di\u00e1logos de Fam\u00edlia, promovido pelo Tribunal de Justi\u00e7a de Pernambuco, Instituto Brasileiro de Direito de Fam\u00edlia e Unicap. O Direito de Fam\u00edlia e o Estatuto da Pessoa com Defici\u00eancia; A\u00e7\u00f5es de Fam\u00edlia no novo C\u00f3digo de Processo Civil; [&hellip;]<\/p>\n","protected":false},"author":70,"featured_media":61116,"comment_status":"open","ping_status":"open","sticky":false,"template":"","format":"standard","meta":[],"categories":[4],"tags":[],"jetpack-related-posts":[],"_links":{"self":[{"href":"https:\/\/www1.unicap.br\/assecom1\/wp-json\/wp\/v2\/posts\/61112"}],"collection":[{"href":"https:\/\/www1.unicap.br\/assecom1\/wp-json\/wp\/v2\/posts"}],"about":[{"href":"https:\/\/www1.unicap.br\/assecom1\/wp-json\/wp\/v2\/types\/post"}],"author":[{"embeddable":true,"href":"https:\/\/www1.unicap.br\/assecom1\/wp-json\/wp\/v2\/users\/70"}],"replies":[{"embeddable":true,"href":"https:\/\/www1.unicap.br\/assecom1\/wp-json\/wp\/v2\/comments?post=61112"}],"version-history":[{"count":11,"href":"https:\/\/www1.unicap.br\/assecom1\/wp-json\/wp\/v2\/posts\/61112\/revisions"}],"predecessor-version":[{"id":61134,"href":"https:\/\/www1.unicap.br\/assecom1\/wp-json\/wp\/v2\/posts\/61112\/revisions\/61134"}],"wp:featuredmedia":[{"embeddable":true,"href":"https:\/\/www1.unicap.br\/assecom1\/wp-json\/wp\/v2\/media\/61116"}],"wp:attachment":[{"href":"https:\/\/www1.unicap.br\/assecom1\/wp-json\/wp\/v2\/media?parent=61112"}],"wp:term":[{"taxonomy":"category","embeddable":true,"href":"https:\/\/www1.unicap.br\/assecom1\/wp-json\/wp\/v2\/categories?post=61112"},{"taxonomy":"post_tag","embeddable":true,"href":"https:\/\/www1.unicap.br\/assecom1\/wp-json\/wp\/v2\/tags?post=61112"}],"curies":[{"name":"wp","href":"https:\/\/api.w.org\/{rel}","templated":true}]}}