{"id":60544,"date":"2016-07-07T08:34:06","date_gmt":"2016-07-07T11:34:06","guid":{"rendered":"http:\/\/www.unicap.br\/assecom1\/?p=60544"},"modified":"2016-07-07T08:34:06","modified_gmt":"2016-07-07T11:34:06","slug":"ex-aluno-de-matematica-da-catolica-se-dedica-a-educacao-indigena-em-roraima","status":"publish","type":"post","link":"https:\/\/www1.unicap.br\/assecom1\/ex-aluno-de-matematica-da-catolica-se-dedica-a-educacao-indigena-em-roraima\/","title":{"rendered":"Ex-aluno de Matem\u00e1tica da Cat\u00f3lica se dedica \u00e0 educa\u00e7\u00e3o ind\u00edgena em Roraima"},"content":{"rendered":"<p><img data-attachment-id=\"60550\" data-permalink=\"https:\/\/www1.unicap.br\/assecom1\/ex-aluno-de-matematica-da-catolica-se-dedica-a-educacao-indigena-em-roraima\/foto-3-48\/\" data-orig-file=\"https:\/\/i0.wp.com\/www1.unicap.br\/assecom1\/wp-content\/uploads\/2016\/07\/foto-3-48-e1467891187750.jpg?fit=622%2C489&amp;ssl=1\" data-orig-size=\"622,489\" data-comments-opened=\"1\" data-image-meta=\"{&quot;aperture&quot;:&quot;2.8&quot;,&quot;credit&quot;:&quot;&quot;,&quot;camera&quot;:&quot;iPhone 4&quot;,&quot;caption&quot;:&quot;&quot;,&quot;created_timestamp&quot;:&quot;1467732247&quot;,&quot;copyright&quot;:&quot;&quot;,&quot;focal_length&quot;:&quot;3.85&quot;,&quot;iso&quot;:&quot;100&quot;,&quot;shutter_speed&quot;:&quot;0.066666666666667&quot;,&quot;title&quot;:&quot;&quot;,&quot;orientation&quot;:&quot;1&quot;}\" data-image-title=\"foto 3 (48)\" data-image-description=\"\" data-medium-file=\"https:\/\/i0.wp.com\/www1.unicap.br\/assecom1\/wp-content\/uploads\/2016\/07\/foto-3-48-e1467891187750.jpg?fit=300%2C236&amp;ssl=1\" data-large-file=\"https:\/\/i0.wp.com\/www1.unicap.br\/assecom1\/wp-content\/uploads\/2016\/07\/foto-3-48-e1467891187750.jpg?fit=640%2C478&amp;ssl=1\" loading=\"lazy\" class=\"alignleft wp-image-60550 size-large\" src=\"https:\/\/i0.wp.com\/www1.unicap.br\/assecom1\/wp-content\/uploads\/2016\/07\/foto-3-48.jpg?resize=640%2C478&#038;ssl=1\" alt=\"foto 3 (48)\" data-recalc-dims=\"1\" \/>Quando o ent\u00e3o aluno de Licenciatura Plena em Matem\u00e1tica da Cat\u00f3lica, Michael Lopes da Silva Rolim, concluiu o curso em 2003, ele mal podia imaginar que os n\u00fameros o aproximariam da cultura e educa\u00e7\u00e3o ind\u00edgenas. O caminho at\u00e9 assumir a dire\u00e7\u00e3o do Instituto Insikiran de Forma\u00e7\u00e3o Superior Ind\u00edgena da Universidade Federal de Roraima (UFRR) foi longo.<\/p>\n<p>Essa hist\u00f3ria de sucesso acad\u00eamico tem uma importante contribui\u00e7\u00e3o do professor Vicente Francisco Neto, ent\u00e3o orientador de Pibic e hoje amigo pessoal de Michael. &#8220;Ao longo do tempo sempre trocamos ideias e o desempenho dele sempre me chamou a aten\u00e7\u00e3o. Agora me surpreende essa liga\u00e7\u00e3o com os povos que s\u00e3o as ra\u00edzes do Brasil&#8221;.<\/p>\n<p><img data-attachment-id=\"60549\" data-permalink=\"https:\/\/www1.unicap.br\/assecom1\/ex-aluno-de-matematica-da-catolica-se-dedica-a-educacao-indigena-em-roraima\/foto-1-68\/\" data-orig-file=\"https:\/\/i2.wp.com\/www1.unicap.br\/assecom1\/wp-content\/uploads\/2016\/07\/foto-1-68.jpg?fit=1296%2C968&amp;ssl=1\" data-orig-size=\"1296,968\" data-comments-opened=\"1\" data-image-meta=\"{&quot;aperture&quot;:&quot;2.8&quot;,&quot;credit&quot;:&quot;&quot;,&quot;camera&quot;:&quot;iPhone 4&quot;,&quot;caption&quot;:&quot;&quot;,&quot;created_timestamp&quot;:&quot;1467732225&quot;,&quot;copyright&quot;:&quot;&quot;,&quot;focal_length&quot;:&quot;3.85&quot;,&quot;iso&quot;:&quot;125&quot;,&quot;shutter_speed&quot;:&quot;0.066666666666667&quot;,&quot;title&quot;:&quot;&quot;,&quot;orientation&quot;:&quot;1&quot;}\" data-image-title=\"foto 1 (68)\" data-image-description=\"\" data-medium-file=\"https:\/\/i2.wp.com\/www1.unicap.br\/assecom1\/wp-content\/uploads\/2016\/07\/foto-1-68.jpg?fit=300%2C224&amp;ssl=1\" data-large-file=\"https:\/\/i2.wp.com\/www1.unicap.br\/assecom1\/wp-content\/uploads\/2016\/07\/foto-1-68.jpg?fit=640%2C478&amp;ssl=1\" loading=\"lazy\" class=\"alignright size-medium wp-image-60549\" src=\"https:\/\/i2.wp.com\/www1.unicap.br\/assecom1\/wp-content\/uploads\/2016\/07\/foto-1-68.jpg?resize=300%2C224&#038;ssl=1\" alt=\"foto 1 (68)\" srcset=\"https:\/\/i2.wp.com\/www1.unicap.br\/assecom1\/wp-content\/uploads\/2016\/07\/foto-1-68.jpg?resize=300%2C224&amp;ssl=1 300w, https:\/\/i2.wp.com\/www1.unicap.br\/assecom1\/wp-content\/uploads\/2016\/07\/foto-1-68.jpg?resize=768%2C574&amp;ssl=1 768w, https:\/\/i2.wp.com\/www1.unicap.br\/assecom1\/wp-content\/uploads\/2016\/07\/foto-1-68.jpg?resize=1024%2C765&amp;ssl=1 1024w, https:\/\/i2.wp.com\/www1.unicap.br\/assecom1\/wp-content\/uploads\/2016\/07\/foto-1-68.jpg?resize=50%2C37&amp;ssl=1 50w, https:\/\/i2.wp.com\/www1.unicap.br\/assecom1\/wp-content\/uploads\/2016\/07\/foto-1-68.jpg?w=1296&amp;ssl=1 1296w\" sizes=\"(max-width: 300px) 100vw, 300px\" data-recalc-dims=\"1\" \/>Assim que terminou a gradua\u00e7\u00e3o, Michael foi aprovado num concurso p\u00fablico da rede estadual de Pernambuco, mas a carreira foi interrompida em poucos meses quando surgiu a oportunidade de fazer mestrado em Geometria na Universidade Federal da Para\u00edba. O ano de defesa da disserta\u00e7\u00e3o, 2005, trouxe uma outra grande conquista. Ele foi aprovado em 1\u00ba lugar no concurso de docente do magist\u00e9rio superior da UFRR. Em 2008, assumiu a chefia do departamento.<\/p>\n<p>Tr\u00eas anos depois, em 2011, ele ingressou no doutorado em Etnomatem\u00e1tica da Universidade Anhaguera, em S\u00e3o Paulo. L\u00e1 ele teve como orientador Ubiratan D`Ambr\u00f3sio, considerado um expoente dessa teoria matem\u00e1tica, que estuda diferentes modelos de racioc\u00ednios a partir da identifica\u00e7\u00e3o de grupos, explica\u00e7\u00e3o dos mesmos e o etnos propriamente dito. &#8220;O conhecimento n\u00e3o \u00e9 \u00fanico. Os povos desenvolvem maneiras diferentes de pensar&#8221;, afirma Michael.<\/p>\n<p><img data-attachment-id=\"60551\" data-permalink=\"https:\/\/www1.unicap.br\/assecom1\/ex-aluno-de-matematica-da-catolica-se-dedica-a-educacao-indigena-em-roraima\/foto-4-50\/\" data-orig-file=\"https:\/\/i2.wp.com\/www1.unicap.br\/assecom1\/wp-content\/uploads\/2016\/07\/foto-4-50.jpg?fit=1296%2C968&amp;ssl=1\" data-orig-size=\"1296,968\" data-comments-opened=\"1\" data-image-meta=\"{&quot;aperture&quot;:&quot;2.8&quot;,&quot;credit&quot;:&quot;&quot;,&quot;camera&quot;:&quot;iPhone 4&quot;,&quot;caption&quot;:&quot;&quot;,&quot;created_timestamp&quot;:&quot;1467732302&quot;,&quot;copyright&quot;:&quot;&quot;,&quot;focal_length&quot;:&quot;3.85&quot;,&quot;iso&quot;:&quot;160&quot;,&quot;shutter_speed&quot;:&quot;0.066666666666667&quot;,&quot;title&quot;:&quot;&quot;,&quot;orientation&quot;:&quot;1&quot;}\" data-image-title=\"foto 4 (50)\" data-image-description=\"\" data-medium-file=\"https:\/\/i2.wp.com\/www1.unicap.br\/assecom1\/wp-content\/uploads\/2016\/07\/foto-4-50.jpg?fit=300%2C224&amp;ssl=1\" data-large-file=\"https:\/\/i2.wp.com\/www1.unicap.br\/assecom1\/wp-content\/uploads\/2016\/07\/foto-4-50.jpg?fit=640%2C478&amp;ssl=1\" loading=\"lazy\" class=\"alignleft size-medium wp-image-60551\" src=\"https:\/\/i2.wp.com\/www1.unicap.br\/assecom1\/wp-content\/uploads\/2016\/07\/foto-4-50.jpg?resize=300%2C224&#038;ssl=1\" alt=\"foto 4 (50)\" srcset=\"https:\/\/i2.wp.com\/www1.unicap.br\/assecom1\/wp-content\/uploads\/2016\/07\/foto-4-50.jpg?resize=300%2C224&amp;ssl=1 300w, https:\/\/i2.wp.com\/www1.unicap.br\/assecom1\/wp-content\/uploads\/2016\/07\/foto-4-50.jpg?resize=768%2C574&amp;ssl=1 768w, https:\/\/i2.wp.com\/www1.unicap.br\/assecom1\/wp-content\/uploads\/2016\/07\/foto-4-50.jpg?resize=1024%2C765&amp;ssl=1 1024w, https:\/\/i2.wp.com\/www1.unicap.br\/assecom1\/wp-content\/uploads\/2016\/07\/foto-4-50.jpg?resize=50%2C37&amp;ssl=1 50w, https:\/\/i2.wp.com\/www1.unicap.br\/assecom1\/wp-content\/uploads\/2016\/07\/foto-4-50.jpg?w=1296&amp;ssl=1 1296w\" sizes=\"(max-width: 300px) 100vw, 300px\" data-recalc-dims=\"1\" \/>Os n\u00fameros n\u00e3o s\u00e3o as \u00fanicas paix\u00e3o de Michael. Em Roraima, ele casou com uma ind\u00edgena da etnia Macuxi. Rosentina lhe deu dois filhos: Matheus, de 9 anos; e Mait\u00ea, de \u00a0um ano e sete meses. &#8220;At\u00e9 aprendi um pouco da l\u00edngua nativa&#8221;, diz ele. A vontade de repassar conhecimento aos povos ind\u00edgenas e sua liga\u00e7\u00e3o afetiva com eles ajudaram na constru\u00e7\u00e3o do perfil ideal para assumir a gest\u00e3o do Instuto Insikiran.<\/p>\n<p>Mais de 13 anos se passaram\u00a0e\u00a0o tempo n\u00e3o apagou as lembran\u00e7as, nem o carinho que Michael tem pela Unicap. &#8220;Lembro muito bem da organiza\u00e7\u00e3o\u00a0de cronogramas, do excelente espa\u00e7o da Biblioteca e da rela\u00e7\u00e3o sempre solid\u00e1ria dos professores&#8221;.<\/p>\n","protected":false},"excerpt":{"rendered":"<p>Quando o ent\u00e3o aluno de Licenciatura Plena em Matem\u00e1tica da Cat\u00f3lica, Michael Lopes da Silva Rolim, concluiu o curso em 2003, ele mal podia imaginar que os n\u00fameros o aproximariam da cultura e educa\u00e7\u00e3o ind\u00edgenas. O caminho at\u00e9 assumir a dire\u00e7\u00e3o do Instituto Insikiran de Forma\u00e7\u00e3o Superior Ind\u00edgena da Universidade Federal de Roraima (UFRR) foi [&hellip;]<\/p>\n","protected":false},"author":8,"featured_media":60550,"comment_status":"open","ping_status":"open","sticky":false,"template":"","format":"standard","meta":[],"categories":[4],"tags":[],"jetpack-related-posts":[],"_links":{"self":[{"href":"https:\/\/www1.unicap.br\/assecom1\/wp-json\/wp\/v2\/posts\/60544"}],"collection":[{"href":"https:\/\/www1.unicap.br\/assecom1\/wp-json\/wp\/v2\/posts"}],"about":[{"href":"https:\/\/www1.unicap.br\/assecom1\/wp-json\/wp\/v2\/types\/post"}],"author":[{"embeddable":true,"href":"https:\/\/www1.unicap.br\/assecom1\/wp-json\/wp\/v2\/users\/8"}],"replies":[{"embeddable":true,"href":"https:\/\/www1.unicap.br\/assecom1\/wp-json\/wp\/v2\/comments?post=60544"}],"version-history":[{"count":5,"href":"https:\/\/www1.unicap.br\/assecom1\/wp-json\/wp\/v2\/posts\/60544\/revisions"}],"predecessor-version":[{"id":60552,"href":"https:\/\/www1.unicap.br\/assecom1\/wp-json\/wp\/v2\/posts\/60544\/revisions\/60552"}],"wp:featuredmedia":[{"embeddable":true,"href":"https:\/\/www1.unicap.br\/assecom1\/wp-json\/wp\/v2\/media\/60550"}],"wp:attachment":[{"href":"https:\/\/www1.unicap.br\/assecom1\/wp-json\/wp\/v2\/media?parent=60544"}],"wp:term":[{"taxonomy":"category","embeddable":true,"href":"https:\/\/www1.unicap.br\/assecom1\/wp-json\/wp\/v2\/categories?post=60544"},{"taxonomy":"post_tag","embeddable":true,"href":"https:\/\/www1.unicap.br\/assecom1\/wp-json\/wp\/v2\/tags?post=60544"}],"curies":[{"name":"wp","href":"https:\/\/api.w.org\/{rel}","templated":true}]}}