{"id":60104,"date":"2016-06-01T17:26:58","date_gmt":"2016-06-01T20:26:58","guid":{"rendered":"http:\/\/www.unicap.br\/assecom1\/?p=60104"},"modified":"2016-06-01T17:35:04","modified_gmt":"2016-06-01T20:35:04","slug":"professor-do-curso-de-direito-participa-de-encontro-internacional-na-inglaterra","status":"publish","type":"post","link":"https:\/\/www1.unicap.br\/assecom1\/professor-do-curso-de-direito-participa-de-encontro-internacional-na-inglaterra\/","title":{"rendered":"Professor do curso de Direito participa de encontro internacional na Inglaterra"},"content":{"rendered":"<div><em><strong>Com informa\u00e7\u00f5es de Lydia Barros &#8211; Ascom TRT6<\/strong><\/em><\/div>\n<div><\/div>\n<div>\n<figure id=\"attachment_60105\" aria-describedby=\"caption-attachment-60105\" style=\"width: 480px\" class=\"wp-caption alignright\"><img data-attachment-id=\"60105\" data-permalink=\"https:\/\/www1.unicap.br\/assecom1\/professor-do-curso-de-direito-participa-de-encontro-internacional-na-inglaterra\/2016_05_24_sergio_torres_londres\/\" data-orig-file=\"https:\/\/i0.wp.com\/www1.unicap.br\/assecom1\/wp-content\/uploads\/2016\/06\/2016_05_24_sergio_torres_londres.jpg?fit=480%2C320&amp;ssl=1\" data-orig-size=\"480,320\" data-comments-opened=\"1\" data-image-meta=\"{&quot;aperture&quot;:&quot;0&quot;,&quot;credit&quot;:&quot;&quot;,&quot;camera&quot;:&quot;&quot;,&quot;caption&quot;:&quot;&quot;,&quot;created_timestamp&quot;:&quot;0&quot;,&quot;copyright&quot;:&quot;&quot;,&quot;focal_length&quot;:&quot;0&quot;,&quot;iso&quot;:&quot;0&quot;,&quot;shutter_speed&quot;:&quot;0&quot;,&quot;title&quot;:&quot;&quot;,&quot;orientation&quot;:&quot;1&quot;}\" data-image-title=\"2016_05_24_sergio_torres_londres\" data-image-description=\"\" data-medium-file=\"https:\/\/i0.wp.com\/www1.unicap.br\/assecom1\/wp-content\/uploads\/2016\/06\/2016_05_24_sergio_torres_londres.jpg?fit=300%2C200&amp;ssl=1\" data-large-file=\"https:\/\/i0.wp.com\/www1.unicap.br\/assecom1\/wp-content\/uploads\/2016\/06\/2016_05_24_sergio_torres_londres.jpg?fit=480%2C320&amp;ssl=1\" loading=\"lazy\" class=\"wp-image-60105 size-full\" src=\"https:\/\/i0.wp.com\/www1.unicap.br\/assecom1\/wp-content\/uploads\/2016\/06\/2016_05_24_sergio_torres_londres.jpg?resize=480%2C320&#038;ssl=1\" alt=\"S\u00e9rgio Torres ao centro. Foto: AMB\/divulga\u00e7\u00e3o\" srcset=\"https:\/\/i0.wp.com\/www1.unicap.br\/assecom1\/wp-content\/uploads\/2016\/06\/2016_05_24_sergio_torres_londres.jpg?w=480&amp;ssl=1 480w, https:\/\/i0.wp.com\/www1.unicap.br\/assecom1\/wp-content\/uploads\/2016\/06\/2016_05_24_sergio_torres_londres.jpg?resize=300%2C200&amp;ssl=1 300w, https:\/\/i0.wp.com\/www1.unicap.br\/assecom1\/wp-content\/uploads\/2016\/06\/2016_05_24_sergio_torres_londres.jpg?resize=50%2C33&amp;ssl=1 50w\" sizes=\"(max-width: 480px) 100vw, 480px\" data-recalc-dims=\"1\" \/><figcaption id=\"caption-attachment-60105\" class=\"wp-caption-text\">S\u00e9rgio Torres ao centro. Foto: AMB\/divulga\u00e7\u00e3o<\/figcaption><\/figure>\n<p>O Prof. Dr. do curso de Direito da Universidade Cat\u00f3lica de Pernambuco, Sergio Torres, \u00a0participou\u00a0do II Congresso Internacional da Associa\u00e7\u00e3o dos Magistrados do Brasil (AMB). O evento foi realizado nos \u00faltimos dias 23, 24 e 25 de maio. S\u00e9rgio \u00e9\u00a0desembargador do Tribunal Regional do Trabalho da 6\u00aa Regi\u00e3o (TRT-PE)<\/p>\n<div>Ele integrou uma mesa redonda sobre coopera\u00e7\u00e3o internacional (cartas rogat\u00f3rias, extradi\u00e7\u00f5es, etc) , promovida pela Embaixada do Brasil em Londres, ao lado dos ju\u00edzes brasileiros Claudio Regis Figueiredo, de Santa Catarina; e Fernando Armando Ribeiro, de Minas Gerais;\u00a0al\u00e9m de representantes do Minist\u00e9rio P\u00fablico e do Judici\u00e1rio da Inglaterra.<\/div>\n<\/div>\n<div><\/div>\n<div><img data-attachment-id=\"60107\" data-permalink=\"https:\/\/www1.unicap.br\/assecom1\/professor-do-curso-de-direito-participa-de-encontro-internacional-na-inglaterra\/2016_05_25sergio_torres_londres\/\" data-orig-file=\"https:\/\/i2.wp.com\/www1.unicap.br\/assecom1\/wp-content\/uploads\/2016\/06\/2016_05_25sergio_torres_londres.jpg?fit=480%2C320&amp;ssl=1\" data-orig-size=\"480,320\" data-comments-opened=\"1\" data-image-meta=\"{&quot;aperture&quot;:&quot;0&quot;,&quot;credit&quot;:&quot;&quot;,&quot;camera&quot;:&quot;&quot;,&quot;caption&quot;:&quot;&quot;,&quot;created_timestamp&quot;:&quot;0&quot;,&quot;copyright&quot;:&quot;&quot;,&quot;focal_length&quot;:&quot;0&quot;,&quot;iso&quot;:&quot;0&quot;,&quot;shutter_speed&quot;:&quot;0&quot;,&quot;title&quot;:&quot;&quot;,&quot;orientation&quot;:&quot;1&quot;}\" data-image-title=\"2016_05_25sergio_torres_londres\" data-image-description=\"\" data-medium-file=\"https:\/\/i2.wp.com\/www1.unicap.br\/assecom1\/wp-content\/uploads\/2016\/06\/2016_05_25sergio_torres_londres.jpg?fit=300%2C200&amp;ssl=1\" data-large-file=\"https:\/\/i2.wp.com\/www1.unicap.br\/assecom1\/wp-content\/uploads\/2016\/06\/2016_05_25sergio_torres_londres.jpg?fit=480%2C320&amp;ssl=1\" loading=\"lazy\" class=\"alignright size-medium wp-image-60107\" src=\"https:\/\/i2.wp.com\/www1.unicap.br\/assecom1\/wp-content\/uploads\/2016\/06\/2016_05_25sergio_torres_londres.jpg?resize=300%2C200&#038;ssl=1\" alt=\"2016_05_25sergio_torres_londres\" srcset=\"https:\/\/i2.wp.com\/www1.unicap.br\/assecom1\/wp-content\/uploads\/2016\/06\/2016_05_25sergio_torres_londres.jpg?resize=300%2C200&amp;ssl=1 300w, https:\/\/i2.wp.com\/www1.unicap.br\/assecom1\/wp-content\/uploads\/2016\/06\/2016_05_25sergio_torres_londres.jpg?resize=50%2C33&amp;ssl=1 50w, https:\/\/i2.wp.com\/www1.unicap.br\/assecom1\/wp-content\/uploads\/2016\/06\/2016_05_25sergio_torres_londres.jpg?w=480&amp;ssl=1 480w\" sizes=\"(max-width: 300px) 100vw, 300px\" data-recalc-dims=\"1\" \/>S\u00e9rgio Torres comp\u00f4s ainda outra mesa-redonda com a desembargadora inglesa e conselheira da rainha Elizabeth II, B\u00e1rbara Fontaine. O tema da coopera\u00e7\u00e3o internacional retorna \u00e0 pauta, no que diz respeito \u00e0 rela\u00e7\u00e3o entre tribunais ingleses e brasileiros, mas com \u00eanfase na nova disciplina dada a mat\u00e9ria pelo novo C\u00f3digo de Processo Civil (CPC).<\/div>\n<div><\/div>\n<div>A programa\u00e7\u00e3o seguiu com o desembargador\u00a0presidindo\u00a0e falando em um painel na Faculdade de Direito do King&#8217;s College sobre o tema <em>Sistema legal, judici\u00e1rio e atua\u00e7\u00e3o dos ju\u00edzes na Inglaterra<\/em>. A mesa teve tamb\u00e9m a participa\u00e7\u00e3o\u00a0dos especialistas ingleses Sir Robert Worcester, o desembargador Alan Wilkie e o professor Paul Matthews.<\/div>\n<div><\/div>\n<div>Representando o desembargador Andr\u00e9 Genn e a Escola Judicial do TRT6, S\u00e9rgio Torres participou de uma reuni\u00e3o no Minist\u00e9rio da Justi\u00e7a, na Judicial College (Escola Magistratura do Reino Unido), na qual tamb\u00e9m estiveram presentes o ministro Humberto Martins\u00a0(STJ), diretor da Escola Nacional de Forma\u00e7\u00e3o e Aperfei\u00e7oamento de Magistrados (ENFAM); o desembargador (TJPE) e secret\u00e1rio da ENFAM, Fernando Cerqueira; e a diretora executiva da Judicial College, Sheridan Greenland.<\/div>\n<div><\/div>\n<div>Na oportunidade foram discutidas quest\u00f5es envolvendo a forma\u00e7\u00e3o e o treinamento de ju\u00edzes visando, al\u00e9m do interc\u00e2mbio de id\u00e9ias, o est\u00edmulo \u00e0 forma\u00e7\u00e3o mais humanista do juiz.<\/div>\n","protected":false},"excerpt":{"rendered":"<p>Com informa\u00e7\u00f5es de Lydia Barros &#8211; Ascom TRT6 O Prof. Dr. do curso de Direito da Universidade Cat\u00f3lica de Pernambuco, Sergio Torres, \u00a0participou\u00a0do II Congresso Internacional da Associa\u00e7\u00e3o dos Magistrados do Brasil (AMB). O evento foi realizado nos \u00faltimos dias 23, 24 e 25 de maio. S\u00e9rgio \u00e9\u00a0desembargador do Tribunal Regional do Trabalho da 6\u00aa [&hellip;]<\/p>\n","protected":false},"author":8,"featured_media":60105,"comment_status":"open","ping_status":"open","sticky":false,"template":"","format":"standard","meta":[],"categories":[4],"tags":[],"jetpack-related-posts":[],"_links":{"self":[{"href":"https:\/\/www1.unicap.br\/assecom1\/wp-json\/wp\/v2\/posts\/60104"}],"collection":[{"href":"https:\/\/www1.unicap.br\/assecom1\/wp-json\/wp\/v2\/posts"}],"about":[{"href":"https:\/\/www1.unicap.br\/assecom1\/wp-json\/wp\/v2\/types\/post"}],"author":[{"embeddable":true,"href":"https:\/\/www1.unicap.br\/assecom1\/wp-json\/wp\/v2\/users\/8"}],"replies":[{"embeddable":true,"href":"https:\/\/www1.unicap.br\/assecom1\/wp-json\/wp\/v2\/comments?post=60104"}],"version-history":[{"count":4,"href":"https:\/\/www1.unicap.br\/assecom1\/wp-json\/wp\/v2\/posts\/60104\/revisions"}],"predecessor-version":[{"id":60110,"href":"https:\/\/www1.unicap.br\/assecom1\/wp-json\/wp\/v2\/posts\/60104\/revisions\/60110"}],"wp:featuredmedia":[{"embeddable":true,"href":"https:\/\/www1.unicap.br\/assecom1\/wp-json\/wp\/v2\/media\/60105"}],"wp:attachment":[{"href":"https:\/\/www1.unicap.br\/assecom1\/wp-json\/wp\/v2\/media?parent=60104"}],"wp:term":[{"taxonomy":"category","embeddable":true,"href":"https:\/\/www1.unicap.br\/assecom1\/wp-json\/wp\/v2\/categories?post=60104"},{"taxonomy":"post_tag","embeddable":true,"href":"https:\/\/www1.unicap.br\/assecom1\/wp-json\/wp\/v2\/tags?post=60104"}],"curies":[{"name":"wp","href":"https:\/\/api.w.org\/{rel}","templated":true}]}}