{"id":59981,"date":"2016-05-24T16:14:06","date_gmt":"2016-05-24T19:14:06","guid":{"rendered":"http:\/\/www.unicap.br\/assecom1\/?p=59981"},"modified":"2016-05-24T16:14:06","modified_gmt":"2016-05-24T19:14:06","slug":"alunos-de-direito-promovem-rifa-para-arrecadar-recursos-para-as-maes-do-liceu-participarem-da-fenearte","status":"publish","type":"post","link":"https:\/\/www1.unicap.br\/assecom1\/alunos-de-direito-promovem-rifa-para-arrecadar-recursos-para-as-maes-do-liceu-participarem-da-fenearte\/","title":{"rendered":"Alunos de Direito promovem rifa para arrecadar recursos para as M\u00e3es do Liceu participarem da Fenearte"},"content":{"rendered":"<p><img data-attachment-id=\"59841\" data-permalink=\"https:\/\/www1.unicap.br\/assecom1\/maes-do-liceu-selecionadas-para-fenearte-2016-promovem-rifa-solidaria\/img_1284\/\" data-orig-file=\"https:\/\/i1.wp.com\/www1.unicap.br\/assecom1\/wp-content\/uploads\/2016\/05\/IMG_1284.jpg?fit=2592%2C1936&amp;ssl=1\" data-orig-size=\"2592,1936\" data-comments-opened=\"1\" data-image-meta=\"{&quot;aperture&quot;:&quot;2.8&quot;,&quot;credit&quot;:&quot;&quot;,&quot;camera&quot;:&quot;iPhone 4&quot;,&quot;caption&quot;:&quot;&quot;,&quot;created_timestamp&quot;:&quot;1463586630&quot;,&quot;copyright&quot;:&quot;&quot;,&quot;focal_length&quot;:&quot;3.85&quot;,&quot;iso&quot;:&quot;250&quot;,&quot;shutter_speed&quot;:&quot;0.066666666666667&quot;,&quot;title&quot;:&quot;&quot;,&quot;orientation&quot;:&quot;1&quot;}\" data-image-title=\"IMG_1284\" data-image-description=\"\" data-medium-file=\"https:\/\/i1.wp.com\/www1.unicap.br\/assecom1\/wp-content\/uploads\/2016\/05\/IMG_1284.jpg?fit=300%2C224&amp;ssl=1\" data-large-file=\"https:\/\/i1.wp.com\/www1.unicap.br\/assecom1\/wp-content\/uploads\/2016\/05\/IMG_1284.jpg?fit=640%2C478&amp;ssl=1\" loading=\"lazy\" class=\"aligncenter wp-image-59841 size-full\" src=\"https:\/\/i1.wp.com\/www1.unicap.br\/assecom1\/wp-content\/uploads\/2016\/05\/IMG_1284.jpg?resize=640%2C478&#038;ssl=1\" alt=\"IMG_1284\" srcset=\"https:\/\/i1.wp.com\/www1.unicap.br\/assecom1\/wp-content\/uploads\/2016\/05\/IMG_1284.jpg?w=2592&amp;ssl=1 2592w, https:\/\/i1.wp.com\/www1.unicap.br\/assecom1\/wp-content\/uploads\/2016\/05\/IMG_1284.jpg?resize=300%2C224&amp;ssl=1 300w, https:\/\/i1.wp.com\/www1.unicap.br\/assecom1\/wp-content\/uploads\/2016\/05\/IMG_1284.jpg?resize=768%2C574&amp;ssl=1 768w, https:\/\/i1.wp.com\/www1.unicap.br\/assecom1\/wp-content\/uploads\/2016\/05\/IMG_1284.jpg?resize=1024%2C765&amp;ssl=1 1024w, https:\/\/i1.wp.com\/www1.unicap.br\/assecom1\/wp-content\/uploads\/2016\/05\/IMG_1284.jpg?resize=50%2C37&amp;ssl=1 50w, https:\/\/i1.wp.com\/www1.unicap.br\/assecom1\/wp-content\/uploads\/2016\/05\/IMG_1284.jpg?w=1280&amp;ssl=1 1280w, https:\/\/i1.wp.com\/www1.unicap.br\/assecom1\/wp-content\/uploads\/2016\/05\/IMG_1284.jpg?w=1920&amp;ssl=1 1920w\" sizes=\"(max-width: 640px) 100vw, 640px\" data-recalc-dims=\"1\" \/>Selecionadas para expor na pr\u00f3xima Fenearte, as <em>M\u00e3es do Liceu<\/em> concorreram com um total de 29 grupos. Ir\u00e3o expor entre os dias 7 e 17 de julho na maior feira de artesanato do pa\u00eds. De forma colaborativa, a turma do 6\u00ba per\u00edodo de Direito, coordenada pela professora Gladys Sales Guerra, promoveu a\u00e7\u00e3o solid\u00e1ria para arrecadar recursos para a\u00a0 produ\u00e7\u00e3o das pe\u00e7as que\u00a0 ser\u00e3o expostas na feira de artesanato de Pernambuco.<\/p>\n<p><img data-attachment-id=\"59983\" data-permalink=\"https:\/\/www1.unicap.br\/assecom1\/alunos-de-direito-promovem-rifa-para-arrecadar-recursos-para-as-maes-do-liceu-participarem-da-fenearte\/dsc_1486\/\" data-orig-file=\"https:\/\/i2.wp.com\/www1.unicap.br\/assecom1\/wp-content\/uploads\/2016\/05\/DSC_1486.jpg?fit=6000%2C4000&amp;ssl=1\" data-orig-size=\"6000,4000\" data-comments-opened=\"1\" data-image-meta=\"{&quot;aperture&quot;:&quot;5.6&quot;,&quot;credit&quot;:&quot;&quot;,&quot;camera&quot;:&quot;NIKON D5200&quot;,&quot;caption&quot;:&quot;&quot;,&quot;created_timestamp&quot;:&quot;1464029253&quot;,&quot;copyright&quot;:&quot;&quot;,&quot;focal_length&quot;:&quot;40&quot;,&quot;iso&quot;:&quot;800&quot;,&quot;shutter_speed&quot;:&quot;0.016666666666667&quot;,&quot;title&quot;:&quot;&quot;,&quot;orientation&quot;:&quot;1&quot;}\" data-image-title=\"DSC_1486\" data-image-description=\"\" data-medium-file=\"https:\/\/i2.wp.com\/www1.unicap.br\/assecom1\/wp-content\/uploads\/2016\/05\/DSC_1486.jpg?fit=300%2C200&amp;ssl=1\" data-large-file=\"https:\/\/i2.wp.com\/www1.unicap.br\/assecom1\/wp-content\/uploads\/2016\/05\/DSC_1486.jpg?fit=640%2C427&amp;ssl=1\" loading=\"lazy\" class=\"alignleft size-medium wp-image-59983\" src=\"https:\/\/i2.wp.com\/www1.unicap.br\/assecom1\/wp-content\/uploads\/2016\/05\/DSC_1486.jpg?resize=300%2C200&#038;ssl=1\" alt=\"DSC_1486\" srcset=\"https:\/\/i2.wp.com\/www1.unicap.br\/assecom1\/wp-content\/uploads\/2016\/05\/DSC_1486.jpg?resize=300%2C200&amp;ssl=1 300w, https:\/\/i2.wp.com\/www1.unicap.br\/assecom1\/wp-content\/uploads\/2016\/05\/DSC_1486.jpg?resize=768%2C512&amp;ssl=1 768w, https:\/\/i2.wp.com\/www1.unicap.br\/assecom1\/wp-content\/uploads\/2016\/05\/DSC_1486.jpg?resize=1024%2C683&amp;ssl=1 1024w, https:\/\/i2.wp.com\/www1.unicap.br\/assecom1\/wp-content\/uploads\/2016\/05\/DSC_1486.jpg?resize=50%2C33&amp;ssl=1 50w, https:\/\/i2.wp.com\/www1.unicap.br\/assecom1\/wp-content\/uploads\/2016\/05\/DSC_1486.jpg?w=1280&amp;ssl=1 1280w, https:\/\/i2.wp.com\/www1.unicap.br\/assecom1\/wp-content\/uploads\/2016\/05\/DSC_1486.jpg?w=1920&amp;ssl=1 1920w\" sizes=\"(max-width: 300px) 100vw, 300px\" data-recalc-dims=\"1\" \/><\/p>\n<p>Cerca de 80 rifas foram vendidas. Entre as premia\u00e7\u00f5es oferecidas estavam livros e camisas doadas pelo Instituto Humanitas Unicap (IHU), al\u00e9m de bolsas e necesseire produzidas pelo pr\u00f3prio grupo <em>M\u00e3es do Liceu. <\/em>Com o dinheiro arrecadado, elas pretendem comprar aviamentos para produ\u00e7\u00e3o das novas pe\u00e7as para sua pr\u00f3xima exposi\u00e7\u00e3o.<\/p>\n","protected":false},"excerpt":{"rendered":"<p>Selecionadas para expor na pr\u00f3xima Fenearte, as M\u00e3es do Liceu concorreram com um total de 29 grupos. Ir\u00e3o expor entre os dias 7 e 17 de julho na maior feira de artesanato do pa\u00eds. De forma colaborativa, a turma do 6\u00ba per\u00edodo de Direito, coordenada pela professora Gladys Sales Guerra, promoveu a\u00e7\u00e3o solid\u00e1ria para arrecadar [&hellip;]<\/p>\n","protected":false},"author":65,"featured_media":59985,"comment_status":"open","ping_status":"open","sticky":false,"template":"","format":"standard","meta":[],"categories":[4],"tags":[],"jetpack-related-posts":[],"_links":{"self":[{"href":"https:\/\/www1.unicap.br\/assecom1\/wp-json\/wp\/v2\/posts\/59981"}],"collection":[{"href":"https:\/\/www1.unicap.br\/assecom1\/wp-json\/wp\/v2\/posts"}],"about":[{"href":"https:\/\/www1.unicap.br\/assecom1\/wp-json\/wp\/v2\/types\/post"}],"author":[{"embeddable":true,"href":"https:\/\/www1.unicap.br\/assecom1\/wp-json\/wp\/v2\/users\/65"}],"replies":[{"embeddable":true,"href":"https:\/\/www1.unicap.br\/assecom1\/wp-json\/wp\/v2\/comments?post=59981"}],"version-history":[{"count":3,"href":"https:\/\/www1.unicap.br\/assecom1\/wp-json\/wp\/v2\/posts\/59981\/revisions"}],"predecessor-version":[{"id":59998,"href":"https:\/\/www1.unicap.br\/assecom1\/wp-json\/wp\/v2\/posts\/59981\/revisions\/59998"}],"wp:featuredmedia":[{"embeddable":true,"href":"https:\/\/www1.unicap.br\/assecom1\/wp-json\/wp\/v2\/media\/59985"}],"wp:attachment":[{"href":"https:\/\/www1.unicap.br\/assecom1\/wp-json\/wp\/v2\/media?parent=59981"}],"wp:term":[{"taxonomy":"category","embeddable":true,"href":"https:\/\/www1.unicap.br\/assecom1\/wp-json\/wp\/v2\/categories?post=59981"},{"taxonomy":"post_tag","embeddable":true,"href":"https:\/\/www1.unicap.br\/assecom1\/wp-json\/wp\/v2\/tags?post=59981"}],"curies":[{"name":"wp","href":"https:\/\/api.w.org\/{rel}","templated":true}]}}