{"id":59340,"date":"2016-04-22T18:23:48","date_gmt":"2016-04-22T21:23:48","guid":{"rendered":"http:\/\/www.unicap.br\/assecom1\/?p=59340"},"modified":"2016-04-22T18:23:48","modified_gmt":"2016-04-22T21:23:48","slug":"cineclub-hoje-estreia-no-dia-28-de-abril","status":"publish","type":"post","link":"https:\/\/www1.unicap.br\/assecom1\/cineclub-hoje-estreia-no-dia-28-de-abril\/","title":{"rendered":"CineClub Hoje estreia no dia 28 de abril"},"content":{"rendered":"<p><img data-attachment-id=\"59341\" data-permalink=\"https:\/\/www1.unicap.br\/assecom1\/cineclub-hoje-estreia-no-dia-28-de-abril\/cinebclube\/\" data-orig-file=\"https:\/\/i1.wp.com\/www1.unicap.br\/assecom1\/wp-content\/uploads\/2016\/04\/cinebclube.jpg?fit=1000%2C1000&amp;ssl=1\" data-orig-size=\"1000,1000\" data-comments-opened=\"1\" data-image-meta=\"{&quot;aperture&quot;:&quot;0&quot;,&quot;credit&quot;:&quot;&quot;,&quot;camera&quot;:&quot;&quot;,&quot;caption&quot;:&quot;&quot;,&quot;created_timestamp&quot;:&quot;0&quot;,&quot;copyright&quot;:&quot;&quot;,&quot;focal_length&quot;:&quot;0&quot;,&quot;iso&quot;:&quot;0&quot;,&quot;shutter_speed&quot;:&quot;0&quot;,&quot;title&quot;:&quot;&quot;,&quot;orientation&quot;:&quot;1&quot;}\" data-image-title=\"cinebclube\" data-image-description=\"\" data-medium-file=\"https:\/\/i1.wp.com\/www1.unicap.br\/assecom1\/wp-content\/uploads\/2016\/04\/cinebclube.jpg?fit=300%2C300&amp;ssl=1\" data-large-file=\"https:\/\/i1.wp.com\/www1.unicap.br\/assecom1\/wp-content\/uploads\/2016\/04\/cinebclube.jpg?fit=640%2C640&amp;ssl=1\" loading=\"lazy\" class=\"aligncenter wp-image-59341 size-full\" src=\"https:\/\/i1.wp.com\/www1.unicap.br\/assecom1\/wp-content\/uploads\/2016\/04\/cinebclube.jpg?resize=640%2C640&#038;ssl=1\" alt=\"cinebclube\" srcset=\"https:\/\/i1.wp.com\/www1.unicap.br\/assecom1\/wp-content\/uploads\/2016\/04\/cinebclube.jpg?w=1000&amp;ssl=1 1000w, https:\/\/i1.wp.com\/www1.unicap.br\/assecom1\/wp-content\/uploads\/2016\/04\/cinebclube.jpg?resize=150%2C150&amp;ssl=1 150w, https:\/\/i1.wp.com\/www1.unicap.br\/assecom1\/wp-content\/uploads\/2016\/04\/cinebclube.jpg?resize=300%2C300&amp;ssl=1 300w, https:\/\/i1.wp.com\/www1.unicap.br\/assecom1\/wp-content\/uploads\/2016\/04\/cinebclube.jpg?resize=768%2C768&amp;ssl=1 768w, https:\/\/i1.wp.com\/www1.unicap.br\/assecom1\/wp-content\/uploads\/2016\/04\/cinebclube.jpg?resize=50%2C50&amp;ssl=1 50w\" sizes=\"(max-width: 640px) 100vw, 640px\" data-recalc-dims=\"1\" \/><\/p>\n<p>O CineClub Hoje exibir\u00e1 o curta <em>Biu do Olho Verde<\/em> no dia 28 de abril. Coordenado pelo D.A de Jornalismo Vladimir Herzog e pelo professor Cl\u00e1udio Bezerra, o\u00a0 rec\u00e9m-criado CineClub far\u00e1 a sua primeira exibi\u00e7\u00e3o a partir das 18h na sala 2 da Biblioteca Central da Cat\u00f3lica. Com o objetivo de discutir quest\u00f5es de \u00e9tica na Comunica\u00e7\u00e3o Social por meio de produ\u00e7\u00f5es audiovisuais, os organizadores se prop\u00f5em a dar sequ\u00eancia ao projeto com a exibi\u00e7\u00e3o de um filme por m\u00eas juntamente com a realiza\u00e7\u00e3o de debates.<\/p>\n<p><em>Biu do Olho Verde<\/em> \u00e9 um curta pernambucano produzido por ex-alunas da Unicap, incluindo a jornalista Karlilian Magalh\u00e3es, que estar\u00e1 presente no evento. A mesa de debate tamb\u00e9m ser\u00e1 composta pela especialista em Direitos Humanos e membro da Comiss\u00e3o de \u00c9tica do Sindicato dos Jornalistas de Pernambuco, Andr\u00e9a Trigueiro. Rayanne Marinho, integrante do D.A, mediar\u00e1 o debate.<\/p>\n<p>Ao final de cada evento os alunos ter\u00e3o uma caixa onde depositar\u00e3o sugest\u00f5es de melhoria para o projeto. Enquetes ser\u00e3o realizadas no m\u00eas de maio para os alunos sugerirem o curta do m\u00eas de junho. Preocupado com as produ\u00e7\u00f5es de ex-alunos da institui\u00e7\u00e3o, o CineClub Hoje pretende exibir curtas produzidos pelos pr\u00f3prios estudantes da Unicap, e tamb\u00e9m de outras institui\u00e7\u00f5es de ensino, com tem\u00e1ticas sobre o jornalismo e a cidade do Recife.<\/p>\n<p>&nbsp;<\/p>\n<p><a href=\"https:\/\/www.facebook.com\/events\/1764970387066216\/\">Acompanhe a programa\u00e7\u00e3o completa aqui<\/a><\/p>\n","protected":false},"excerpt":{"rendered":"<p>O CineClub Hoje exibir\u00e1 o curta Biu do Olho Verde no dia 28 de abril. Coordenado pelo D.A de Jornalismo Vladimir Herzog e pelo professor Cl\u00e1udio Bezerra, o\u00a0 rec\u00e9m-criado CineClub far\u00e1 a sua primeira exibi\u00e7\u00e3o a partir das 18h na sala 2 da Biblioteca Central da Cat\u00f3lica. Com o objetivo de discutir quest\u00f5es de \u00e9tica [&hellip;]<\/p>\n","protected":false},"author":65,"featured_media":59341,"comment_status":"open","ping_status":"open","sticky":false,"template":"","format":"standard","meta":[],"categories":[4],"tags":[],"jetpack-related-posts":[],"_links":{"self":[{"href":"https:\/\/www1.unicap.br\/assecom1\/wp-json\/wp\/v2\/posts\/59340"}],"collection":[{"href":"https:\/\/www1.unicap.br\/assecom1\/wp-json\/wp\/v2\/posts"}],"about":[{"href":"https:\/\/www1.unicap.br\/assecom1\/wp-json\/wp\/v2\/types\/post"}],"author":[{"embeddable":true,"href":"https:\/\/www1.unicap.br\/assecom1\/wp-json\/wp\/v2\/users\/65"}],"replies":[{"embeddable":true,"href":"https:\/\/www1.unicap.br\/assecom1\/wp-json\/wp\/v2\/comments?post=59340"}],"version-history":[{"count":4,"href":"https:\/\/www1.unicap.br\/assecom1\/wp-json\/wp\/v2\/posts\/59340\/revisions"}],"predecessor-version":[{"id":59402,"href":"https:\/\/www1.unicap.br\/assecom1\/wp-json\/wp\/v2\/posts\/59340\/revisions\/59402"}],"wp:featuredmedia":[{"embeddable":true,"href":"https:\/\/www1.unicap.br\/assecom1\/wp-json\/wp\/v2\/media\/59341"}],"wp:attachment":[{"href":"https:\/\/www1.unicap.br\/assecom1\/wp-json\/wp\/v2\/media?parent=59340"}],"wp:term":[{"taxonomy":"category","embeddable":true,"href":"https:\/\/www1.unicap.br\/assecom1\/wp-json\/wp\/v2\/categories?post=59340"},{"taxonomy":"post_tag","embeddable":true,"href":"https:\/\/www1.unicap.br\/assecom1\/wp-json\/wp\/v2\/tags?post=59340"}],"curies":[{"name":"wp","href":"https:\/\/api.w.org\/{rel}","templated":true}]}}