{"id":58922,"date":"2016-03-18T18:57:54","date_gmt":"2016-03-18T21:57:54","guid":{"rendered":"http:\/\/www.unicap.br\/assecom1\/?p=58922"},"modified":"2016-03-18T23:12:40","modified_gmt":"2016-03-19T02:12:40","slug":"nota-oficial-4","status":"publish","type":"post","link":"https:\/\/www1.unicap.br\/assecom1\/nota-oficial-4\/","title":{"rendered":"Nota Oficial"},"content":{"rendered":"<p><a href=\"https:\/\/i1.wp.com\/www1.unicap.br\/assecom1\/wp-content\/uploads\/2016\/03\/bn-rotator-unicap-branco-nota-oficial-740x320-1.jpg?ssl=1\" rel=\"attachment wp-att-58925\"><img data-attachment-id=\"58927\" data-permalink=\"https:\/\/www1.unicap.br\/assecom1\/nota-oficial-4\/bn-rotator-unicap-branco-nota-oficial-740x320-2\/\" data-orig-file=\"https:\/\/i1.wp.com\/www1.unicap.br\/assecom1\/wp-content\/uploads\/2016\/03\/bn-rotator-unicap-branco-nota-oficial-740x320-1.jpg?fit=740%2C320&amp;ssl=1\" data-orig-size=\"740,320\" data-comments-opened=\"1\" data-image-meta=\"{&quot;aperture&quot;:&quot;0&quot;,&quot;credit&quot;:&quot;&quot;,&quot;camera&quot;:&quot;&quot;,&quot;caption&quot;:&quot;&quot;,&quot;created_timestamp&quot;:&quot;0&quot;,&quot;copyright&quot;:&quot;&quot;,&quot;focal_length&quot;:&quot;0&quot;,&quot;iso&quot;:&quot;0&quot;,&quot;shutter_speed&quot;:&quot;0&quot;,&quot;title&quot;:&quot;&quot;,&quot;orientation&quot;:&quot;0&quot;}\" data-image-title=\"bn-rotator-unicap-branco-nota-oficial-740&#215;320\" data-image-description=\"\" data-medium-file=\"https:\/\/i1.wp.com\/www1.unicap.br\/assecom1\/wp-content\/uploads\/2016\/03\/bn-rotator-unicap-branco-nota-oficial-740x320-1.jpg?fit=300%2C130&amp;ssl=1\" data-large-file=\"https:\/\/i1.wp.com\/www1.unicap.br\/assecom1\/wp-content\/uploads\/2016\/03\/bn-rotator-unicap-branco-nota-oficial-740x320-1.jpg?fit=640%2C277&amp;ssl=1\" loading=\"lazy\" class=\"wp-image-58927 size-full aligncenter\" src=\"https:\/\/i1.wp.com\/www1.unicap.br\/assecom1\/wp-content\/uploads\/2016\/03\/bn-rotator-unicap-branco-nota-oficial-740x320-1.jpg?resize=640%2C277&#038;ssl=1\" alt=\"\" srcset=\"https:\/\/i1.wp.com\/www1.unicap.br\/assecom1\/wp-content\/uploads\/2016\/03\/bn-rotator-unicap-branco-nota-oficial-740x320-1.jpg?w=740&amp;ssl=1 740w, https:\/\/i1.wp.com\/www1.unicap.br\/assecom1\/wp-content\/uploads\/2016\/03\/bn-rotator-unicap-branco-nota-oficial-740x320-1.jpg?resize=300%2C130&amp;ssl=1 300w, https:\/\/i1.wp.com\/www1.unicap.br\/assecom1\/wp-content\/uploads\/2016\/03\/bn-rotator-unicap-branco-nota-oficial-740x320-1.jpg?resize=50%2C22&amp;ssl=1 50w\" sizes=\"(max-width: 640px) 100vw, 640px\" data-recalc-dims=\"1\" \/><\/a><\/p>\n<p>A Universidade Cat\u00f3lica de Pernambuco manifesta sua solidariedade com o povo brasileiro neste momento de crise pol\u00edtica e societ\u00e1ria que agrava a crise econ\u00f4mica nacional, afetando, sobretudo os mais empobrecidos.<\/p>\n<p>A Unicap, enquanto comunidade acad\u00eamica, promove o debate cr\u00edtico e aberto, na busca da verdade, respeitando as diferentes opini\u00f5es e op\u00e7\u00f5es pol\u00edticas. Mas, preocupa-nos a fragilidade e desrespeito de nossas institui\u00e7\u00f5es democr\u00e1ticas, a manipula\u00e7\u00e3o e irresponsabilidade da veicula\u00e7\u00e3o de informa\u00e7\u00f5es, a desmoraliza\u00e7\u00e3o dos representantes pol\u00edticos e a amplia\u00e7\u00e3o da crise \u00e9tica.<\/p>\n<p>Os \u00faltimos acontecimentos revelam o descumprimento de regras fundamentais do direito. Acusa\u00e7\u00f5es de parte \u00e0 parte polarizam posi\u00e7\u00f5es e grupos, aumentando o clima de instabilidade e dificultando a busca de uma sa\u00edda democr\u00e1tica. Nas ruas e nas institui\u00e7\u00f5es, os \u00e2nimos est\u00e3o excessivamente acirrados. E, nesse contexto, corremos o risco de fechar os canais de di\u00e1logo essenciais \u00e0 democracia. Todos precisamos dar nossa contribui\u00e7\u00e3o, com tenacidade e lucidez, acreditando que, superadas as tens\u00f5es, queremos ver preservadas as institui\u00e7\u00f5es e o bem comum.<\/p>\n<p>A Universidade Cat\u00f3lica de Pernambuco conclama a comunidade acad\u00eamica a unir esfor\u00e7os para contribuir na supera\u00e7\u00e3o desta crise, reafirmando os princ\u00edpios da \u00e9tica, do Estado democr\u00e1tico de Direito e da justi\u00e7a social.<\/p>\n<p>Padre Pedro Rubens Ferreira Oliveira, S.J<br \/>\nReitor da Unicap<\/p>\n","protected":false},"excerpt":{"rendered":"<p>A Universidade Cat\u00f3lica de Pernambuco manifesta sua solidariedade com o povo brasileiro neste momento de crise pol\u00edtica e societ\u00e1ria que agrava a crise econ\u00f4mica nacional, afetando, sobretudo os mais empobrecidos. A Unicap, enquanto comunidade acad\u00eamica, promove o debate cr\u00edtico e aberto, na busca da verdade, respeitando as diferentes opini\u00f5es e op\u00e7\u00f5es pol\u00edticas. Mas, preocupa-nos a [&hellip;]<\/p>\n","protected":false},"author":2,"featured_media":58927,"comment_status":"open","ping_status":"open","sticky":false,"template":"","format":"standard","meta":[],"categories":[4],"tags":[],"jetpack-related-posts":[],"_links":{"self":[{"href":"https:\/\/www1.unicap.br\/assecom1\/wp-json\/wp\/v2\/posts\/58922"}],"collection":[{"href":"https:\/\/www1.unicap.br\/assecom1\/wp-json\/wp\/v2\/posts"}],"about":[{"href":"https:\/\/www1.unicap.br\/assecom1\/wp-json\/wp\/v2\/types\/post"}],"author":[{"embeddable":true,"href":"https:\/\/www1.unicap.br\/assecom1\/wp-json\/wp\/v2\/users\/2"}],"replies":[{"embeddable":true,"href":"https:\/\/www1.unicap.br\/assecom1\/wp-json\/wp\/v2\/comments?post=58922"}],"version-history":[{"count":7,"href":"https:\/\/www1.unicap.br\/assecom1\/wp-json\/wp\/v2\/posts\/58922\/revisions"}],"predecessor-version":[{"id":58935,"href":"https:\/\/www1.unicap.br\/assecom1\/wp-json\/wp\/v2\/posts\/58922\/revisions\/58935"}],"wp:featuredmedia":[{"embeddable":true,"href":"https:\/\/www1.unicap.br\/assecom1\/wp-json\/wp\/v2\/media\/58927"}],"wp:attachment":[{"href":"https:\/\/www1.unicap.br\/assecom1\/wp-json\/wp\/v2\/media?parent=58922"}],"wp:term":[{"taxonomy":"category","embeddable":true,"href":"https:\/\/www1.unicap.br\/assecom1\/wp-json\/wp\/v2\/categories?post=58922"},{"taxonomy":"post_tag","embeddable":true,"href":"https:\/\/www1.unicap.br\/assecom1\/wp-json\/wp\/v2\/tags?post=58922"}],"curies":[{"name":"wp","href":"https:\/\/api.w.org\/{rel}","templated":true}]}}