{"id":58269,"date":"2016-02-29T19:41:45","date_gmt":"2016-02-29T22:41:45","guid":{"rendered":"http:\/\/www.unicap.br\/assecom1\/?p=58269"},"modified":"2016-02-29T19:42:22","modified_gmt":"2016-02-29T22:42:22","slug":"assistente-do-padre-geral-para-a-america-latina-meridional-visita-a-unicap-e-celebra-missa","status":"publish","type":"post","link":"https:\/\/www1.unicap.br\/assecom1\/assistente-do-padre-geral-para-a-america-latina-meridional-visita-a-unicap-e-celebra-missa\/","title":{"rendered":"Assistente do Padre Geral para a Am\u00e9rica Latina Meridional visita a Unicap e celebra missa"},"content":{"rendered":"<p><img data-attachment-id=\"58271\" data-permalink=\"https:\/\/www1.unicap.br\/assecom1\/assistente-do-padre-geral-para-a-america-latina-meridional-visita-a-unicap-e-celebra-missa\/cruzado-3\/\" data-orig-file=\"https:\/\/i0.wp.com\/www1.unicap.br\/assecom1\/wp-content\/uploads\/2016\/02\/Cruzado-3.jpg?fit=640%2C478&amp;ssl=1\" data-orig-size=\"640,478\" data-comments-opened=\"1\" data-image-meta=\"{&quot;aperture&quot;:&quot;2.8&quot;,&quot;credit&quot;:&quot;&quot;,&quot;camera&quot;:&quot;iPhone 4&quot;,&quot;caption&quot;:&quot;&quot;,&quot;created_timestamp&quot;:&quot;1456769861&quot;,&quot;copyright&quot;:&quot;&quot;,&quot;focal_length&quot;:&quot;3.85&quot;,&quot;iso&quot;:&quot;250&quot;,&quot;shutter_speed&quot;:&quot;0.066666666666667&quot;,&quot;title&quot;:&quot;&quot;,&quot;orientation&quot;:&quot;1&quot;}\" data-image-title=\"Cruzado 3\" data-image-description=\"\" data-medium-file=\"https:\/\/i0.wp.com\/www1.unicap.br\/assecom1\/wp-content\/uploads\/2016\/02\/Cruzado-3.jpg?fit=300%2C224&amp;ssl=1\" data-large-file=\"https:\/\/i0.wp.com\/www1.unicap.br\/assecom1\/wp-content\/uploads\/2016\/02\/Cruzado-3.jpg?fit=640%2C478&amp;ssl=1\" loading=\"lazy\" class=\"alignleft wp-image-58271 size-full\" src=\"https:\/\/i0.wp.com\/www1.unicap.br\/assecom1\/wp-content\/uploads\/2016\/02\/Cruzado-3.jpg?resize=640%2C478&#038;ssl=1\" alt=\"Cruzado 3\" srcset=\"https:\/\/i0.wp.com\/www1.unicap.br\/assecom1\/wp-content\/uploads\/2016\/02\/Cruzado-3.jpg?w=640&amp;ssl=1 640w, https:\/\/i0.wp.com\/www1.unicap.br\/assecom1\/wp-content\/uploads\/2016\/02\/Cruzado-3.jpg?resize=300%2C224&amp;ssl=1 300w, https:\/\/i0.wp.com\/www1.unicap.br\/assecom1\/wp-content\/uploads\/2016\/02\/Cruzado-3.jpg?resize=50%2C37&amp;ssl=1 50w\" sizes=\"(max-width: 640px) 100vw, 640px\" data-recalc-dims=\"1\" \/>A agenda do Padre Miguel Cruzado no Brasil \u00e9 intensa. Em cerca de um m\u00eas, ele visitou as comunidades jesu\u00edtas em Bel\u00e9m, Manaus, Fortaleza, Porto Alegre, S\u00e3o Paulo, Rio de Janeiro e Belo Horizonte. O Assistente do Padre Geral para a Am\u00e9rica Latina Meridional fica dois dias na Unicap e daqui ele seguir\u00e1 para Jo\u00e3o Pessoa de onde partir\u00e1 de volta para Roma.<\/p>\n<p><img data-attachment-id=\"58273\" data-permalink=\"https:\/\/www1.unicap.br\/assecom1\/assistente-do-padre-geral-para-a-america-latina-meridional-visita-a-unicap-e-celebra-missa\/capela-plano-aberto\/\" data-orig-file=\"https:\/\/i1.wp.com\/www1.unicap.br\/assecom1\/wp-content\/uploads\/2016\/02\/Capela-plano-aberto.jpg?fit=640%2C478&amp;ssl=1\" data-orig-size=\"640,478\" data-comments-opened=\"1\" data-image-meta=\"{&quot;aperture&quot;:&quot;2.8&quot;,&quot;credit&quot;:&quot;&quot;,&quot;camera&quot;:&quot;iPhone 4&quot;,&quot;caption&quot;:&quot;&quot;,&quot;created_timestamp&quot;:&quot;1456769756&quot;,&quot;copyright&quot;:&quot;&quot;,&quot;focal_length&quot;:&quot;3.85&quot;,&quot;iso&quot;:&quot;500&quot;,&quot;shutter_speed&quot;:&quot;0.066666666666667&quot;,&quot;title&quot;:&quot;&quot;,&quot;orientation&quot;:&quot;1&quot;}\" data-image-title=\"Capela plano aberto\" data-image-description=\"\" data-medium-file=\"https:\/\/i1.wp.com\/www1.unicap.br\/assecom1\/wp-content\/uploads\/2016\/02\/Capela-plano-aberto.jpg?fit=300%2C224&amp;ssl=1\" data-large-file=\"https:\/\/i1.wp.com\/www1.unicap.br\/assecom1\/wp-content\/uploads\/2016\/02\/Capela-plano-aberto.jpg?fit=640%2C478&amp;ssl=1\" loading=\"lazy\" class=\"alignright size-medium wp-image-58273\" src=\"https:\/\/i1.wp.com\/www1.unicap.br\/assecom1\/wp-content\/uploads\/2016\/02\/Capela-plano-aberto.jpg?resize=300%2C224&#038;ssl=1\" alt=\"Capela plano aberto\" srcset=\"https:\/\/i1.wp.com\/www1.unicap.br\/assecom1\/wp-content\/uploads\/2016\/02\/Capela-plano-aberto.jpg?resize=300%2C224&amp;ssl=1 300w, https:\/\/i1.wp.com\/www1.unicap.br\/assecom1\/wp-content\/uploads\/2016\/02\/Capela-plano-aberto.jpg?resize=50%2C37&amp;ssl=1 50w, https:\/\/i1.wp.com\/www1.unicap.br\/assecom1\/wp-content\/uploads\/2016\/02\/Capela-plano-aberto.jpg?w=640&amp;ssl=1 640w\" sizes=\"(max-width: 300px) 100vw, 300px\" data-recalc-dims=\"1\" \/>Pouco antes de celebrar uma missa na Capela da Unicap, o jesu\u00edta peruano\u00a0falou sobre suas primeiras impress\u00f5es sobre a Universidade. &#8220;\u00c9 um ambiente muito din\u00e2mico e de muitos projetos. H\u00e1 di\u00e1logo com a sociedade e preocupa\u00e7\u00e3o com os mais pobres. Todas as frentes da Miss\u00e3o est\u00e3o aqui&#8221;, disse Cruzado ao ressaltar o sentido apost\u00f3lico, pastoral e espiritual da obra jesu\u00edta em Pernambuco. Amanh\u00e3 (1\u00ba) ele visitar\u00e1 o F\u00e9 e Alegria e o Liceu N\u00f3brega.<\/p>\n<p><img data-attachment-id=\"58272\" data-permalink=\"https:\/\/www1.unicap.br\/assecom1\/assistente-do-padre-geral-para-a-america-latina-meridional-visita-a-unicap-e-celebra-missa\/pe-cruzado\/\" data-orig-file=\"https:\/\/i1.wp.com\/www1.unicap.br\/assecom1\/wp-content\/uploads\/2016\/02\/Pe-Cruzado.jpg?fit=640%2C478&amp;ssl=1\" data-orig-size=\"640,478\" data-comments-opened=\"1\" data-image-meta=\"{&quot;aperture&quot;:&quot;2.8&quot;,&quot;credit&quot;:&quot;&quot;,&quot;camera&quot;:&quot;iPhone 4&quot;,&quot;caption&quot;:&quot;&quot;,&quot;created_timestamp&quot;:&quot;1456769844&quot;,&quot;copyright&quot;:&quot;&quot;,&quot;focal_length&quot;:&quot;3.85&quot;,&quot;iso&quot;:&quot;400&quot;,&quot;shutter_speed&quot;:&quot;0.066666666666667&quot;,&quot;title&quot;:&quot;&quot;,&quot;orientation&quot;:&quot;1&quot;}\" data-image-title=\"Pe Cruzado\" data-image-description=\"\" data-medium-file=\"https:\/\/i1.wp.com\/www1.unicap.br\/assecom1\/wp-content\/uploads\/2016\/02\/Pe-Cruzado.jpg?fit=300%2C224&amp;ssl=1\" data-large-file=\"https:\/\/i1.wp.com\/www1.unicap.br\/assecom1\/wp-content\/uploads\/2016\/02\/Pe-Cruzado.jpg?fit=640%2C478&amp;ssl=1\" loading=\"lazy\" class=\"size-medium wp-image-58272 alignleft\" src=\"https:\/\/i1.wp.com\/www1.unicap.br\/assecom1\/wp-content\/uploads\/2016\/02\/Pe-Cruzado.jpg?resize=300%2C224&#038;ssl=1\" alt=\"Pe Cruzado\" srcset=\"https:\/\/i1.wp.com\/www1.unicap.br\/assecom1\/wp-content\/uploads\/2016\/02\/Pe-Cruzado.jpg?resize=300%2C224&amp;ssl=1 300w, https:\/\/i1.wp.com\/www1.unicap.br\/assecom1\/wp-content\/uploads\/2016\/02\/Pe-Cruzado.jpg?resize=50%2C37&amp;ssl=1 50w, https:\/\/i1.wp.com\/www1.unicap.br\/assecom1\/wp-content\/uploads\/2016\/02\/Pe-Cruzado.jpg?w=640&amp;ssl=1 640w\" sizes=\"(max-width: 300px) 100vw, 300px\" data-recalc-dims=\"1\" \/>Durante a missa co-celebrada pelos outros jesu\u00edtas da comunidade da Unicap, Padre Pedro apresentou padre Cruzado e pediu aos presentes uma salva de palmas para simbolizar a acolhida dele. Durante a eucaristia, Cruzado falou sobre a onipresen\u00e7a de Deus e da tradi\u00e7\u00e3o espiritual da Universidade e de Santo In\u00e1cio de Loyola. &#8220;Deus est\u00e1 nesta Capela, na S\u00edria, em Israel, nos estudos da filosofia e da medicina&#8221;.<\/p>\n<p>Em outro momento, Padre Cruzado falou sobre a confian\u00e7a que se deve ter em Deus e sobre a import\u00e2ncia de defender a onipresen\u00e7a Dele. &#8220;N\u00e3o se deve calar, nem negligenciar as coisas de Deus. N\u00e3o podemos nos calar diante dos preconceitos. Devemos defend\u00ea-lo com humildade, coragem e for\u00e7a&#8221;.<\/p>\n<p>Ao final da eucaristia, Padre Pedro agradeceu a presen\u00e7a do Padre Cruzado e o convidou para uma nova visita. &#8220;Essa foi muito r\u00e1pida. Voc\u00ea pode voltar para ensinar espanhol pra gente. Volte sempre. A casa \u00e9 sua&#8221;.<\/p>\n<div class=\"tiled-gallery type-rectangular tiled-gallery-unresized\" data-original-width=\"640\" data-carousel-extra='{&quot;blog_id&quot;:1,&quot;permalink&quot;:&quot;https:\\\/\\\/www1.unicap.br\\\/assecom1\\\/assistente-do-padre-geral-para-a-america-latina-meridional-visita-a-unicap-e-celebra-missa\\\/&quot;,&quot;likes_blog_id&quot;:205082007}' itemscope itemtype=\"http:\/\/schema.org\/ImageGallery\" > <div class=\"gallery-row\" style=\"width: 640px; height: 385px;\" data-original-width=\"640\" data-original-height=\"385\" > <div class=\"gallery-group images-1\" style=\"width: 393px; height: 385px;\" data-original-width=\"393\" data-original-height=\"385\" > <div class=\"tiled-gallery-item tiled-gallery-item-large\" itemprop=\"associatedMedia\" itemscope itemtype=\"http:\/\/schema.org\/ImageObject\"> <a href=\"https:\/\/www1.unicap.br\/assecom1\/assistente-do-padre-geral-para-a-america-latina-meridional-visita-a-unicap-e-celebra-missa\/cruzado\/\" border=\"0\" itemprop=\"url\"> <meta itemprop=\"width\" content=\"389\"> <meta itemprop=\"height\" content=\"381\"> <img data-attachment-id=\"58274\" data-orig-file=\"https:\/\/www1.unicap.br\/assecom1\/wp-content\/uploads\/2016\/02\/Cruzado-e1456785455635.jpg\" data-orig-size=\"156,153\" data-comments-opened=\"1\" data-image-meta=\"{&quot;aperture&quot;:&quot;2.8&quot;,&quot;credit&quot;:&quot;&quot;,&quot;camera&quot;:&quot;iPhone 4&quot;,&quot;caption&quot;:&quot;&quot;,&quot;created_timestamp&quot;:&quot;1456769858&quot;,&quot;copyright&quot;:&quot;&quot;,&quot;focal_length&quot;:&quot;3.85&quot;,&quot;iso&quot;:&quot;250&quot;,&quot;shutter_speed&quot;:&quot;0.066666666666667&quot;,&quot;title&quot;:&quot;&quot;,&quot;orientation&quot;:&quot;1&quot;}\" data-image-title=\"Cruzado\" data-image-description=\"\" data-medium-file=\"https:\/\/i0.wp.com\/www1.unicap.br\/assecom1\/wp-content\/uploads\/2016\/02\/Cruzado-e1456785455635.jpg?fit=300%2C224&#038;ssl=1\" data-large-file=\"https:\/\/i0.wp.com\/www1.unicap.br\/assecom1\/wp-content\/uploads\/2016\/02\/Cruzado-e1456785455635.jpg?fit=156%2C153&#038;ssl=1\" src=\"https:\/\/i0.wp.com\/www1.unicap.br\/assecom1\/wp-content\/uploads\/2016\/02\/Cruzado-e1456785455635.jpg?w=389&#038;h=381&#038;crop&#038;ssl=1\" width=\"389\" height=\"381\" data-original-width=\"389\" data-original-height=\"381\" itemprop=\"http:\/\/schema.org\/image\" title=\"Cruzado\" alt=\"Cruzado\" style=\"width: 389px; height: 381px;\" \/> <\/a> <\/div> <\/div> <!-- close group --> <div class=\"gallery-group images-2\" style=\"width: 247px; height: 385px;\" data-original-width=\"247\" data-original-height=\"385\" > <div class=\"tiled-gallery-item tiled-gallery-item-small\" itemprop=\"associatedMedia\" itemscope itemtype=\"http:\/\/schema.org\/ImageObject\"> <a href=\"https:\/\/www1.unicap.br\/assecom1\/assistente-do-padre-geral-para-a-america-latina-meridional-visita-a-unicap-e-celebra-missa\/plano-geral\/\" border=\"0\" itemprop=\"url\"> <meta itemprop=\"width\" content=\"243\"> <meta itemprop=\"height\" content=\"181\"> <img data-attachment-id=\"58276\" data-orig-file=\"https:\/\/www1.unicap.br\/assecom1\/wp-content\/uploads\/2016\/02\/Plano-geral.jpg\" data-orig-size=\"640,478\" data-comments-opened=\"1\" data-image-meta=\"{&quot;aperture&quot;:&quot;2.8&quot;,&quot;credit&quot;:&quot;&quot;,&quot;camera&quot;:&quot;iPhone 4&quot;,&quot;caption&quot;:&quot;&quot;,&quot;created_timestamp&quot;:&quot;1456769714&quot;,&quot;copyright&quot;:&quot;&quot;,&quot;focal_length&quot;:&quot;3.85&quot;,&quot;iso&quot;:&quot;400&quot;,&quot;shutter_speed&quot;:&quot;0.066666666666667&quot;,&quot;title&quot;:&quot;&quot;,&quot;orientation&quot;:&quot;1&quot;}\" data-image-title=\"Plano geral\" data-image-description=\"\" data-medium-file=\"https:\/\/i0.wp.com\/www1.unicap.br\/assecom1\/wp-content\/uploads\/2016\/02\/Plano-geral.jpg?fit=300%2C224&#038;ssl=1\" data-large-file=\"https:\/\/i0.wp.com\/www1.unicap.br\/assecom1\/wp-content\/uploads\/2016\/02\/Plano-geral.jpg?fit=640%2C478&#038;ssl=1\" src=\"https:\/\/i0.wp.com\/www1.unicap.br\/assecom1\/wp-content\/uploads\/2016\/02\/Plano-geral.jpg?w=243&#038;h=181&#038;crop&#038;ssl=1\" width=\"243\" height=\"181\" data-original-width=\"243\" data-original-height=\"181\" itemprop=\"http:\/\/schema.org\/image\" title=\"Plano geral\" alt=\"Plano geral\" style=\"width: 243px; height: 181px;\" \/> <\/a> <\/div> <div class=\"tiled-gallery-item tiled-gallery-item-small\" itemprop=\"associatedMedia\" itemscope itemtype=\"http:\/\/schema.org\/ImageObject\"> <a href=\"https:\/\/www1.unicap.br\/assecom1\/assistente-do-padre-geral-para-a-america-latina-meridional-visita-a-unicap-e-celebra-missa\/cruzado-e-pedro\/\" border=\"0\" itemprop=\"url\"> <meta itemprop=\"width\" content=\"243\"> <meta itemprop=\"height\" content=\"196\"> <img data-attachment-id=\"58275\" data-orig-file=\"https:\/\/www1.unicap.br\/assecom1\/wp-content\/uploads\/2016\/02\/Cruzado-e-Pedro.jpg\" data-orig-size=\"640,516\" data-comments-opened=\"1\" data-image-meta=\"{&quot;aperture&quot;:&quot;2.8&quot;,&quot;credit&quot;:&quot;&quot;,&quot;camera&quot;:&quot;iPhone 4&quot;,&quot;caption&quot;:&quot;&quot;,&quot;created_timestamp&quot;:&quot;1456769737&quot;,&quot;copyright&quot;:&quot;&quot;,&quot;focal_length&quot;:&quot;3.85&quot;,&quot;iso&quot;:&quot;640&quot;,&quot;shutter_speed&quot;:&quot;0.066666666666667&quot;,&quot;title&quot;:&quot;&quot;,&quot;orientation&quot;:&quot;0&quot;}\" data-image-title=\"Cruzado e Pedro\" data-image-description=\"\" data-medium-file=\"https:\/\/i0.wp.com\/www1.unicap.br\/assecom1\/wp-content\/uploads\/2016\/02\/Cruzado-e-Pedro.jpg?fit=300%2C242&#038;ssl=1\" data-large-file=\"https:\/\/i0.wp.com\/www1.unicap.br\/assecom1\/wp-content\/uploads\/2016\/02\/Cruzado-e-Pedro.jpg?fit=640%2C516&#038;ssl=1\" src=\"https:\/\/i0.wp.com\/www1.unicap.br\/assecom1\/wp-content\/uploads\/2016\/02\/Cruzado-e-Pedro.jpg?w=243&#038;h=196&#038;crop&#038;ssl=1\" width=\"243\" height=\"196\" data-original-width=\"243\" data-original-height=\"196\" itemprop=\"http:\/\/schema.org\/image\" title=\"Cruzado e Pedro\" alt=\"Cruzado e Pedro\" style=\"width: 243px; height: 196px;\" \/> <\/a> <\/div> <\/div> <!-- close group --> <\/div> <!-- close row --> <\/div>\n","protected":false},"excerpt":{"rendered":"<p>A agenda do Padre Miguel Cruzado no Brasil \u00e9 intensa. Em cerca de um m\u00eas, ele visitou as comunidades jesu\u00edtas em Bel\u00e9m, Manaus, Fortaleza, Porto Alegre, S\u00e3o Paulo, Rio de Janeiro e Belo Horizonte. O Assistente do Padre Geral para a Am\u00e9rica Latina Meridional fica dois dias na Unicap e daqui ele seguir\u00e1 para Jo\u00e3o [&hellip;]<\/p>\n","protected":false},"author":8,"featured_media":58271,"comment_status":"open","ping_status":"open","sticky":false,"template":"","format":"standard","meta":[],"categories":[4],"tags":[],"jetpack-related-posts":[],"_links":{"self":[{"href":"https:\/\/www1.unicap.br\/assecom1\/wp-json\/wp\/v2\/posts\/58269"}],"collection":[{"href":"https:\/\/www1.unicap.br\/assecom1\/wp-json\/wp\/v2\/posts"}],"about":[{"href":"https:\/\/www1.unicap.br\/assecom1\/wp-json\/wp\/v2\/types\/post"}],"author":[{"embeddable":true,"href":"https:\/\/www1.unicap.br\/assecom1\/wp-json\/wp\/v2\/users\/8"}],"replies":[{"embeddable":true,"href":"https:\/\/www1.unicap.br\/assecom1\/wp-json\/wp\/v2\/comments?post=58269"}],"version-history":[{"count":4,"href":"https:\/\/www1.unicap.br\/assecom1\/wp-json\/wp\/v2\/posts\/58269\/revisions"}],"predecessor-version":[{"id":58279,"href":"https:\/\/www1.unicap.br\/assecom1\/wp-json\/wp\/v2\/posts\/58269\/revisions\/58279"}],"wp:featuredmedia":[{"embeddable":true,"href":"https:\/\/www1.unicap.br\/assecom1\/wp-json\/wp\/v2\/media\/58271"}],"wp:attachment":[{"href":"https:\/\/www1.unicap.br\/assecom1\/wp-json\/wp\/v2\/media?parent=58269"}],"wp:term":[{"taxonomy":"category","embeddable":true,"href":"https:\/\/www1.unicap.br\/assecom1\/wp-json\/wp\/v2\/categories?post=58269"},{"taxonomy":"post_tag","embeddable":true,"href":"https:\/\/www1.unicap.br\/assecom1\/wp-json\/wp\/v2\/tags?post=58269"}],"curies":[{"name":"wp","href":"https:\/\/api.w.org\/{rel}","templated":true}]}}