{"id":57587,"date":"2016-01-11T11:30:04","date_gmt":"2016-01-11T14:30:04","guid":{"rendered":"http:\/\/www.unicap.br\/assecom1\/?p=57587"},"modified":"2016-01-12T10:07:03","modified_gmt":"2016-01-12T13:07:03","slug":"incricoes-para-os-cursos-de-ingles-e-espanhol-oferecidos-pelo-nucleo-de-linguas-unicapcna-comecam-no-dia-18","status":"publish","type":"post","link":"https:\/\/www1.unicap.br\/assecom1\/incricoes-para-os-cursos-de-ingles-e-espanhol-oferecidos-pelo-nucleo-de-linguas-unicapcna-comecam-no-dia-18\/","title":{"rendered":"Incri\u00e7\u00f5es para os cursos de ingl\u00eas e espanhol oferecidos pelo N\u00facleo de L\u00ednguas Unicap\/CNA come\u00e7am no dia 18"},"content":{"rendered":"<p><a href=\"https:\/\/i1.wp.com\/www1.unicap.br\/assecom1\/wp-content\/uploads\/2016\/01\/UnicapCNA.jpg?ssl=1\" rel=\"attachment wp-att-57588\"><img data-attachment-id=\"57588\" data-permalink=\"https:\/\/www1.unicap.br\/assecom1\/incricoes-para-os-cursos-de-ingles-e-espanhol-oferecidos-pelo-nucleo-de-linguas-unicapcna-comecam-no-dia-18\/unicapcna\/\" data-orig-file=\"https:\/\/i1.wp.com\/www1.unicap.br\/assecom1\/wp-content\/uploads\/2016\/01\/UnicapCNA.jpg?fit=960%2C960&amp;ssl=1\" data-orig-size=\"960,960\" data-comments-opened=\"1\" data-image-meta=\"{&quot;aperture&quot;:&quot;0&quot;,&quot;credit&quot;:&quot;&quot;,&quot;camera&quot;:&quot;&quot;,&quot;caption&quot;:&quot;&quot;,&quot;created_timestamp&quot;:&quot;0&quot;,&quot;copyright&quot;:&quot;&quot;,&quot;focal_length&quot;:&quot;0&quot;,&quot;iso&quot;:&quot;0&quot;,&quot;shutter_speed&quot;:&quot;0&quot;,&quot;title&quot;:&quot;&quot;,&quot;orientation&quot;:&quot;0&quot;}\" data-image-title=\"UnicapCNA\" data-image-description=\"\" data-medium-file=\"https:\/\/i1.wp.com\/www1.unicap.br\/assecom1\/wp-content\/uploads\/2016\/01\/UnicapCNA.jpg?fit=300%2C300&amp;ssl=1\" data-large-file=\"https:\/\/i1.wp.com\/www1.unicap.br\/assecom1\/wp-content\/uploads\/2016\/01\/UnicapCNA.jpg?fit=640%2C640&amp;ssl=1\" loading=\"lazy\" class=\"alignnone size-full wp-image-57588\" src=\"https:\/\/i1.wp.com\/www1.unicap.br\/assecom1\/wp-content\/uploads\/2016\/01\/UnicapCNA.jpg?resize=640%2C640&#038;ssl=1\" alt=\"UnicapCNA\" srcset=\"https:\/\/i1.wp.com\/www1.unicap.br\/assecom1\/wp-content\/uploads\/2016\/01\/UnicapCNA.jpg?w=960&amp;ssl=1 960w, https:\/\/i1.wp.com\/www1.unicap.br\/assecom1\/wp-content\/uploads\/2016\/01\/UnicapCNA.jpg?resize=150%2C150&amp;ssl=1 150w, https:\/\/i1.wp.com\/www1.unicap.br\/assecom1\/wp-content\/uploads\/2016\/01\/UnicapCNA.jpg?resize=300%2C300&amp;ssl=1 300w, https:\/\/i1.wp.com\/www1.unicap.br\/assecom1\/wp-content\/uploads\/2016\/01\/UnicapCNA.jpg?resize=768%2C768&amp;ssl=1 768w, https:\/\/i1.wp.com\/www1.unicap.br\/assecom1\/wp-content\/uploads\/2016\/01\/UnicapCNA.jpg?resize=50%2C50&amp;ssl=1 50w\" sizes=\"(max-width: 640px) 100vw, 640px\" data-recalc-dims=\"1\" \/><\/a><\/p>\n<p>As inscri\u00e7\u00f5es para aulas de Ingl\u00eas e Espanhol, com foco profissional, do N\u00facleo de L\u00ednguas Universidade Cat\u00f3lica de Pernambuco e\u00a0CNA come\u00e7am no dia 18 de janeiro, na sala 402 do bloco B. As aulas come\u00e7am no dia 15 de fevereiro.<\/p>\n<p>No curso, o aluno ir\u00e1 aprender a fazer palestras em ingl\u00eas ou espanhol sobre a sua \u00e1rea de conhecimento acad\u00eamico e a\u00a0debater os assuntos da sua forma\u00e7\u00e3o acad\u00eamica. As\u00a0aulas s\u00e3o\u00a0para as \u00e1reas de conhecimento, como:\u00a0sa\u00fade, exatas, inform\u00e1tica, jur\u00eddica, comunica\u00e7\u00e3o e preparat\u00f3rios para os exames de Cambridge, dentre outros.<\/p>\n<p>Os cursos s\u00e3o realizados por meio\u00a0de uma metodologia moderna, em esta\u00e7\u00f5es de aprendizagem no FUTURE LAB do curso de Letras da Cat\u00f3lica.<\/p>\n<p>O investimento \u00e9 de 6 parcelas de R$ 180,00 pelo curso (material e matr\u00edcula n\u00e3o est\u00e3o inclusos neste valor).<\/p>\n<p>Informa\u00e7\u00f5es pelo telefone (81) 99986-2521.<\/p>\n","protected":false},"excerpt":{"rendered":"<p>As inscri\u00e7\u00f5es para aulas de Ingl\u00eas e Espanhol, com foco profissional, do N\u00facleo de L\u00ednguas Universidade Cat\u00f3lica de Pernambuco e\u00a0CNA come\u00e7am no dia 18 de janeiro, na sala 402 do bloco B. As aulas come\u00e7am no dia 15 de fevereiro. No curso, o aluno ir\u00e1 aprender a fazer palestras em ingl\u00eas ou espanhol sobre a [&hellip;]<\/p>\n","protected":false},"author":3,"featured_media":56538,"comment_status":"open","ping_status":"open","sticky":false,"template":"","format":"standard","meta":[],"categories":[4],"tags":[],"jetpack-related-posts":[],"_links":{"self":[{"href":"https:\/\/www1.unicap.br\/assecom1\/wp-json\/wp\/v2\/posts\/57587"}],"collection":[{"href":"https:\/\/www1.unicap.br\/assecom1\/wp-json\/wp\/v2\/posts"}],"about":[{"href":"https:\/\/www1.unicap.br\/assecom1\/wp-json\/wp\/v2\/types\/post"}],"author":[{"embeddable":true,"href":"https:\/\/www1.unicap.br\/assecom1\/wp-json\/wp\/v2\/users\/3"}],"replies":[{"embeddable":true,"href":"https:\/\/www1.unicap.br\/assecom1\/wp-json\/wp\/v2\/comments?post=57587"}],"version-history":[{"count":6,"href":"https:\/\/www1.unicap.br\/assecom1\/wp-json\/wp\/v2\/posts\/57587\/revisions"}],"predecessor-version":[{"id":57619,"href":"https:\/\/www1.unicap.br\/assecom1\/wp-json\/wp\/v2\/posts\/57587\/revisions\/57619"}],"wp:featuredmedia":[{"embeddable":true,"href":"https:\/\/www1.unicap.br\/assecom1\/wp-json\/wp\/v2\/media\/56538"}],"wp:attachment":[{"href":"https:\/\/www1.unicap.br\/assecom1\/wp-json\/wp\/v2\/media?parent=57587"}],"wp:term":[{"taxonomy":"category","embeddable":true,"href":"https:\/\/www1.unicap.br\/assecom1\/wp-json\/wp\/v2\/categories?post=57587"},{"taxonomy":"post_tag","embeddable":true,"href":"https:\/\/www1.unicap.br\/assecom1\/wp-json\/wp\/v2\/tags?post=57587"}],"curies":[{"name":"wp","href":"https:\/\/api.w.org\/{rel}","templated":true}]}}